{"id":10441,"date":"2018-01-25T07:41:08","date_gmt":"2018-01-25T06:41:08","guid":{"rendered":"http:\/\/www.abenteuersuechtig.de\/?p=10441"},"modified":"2018-01-25T07:41:08","modified_gmt":"2018-01-25T06:41:08","slug":"der-traum-vom-fliegen-gleitschirmfliegen-b-schein","status":"publish","type":"post","link":"https:\/\/www.abenteuersuechtig.de\/index.php\/der-traum-vom-fliegen-gleitschirmfliegen-b-schein\/","title":{"rendered":"Der Traum vom Fliegen &#8211; Gleitschirmfliegen B-Schein"},"content":{"rendered":"<p><a href=\"https:\/\/www.abenteuersuechtig.de\/wp-content\/uploads\/2017\/05\/IMG_4655.jpg\"><img loading=\"lazy\" decoding=\"async\" class=\"aligncenter size-large wp-image-10409\" src=\"https:\/\/www.abenteuersuechtig.de\/wp-content\/uploads\/2017\/05\/IMG_4655-1024x243.jpg\" alt=\"\" width=\"1024\" height=\"243\" srcset=\"https:\/\/www.abenteuersuechtig.de\/wp-content\/uploads\/2017\/05\/IMG_4655-1024x243.jpg 1024w, https:\/\/www.abenteuersuechtig.de\/wp-content\/uploads\/2017\/05\/IMG_4655-300x71.jpg 300w, https:\/\/www.abenteuersuechtig.de\/wp-content\/uploads\/2017\/05\/IMG_4655-768x182.jpg 768w, https:\/\/www.abenteuersuechtig.de\/wp-content\/uploads\/2017\/05\/IMG_4655-260x62.jpg 260w, https:\/\/www.abenteuersuechtig.de\/wp-content\/uploads\/2017\/05\/IMG_4655-50x12.jpg 50w, https:\/\/www.abenteuersuechtig.de\/wp-content\/uploads\/2017\/05\/IMG_4655-150x36.jpg 150w, https:\/\/www.abenteuersuechtig.de\/wp-content\/uploads\/2017\/05\/IMG_4655.jpg 2000w\" sizes=\"auto, (max-width:767px) 480px, (max-width:1024px) 100vw, 1024px\" \/><\/a><\/p>\n<p>&nbsp;<\/p>\n<p>F\u00fcr mich war der A-Schein die T\u00fcr in eine v\u00f6llig neue Welt. Zum ersten Mal kann ich mir die Zeit nehmen, die Umgebung aus der Vogelperspektive in mich aufzusaugen und richtig zu genie\u00dfen. Beim Fallschirmspringen bin ich mehr damit besch\u00e4ftigt die Gegend permanent nach Hindernissen abzusuchen, in die ich nicht reinkrachen will. Ganz anderer Fokus! \ud83d\ude00<\/p>\n<p>Die Alpen so von oben zu erleben ist schon ein ganz besonderes Erlebnis!&nbsp;<\/p>\n<p>Wof\u00fcr brauche ich da noch den B-Schein? Starten und landen kann ich jetzt doch!&nbsp;<\/p>\n<p>&nbsp;<\/p>\n<h2>B-Schein Modul 1 &#8211; Theorie<\/h2>\n<p>Zuerst muss mal wieder die Schulbank gedr\u00fcckt werden. Gut nur, dass man das im Winter machen kann. So sind wenigstens die Chancen gro\u00df, dass ich keine zwei Wochenenden mit guten Flugbedingungen verpasse! Ich hoffe auf zwei Wochenenden Regen!!!! Letzten Endes auch egal, \u00e4ndern kann ich\u00b4s eh nichts.<\/p>\n<p>Insgesamt warten 15 Einheiten mit je 45 min. darauf, bearbeitet zu werden. Ein gro\u00dfer Brocken davon ist wieder einmal &#8222;Wetterkunde&#8220;. Dieses mal geht es wirklich ans Eingemachte! Aber auch das deutsche und internationale Luftrecht darf neben der Navigation nicht fehlen. Den Luftraum m\u00fcssen wir uns schlie\u00dflich mit allen anderen teilen. Allen voran Flugzeuge, die auf diversen Flugpl\u00e4tzen starten und landen.&nbsp;<\/p>\n<p>Um euch jetzt etwas den Schrecken zu nehmen: Die B-Schein Theorie ist bei weitem nicht so aufw\u00e4ndig, wie die A-Schein Theorie. Insbesondere das Thema Navigation ist &#8211; wenn man es mal verstanden hat &#8211; ganz einfach.&nbsp;<\/p>\n<h2>B-Schein Modul 2 &#8211; Sicherheitstraining<\/h2>\n<p>Hier f\u00e4ngt jetzt der wirklich coole Teil der B-Schein Ausbildung an! Ein Sicherheitstraining ist prinzipiell f\u00fcr jeden Piloten eine sinnvolle Fortbildung. Ich kann nur jedem ans Herz legen, so schnell wie m\u00f6glich nach Abschluss des A-Scheins ein Sicherheitstraining zu besuchen! Die Skills, die ihr hier lernt k\u00f6nnen euch wirklich immer helfen. Ich bin jedenfalls immer heilfroh wenn ich mehr kann als ich brauche. Am Besten ihr packt hier schon euren eigenen Schirm ein. Falls ihr noch keinen eigenen Schirm habt, kein Stress! Im A-Segment sind die Unterschiede zwischen den verschiedenen Schirmen nicht so gro\u00df.&nbsp;&nbsp;<\/p>\n<h3>Gardasee, ich komme!<\/h3>\n<p>Mein Sicherheitstraining habe ich am Gardasee machen k\u00f6nnen. Abgesehen vom guten Essen, kann man hier auch ganz passabel trainieren. Gestartet wird vom Monte Baldo. Oberhalb von Malcesine gelegen, hat man eine grandiose Aussicht auf die Seenlandschaft! Nach ein paar Minuten ist man dann mit ca. 1.000m Luft unterm Hintern \u00fcber dem Gardasee und kann mit den Flugman\u00f6ver starten. Alles wird per Funk vom Boden unterst\u00fctzt. Zus\u00e4tzlich ist beim Sicherheitstraining immer ein Rettungsboot ist auf dem See. Das sammelt euch bei einer Wasserlandung dann ein. Der Schwabe in mir sagt dabei leise: Bezahlt isch&#8217;s eh, dann kannsch&#8217;s au nutza! Also raus mit dem Retter! Mal testen wie der so funktioniert. Dass ihr euch den Schirm so zerschie\u00dft, dass ihr am Retter landen m\u00fcsst ist verdammt schwer. Die Schirme k\u00f6nnen echt einiges ab! Nach gegl\u00fcckter Landung geht es sofort mit dem Bus zur Gondel und wieder rauf. Die Tage sind gef\u00fchlt viel zu schnell vorbei.<\/p>\n<p>Mir gab das Sicherheitstraining so ein verdammt gutes Gef\u00fchl.&nbsp;Der Gewinn an Selbstvertrauen und Sicherheit ist enorm! Zudem macht es einfach sau viel Spa\u00df!<\/p>\n<p>&nbsp;<\/p>\n<div class=\"tiled-gallery type-rectangular tiled-gallery-unresized\" data-original-width=\"1220\" data-carousel-extra='null' itemscope itemtype=\"http:\/\/schema.org\/ImageGallery\" > <div class=\"gallery-row\" style=\"width: 1220px; height: 247px;\" data-original-width=\"1220\" data-original-height=\"247\" > <div class=\"gallery-group images-1\" style=\"width: 187px; height: 247px;\" data-original-width=\"187\" data-original-height=\"247\" > <div class=\"tiled-gallery-item tiled-gallery-item-small\" itemprop=\"associatedMedia\" itemscope itemtype=\"http:\/\/schema.org\/ImageObject\"> <a href=\"https:\/\/i0.wp.com\/www.abenteuersuechtig.de\/wp-content\/uploads\/2017\/05\/IMG_4695.jpg?ssl=1\" border=\"0\" itemprop=\"url\"> <meta itemprop=\"width\" content=\"183\"> <meta itemprop=\"height\" content=\"243\"> <img decoding=\"async\" class=\"\" data-attachment-id=\"10414\" data-orig-file=\"https:\/\/www.abenteuersuechtig.de\/wp-content\/uploads\/2017\/05\/IMG_4695.jpg\" data-orig-size=\"1500,2000\" data-comments-opened=\"1\" data-image-meta=\"{&quot;aperture&quot;:&quot;2.4&quot;,&quot;credit&quot;:&quot;Robert Hofmann&quot;,&quot;camera&quot;:&quot;iPhone 5&quot;,&quot;caption&quot;:&quot;&quot;,&quot;created_timestamp&quot;:&quot;1441642209&quot;,&quot;copyright&quot;:&quot;Robert Hofmann&quot;,&quot;focal_length&quot;:&quot;4.12&quot;,&quot;iso&quot;:&quot;50&quot;,&quot;shutter_speed&quot;:&quot;0.0002&quot;,&quot;title&quot;:&quot;&quot;,&quot;orientation&quot;:&quot;0&quot;}\" data-image-title=\"Startplatz Monte Baldo 1\" data-image-description=\"\" data-medium-file=\"https:\/\/www.abenteuersuechtig.de\/wp-content\/uploads\/2017\/05\/IMG_4695-225x300.jpg\" data-large-file=\"https:\/\/www.abenteuersuechtig.de\/wp-content\/uploads\/2017\/05\/IMG_4695-768x1024.jpg\" src=\"https:\/\/i0.wp.com\/www.abenteuersuechtig.de\/wp-content\/uploads\/2017\/05\/IMG_4695.jpg?w=183&#038;h=243&#038;ssl=1\" srcset=\"https:\/\/www.abenteuersuechtig.de\/wp-content\/uploads\/2017\/05\/IMG_4695.jpg 1500w, https:\/\/www.abenteuersuechtig.de\/wp-content\/uploads\/2017\/05\/IMG_4695-225x300.jpg 225w, https:\/\/www.abenteuersuechtig.de\/wp-content\/uploads\/2017\/05\/IMG_4695-768x1024.jpg 768w, https:\/\/www.abenteuersuechtig.de\/wp-content\/uploads\/2017\/05\/IMG_4695-110x146.jpg 110w, https:\/\/www.abenteuersuechtig.de\/wp-content\/uploads\/2017\/05\/IMG_4695-38x50.jpg 38w, https:\/\/www.abenteuersuechtig.de\/wp-content\/uploads\/2017\/05\/IMG_4695-56x75.jpg 56w, https:\/\/www.abenteuersuechtig.de\/wp-content\/uploads\/2017\/05\/IMG_4695-150x200.jpg 150w\" width=\"183\" height=\"243\" loading=\"lazy\" data-original-width=\"183\" data-original-height=\"243\" itemprop=\"http:\/\/schema.org\/image\" title=\"Startplatz Monte Baldo 1\" alt=\"Startplatz Monte Baldo 1\" style=\"width: 183px; height: 243px;\" \/> <\/a> <div class=\"tiled-gallery-caption\" itemprop=\"caption description\"> Aussicht vom Startplatz Monte Baldo <\/div> <\/div> <\/div> <!-- close group --> <div class=\"gallery-group images-1\" style=\"width: 328px; height: 247px;\" data-original-width=\"328\" data-original-height=\"247\" > <div class=\"tiled-gallery-item tiled-gallery-item-large\" itemprop=\"associatedMedia\" itemscope itemtype=\"http:\/\/schema.org\/ImageObject\"> <a href=\"https:\/\/i0.wp.com\/www.abenteuersuechtig.de\/wp-content\/uploads\/2017\/05\/IMG_4686.jpg?ssl=1\" border=\"0\" itemprop=\"url\"> <meta itemprop=\"width\" content=\"324\"> <meta itemprop=\"height\" content=\"243\"> <img decoding=\"async\" class=\"\" data-attachment-id=\"10413\" data-orig-file=\"https:\/\/www.abenteuersuechtig.de\/wp-content\/uploads\/2017\/05\/IMG_4686.jpg\" data-orig-size=\"2000,1500\" data-comments-opened=\"1\" data-image-meta=\"{&quot;aperture&quot;:&quot;2.4&quot;,&quot;credit&quot;:&quot;Robert Hofmann&quot;,&quot;camera&quot;:&quot;iPhone 5&quot;,&quot;caption&quot;:&quot;&quot;,&quot;created_timestamp&quot;:&quot;1441648635&quot;,&quot;copyright&quot;:&quot;Robert Hofmann&quot;,&quot;focal_length&quot;:&quot;4.12&quot;,&quot;iso&quot;:&quot;50&quot;,&quot;shutter_speed&quot;:&quot;0.000625&quot;,&quot;title&quot;:&quot;&quot;,&quot;orientation&quot;:&quot;0&quot;}\" data-image-title=\"Startplatz Monte Baldo 2\" data-image-description=\"\" data-medium-file=\"https:\/\/www.abenteuersuechtig.de\/wp-content\/uploads\/2017\/05\/IMG_4686-300x225.jpg\" data-large-file=\"https:\/\/www.abenteuersuechtig.de\/wp-content\/uploads\/2017\/05\/IMG_4686-1024x768.jpg\" src=\"https:\/\/i0.wp.com\/www.abenteuersuechtig.de\/wp-content\/uploads\/2017\/05\/IMG_4686.jpg?w=324&#038;h=243&#038;ssl=1\" srcset=\"https:\/\/www.abenteuersuechtig.de\/wp-content\/uploads\/2017\/05\/IMG_4686.jpg 2000w, https:\/\/www.abenteuersuechtig.de\/wp-content\/uploads\/2017\/05\/IMG_4686-300x225.jpg 300w, https:\/\/www.abenteuersuechtig.de\/wp-content\/uploads\/2017\/05\/IMG_4686-768x576.jpg 768w, https:\/\/www.abenteuersuechtig.de\/wp-content\/uploads\/2017\/05\/IMG_4686-1024x768.jpg 1024w, https:\/\/www.abenteuersuechtig.de\/wp-content\/uploads\/2017\/05\/IMG_4686-195x146.jpg 195w, https:\/\/www.abenteuersuechtig.de\/wp-content\/uploads\/2017\/05\/IMG_4686-50x38.jpg 50w, https:\/\/www.abenteuersuechtig.de\/wp-content\/uploads\/2017\/05\/IMG_4686-100x75.jpg 100w, https:\/\/www.abenteuersuechtig.de\/wp-content\/uploads\/2017\/05\/IMG_4686-150x113.jpg 150w\" width=\"324\" height=\"243\" loading=\"lazy\" data-original-width=\"324\" data-original-height=\"243\" itemprop=\"http:\/\/schema.org\/image\" title=\"Startplatz Monte Baldo 2\" alt=\"Startplatz Monte Baldo 2\" style=\"width: 324px; height: 243px;\" \/> <\/a> <div class=\"tiled-gallery-caption\" itemprop=\"caption description\"> Startplatz Monte Baldo <\/div> <\/div> <\/div> <!-- close group --> <div class=\"gallery-group images-1\" style=\"width: 705px; height: 247px;\" data-original-width=\"705\" data-original-height=\"247\" > <div class=\"tiled-gallery-item tiled-gallery-item-large\" itemprop=\"associatedMedia\" itemscope itemtype=\"http:\/\/schema.org\/ImageObject\"> <a href=\"https:\/\/i0.wp.com\/www.abenteuersuechtig.de\/wp-content\/uploads\/2017\/05\/2015-09-07-14.16.13.jpg?ssl=1\" border=\"0\" itemprop=\"url\"> <meta itemprop=\"width\" content=\"701\"> <meta itemprop=\"height\" content=\"243\"> <img decoding=\"async\" class=\"\" data-attachment-id=\"10411\" data-orig-file=\"https:\/\/www.abenteuersuechtig.de\/wp-content\/uploads\/2017\/05\/2015-09-07-14.16.13.jpg\" data-orig-size=\"2000,694\" data-comments-opened=\"1\" data-image-meta=\"{&quot;aperture&quot;:&quot;2.4&quot;,&quot;credit&quot;:&quot;Robert Hofmann&quot;,&quot;camera&quot;:&quot;SM-G800F&quot;,&quot;caption&quot;:&quot;&quot;,&quot;created_timestamp&quot;:&quot;1441635373&quot;,&quot;copyright&quot;:&quot;Robert Hofmann&quot;,&quot;focal_length&quot;:&quot;3.3&quot;,&quot;iso&quot;:&quot;0&quot;,&quot;shutter_speed&quot;:&quot;0&quot;,&quot;title&quot;:&quot;&quot;,&quot;orientation&quot;:&quot;0&quot;}\" data-image-title=\"Startplatz Monte Baldo 3\" data-image-description=\"\" data-medium-file=\"https:\/\/www.abenteuersuechtig.de\/wp-content\/uploads\/2017\/05\/2015-09-07-14.16.13-300x104.jpg\" data-large-file=\"https:\/\/www.abenteuersuechtig.de\/wp-content\/uploads\/2017\/05\/2015-09-07-14.16.13-1024x355.jpg\" src=\"https:\/\/i0.wp.com\/www.abenteuersuechtig.de\/wp-content\/uploads\/2017\/05\/2015-09-07-14.16.13.jpg?w=701&#038;h=243&#038;ssl=1\" srcset=\"https:\/\/www.abenteuersuechtig.de\/wp-content\/uploads\/2017\/05\/2015-09-07-14.16.13.jpg 2000w, https:\/\/www.abenteuersuechtig.de\/wp-content\/uploads\/2017\/05\/2015-09-07-14.16.13-300x104.jpg 300w, https:\/\/www.abenteuersuechtig.de\/wp-content\/uploads\/2017\/05\/2015-09-07-14.16.13-768x266.jpg 768w, https:\/\/www.abenteuersuechtig.de\/wp-content\/uploads\/2017\/05\/2015-09-07-14.16.13-1024x355.jpg 1024w, https:\/\/www.abenteuersuechtig.de\/wp-content\/uploads\/2017\/05\/2015-09-07-14.16.13-260x90.jpg 260w, https:\/\/www.abenteuersuechtig.de\/wp-content\/uploads\/2017\/05\/2015-09-07-14.16.13-50x17.jpg 50w, https:\/\/www.abenteuersuechtig.de\/wp-content\/uploads\/2017\/05\/2015-09-07-14.16.13-150x52.jpg 150w\" width=\"701\" height=\"243\" loading=\"lazy\" data-original-width=\"701\" data-original-height=\"243\" itemprop=\"http:\/\/schema.org\/image\" title=\"Startplatz Monte Baldo 3\" alt=\"Startplatz Monte Baldo 3\" style=\"width: 701px; height: 243px;\" \/> <\/a> <div class=\"tiled-gallery-caption\" itemprop=\"caption description\"> Startplatz mit ausgelegten Schirmen <\/div> <\/div> <\/div> <!-- close group --> <\/div> <!-- close row --> <div class=\"gallery-row\" style=\"width: 1220px; height: 228px;\" data-original-width=\"1220\" data-original-height=\"228\" > <div class=\"gallery-group images-1\" style=\"width: 918px; height: 228px;\" data-original-width=\"918\" data-original-height=\"228\" > <div class=\"tiled-gallery-item tiled-gallery-item-large\" itemprop=\"associatedMedia\" itemscope itemtype=\"http:\/\/schema.org\/ImageObject\"> <a href=\"https:\/\/i0.wp.com\/www.abenteuersuechtig.de\/wp-content\/uploads\/2017\/05\/IMG_4657.jpg?ssl=1\" border=\"0\" itemprop=\"url\"> <meta itemprop=\"width\" content=\"914\"> <meta itemprop=\"height\" content=\"224\"> <img decoding=\"async\" class=\"\" data-attachment-id=\"10410\" data-orig-file=\"https:\/\/www.abenteuersuechtig.de\/wp-content\/uploads\/2017\/05\/IMG_4657.jpg\" data-orig-size=\"2000,490\" data-comments-opened=\"1\" data-image-meta=\"{&quot;aperture&quot;:&quot;2.2&quot;,&quot;credit&quot;:&quot;Robert Hofmann&quot;,&quot;camera&quot;:&quot;iPhone 6 Plus&quot;,&quot;caption&quot;:&quot;&quot;,&quot;created_timestamp&quot;:&quot;1441559442&quot;,&quot;copyright&quot;:&quot;Robert Hofmann&quot;,&quot;focal_length&quot;:&quot;4.15&quot;,&quot;iso&quot;:&quot;32&quot;,&quot;shutter_speed&quot;:&quot;0.00025&quot;,&quot;title&quot;:&quot;&quot;,&quot;orientation&quot;:&quot;0&quot;}\" data-image-title=\"Landeplatz im See\" data-image-description=\"\" data-medium-file=\"https:\/\/www.abenteuersuechtig.de\/wp-content\/uploads\/2017\/05\/IMG_4657-300x74.jpg\" data-large-file=\"https:\/\/www.abenteuersuechtig.de\/wp-content\/uploads\/2017\/05\/IMG_4657-1024x251.jpg\" src=\"https:\/\/i0.wp.com\/www.abenteuersuechtig.de\/wp-content\/uploads\/2017\/05\/IMG_4657.jpg?w=914&#038;h=224&#038;ssl=1\" srcset=\"https:\/\/www.abenteuersuechtig.de\/wp-content\/uploads\/2017\/05\/IMG_4657.jpg 2000w, https:\/\/www.abenteuersuechtig.de\/wp-content\/uploads\/2017\/05\/IMG_4657-300x74.jpg 300w, https:\/\/www.abenteuersuechtig.de\/wp-content\/uploads\/2017\/05\/IMG_4657-768x188.jpg 768w, https:\/\/www.abenteuersuechtig.de\/wp-content\/uploads\/2017\/05\/IMG_4657-1024x251.jpg 1024w, https:\/\/www.abenteuersuechtig.de\/wp-content\/uploads\/2017\/05\/IMG_4657-260x64.jpg 260w, https:\/\/www.abenteuersuechtig.de\/wp-content\/uploads\/2017\/05\/IMG_4657-50x12.jpg 50w, https:\/\/www.abenteuersuechtig.de\/wp-content\/uploads\/2017\/05\/IMG_4657-150x37.jpg 150w\" width=\"914\" height=\"224\" loading=\"lazy\" data-original-width=\"914\" data-original-height=\"224\" itemprop=\"http:\/\/schema.org\/image\" title=\"Landeplatz im See\" alt=\"Landeplatz im See\" style=\"width: 914px; height: 224px;\" \/> <\/a> <div class=\"tiled-gallery-caption\" itemprop=\"caption description\"> Retter trocknen nach der Wasserlandung <\/div> <\/div> <\/div> <!-- close group --> <div class=\"gallery-group images-1\" style=\"width: 302px; height: 228px;\" data-original-width=\"302\" data-original-height=\"228\" > <div class=\"tiled-gallery-item tiled-gallery-item-large\" itemprop=\"associatedMedia\" itemscope itemtype=\"http:\/\/schema.org\/ImageObject\"> <a href=\"https:\/\/i0.wp.com\/www.abenteuersuechtig.de\/wp-content\/uploads\/2017\/05\/IMG_4678.jpg?ssl=1\" border=\"0\" itemprop=\"url\"> <meta itemprop=\"width\" content=\"298\"> <meta itemprop=\"height\" content=\"224\"> <img decoding=\"async\" class=\"\" data-attachment-id=\"10415\" data-orig-file=\"https:\/\/www.abenteuersuechtig.de\/wp-content\/uploads\/2017\/05\/IMG_4678.jpg\" data-orig-size=\"2000,1500\" data-comments-opened=\"1\" data-image-meta=\"{&quot;aperture&quot;:&quot;2.2&quot;,&quot;credit&quot;:&quot;Robert Hofmann&quot;,&quot;camera&quot;:&quot;iPhone 6 Plus&quot;,&quot;caption&quot;:&quot;&quot;,&quot;created_timestamp&quot;:&quot;1441737587&quot;,&quot;copyright&quot;:&quot;Robert Hofmann&quot;,&quot;focal_length&quot;:&quot;4.15&quot;,&quot;iso&quot;:&quot;32&quot;,&quot;shutter_speed&quot;:&quot;0.00285714285714&quot;,&quot;title&quot;:&quot;&quot;,&quot;orientation&quot;:&quot;0&quot;}\" data-image-title=\"Landeplatz Monte Baldo\" data-image-description=\"\" data-medium-file=\"https:\/\/www.abenteuersuechtig.de\/wp-content\/uploads\/2017\/05\/IMG_4678-300x225.jpg\" data-large-file=\"https:\/\/www.abenteuersuechtig.de\/wp-content\/uploads\/2017\/05\/IMG_4678-1024x768.jpg\" src=\"https:\/\/i0.wp.com\/www.abenteuersuechtig.de\/wp-content\/uploads\/2017\/05\/IMG_4678.jpg?w=298&#038;h=224&#038;ssl=1\" srcset=\"https:\/\/www.abenteuersuechtig.de\/wp-content\/uploads\/2017\/05\/IMG_4678.jpg 2000w, https:\/\/www.abenteuersuechtig.de\/wp-content\/uploads\/2017\/05\/IMG_4678-300x225.jpg 300w, https:\/\/www.abenteuersuechtig.de\/wp-content\/uploads\/2017\/05\/IMG_4678-768x576.jpg 768w, https:\/\/www.abenteuersuechtig.de\/wp-content\/uploads\/2017\/05\/IMG_4678-1024x768.jpg 1024w, https:\/\/www.abenteuersuechtig.de\/wp-content\/uploads\/2017\/05\/IMG_4678-195x146.jpg 195w, https:\/\/www.abenteuersuechtig.de\/wp-content\/uploads\/2017\/05\/IMG_4678-50x38.jpg 50w, https:\/\/www.abenteuersuechtig.de\/wp-content\/uploads\/2017\/05\/IMG_4678-100x75.jpg 100w, https:\/\/www.abenteuersuechtig.de\/wp-content\/uploads\/2017\/05\/IMG_4678-150x113.jpg 150w\" width=\"298\" height=\"224\" loading=\"lazy\" data-original-width=\"298\" data-original-height=\"224\" itemprop=\"http:\/\/schema.org\/image\" title=\"Landeplatz Monte Baldo\" alt=\"Landeplatz Monte Baldo\" style=\"width: 298px; height: 224px;\" \/> <\/a> <div class=\"tiled-gallery-caption\" itemprop=\"caption description\"> Landeplatz Monte Baldo <\/div> <\/div> <\/div> <!-- close group --> <\/div> <!-- close row --> <\/div>\n<p>Die ganze Truppe war sichtlich begeistert von der guten Organisation und der fachkr\u00e4ftigen Unterst\u00fctzung!<\/p>\n<p>Einen gro\u00dfen Dank an dieser Stelle an Simon Winkler, Kilian und Michi! Es war mir eine Ehre, von euch zu lernen.<\/p>\n<div class=\"tiled-gallery type-rectangular tiled-gallery-unresized\" data-original-width=\"1220\" data-carousel-extra='null' itemscope itemtype=\"http:\/\/schema.org\/ImageGallery\" > <div class=\"gallery-row\" style=\"width: 1220px; height: 916px;\" data-original-width=\"1220\" data-original-height=\"916\" > <div class=\"gallery-group images-1\" style=\"width: 1220px; height: 916px;\" data-original-width=\"1220\" data-original-height=\"916\" > <div class=\"tiled-gallery-item tiled-gallery-item-large\" itemprop=\"associatedMedia\" itemscope itemtype=\"http:\/\/schema.org\/ImageObject\"> <a href=\"https:\/\/i0.wp.com\/www.abenteuersuechtig.de\/wp-content\/uploads\/2017\/05\/IMG_4690.jpg?ssl=1\" border=\"0\" itemprop=\"url\"> <meta itemprop=\"width\" content=\"1216\"> <meta itemprop=\"height\" content=\"912\"> <img decoding=\"async\" class=\"\" data-attachment-id=\"10416\" data-orig-file=\"https:\/\/www.abenteuersuechtig.de\/wp-content\/uploads\/2017\/05\/IMG_4690.jpg\" data-orig-size=\"2000,1500\" data-comments-opened=\"1\" data-image-meta=\"{&quot;aperture&quot;:&quot;2.4&quot;,&quot;credit&quot;:&quot;Robert Hofmann&quot;,&quot;camera&quot;:&quot;iPhone 5&quot;,&quot;caption&quot;:&quot;&quot;,&quot;created_timestamp&quot;:&quot;1441795770&quot;,&quot;copyright&quot;:&quot;Robert Hofmann&quot;,&quot;focal_length&quot;:&quot;4.12&quot;,&quot;iso&quot;:&quot;50&quot;,&quot;shutter_speed&quot;:&quot;0.00769230769231&quot;,&quot;title&quot;:&quot;&quot;,&quot;orientation&quot;:&quot;0&quot;}\" data-image-title=\"Abschluss B-Schein\" data-image-description=\"\" data-medium-file=\"https:\/\/www.abenteuersuechtig.de\/wp-content\/uploads\/2017\/05\/IMG_4690-300x225.jpg\" data-large-file=\"https:\/\/www.abenteuersuechtig.de\/wp-content\/uploads\/2017\/05\/IMG_4690-1024x768.jpg\" src=\"https:\/\/i0.wp.com\/www.abenteuersuechtig.de\/wp-content\/uploads\/2017\/05\/IMG_4690.jpg?w=1216&#038;h=912&#038;ssl=1\" srcset=\"https:\/\/www.abenteuersuechtig.de\/wp-content\/uploads\/2017\/05\/IMG_4690.jpg 2000w, https:\/\/www.abenteuersuechtig.de\/wp-content\/uploads\/2017\/05\/IMG_4690-300x225.jpg 300w, https:\/\/www.abenteuersuechtig.de\/wp-content\/uploads\/2017\/05\/IMG_4690-768x576.jpg 768w, https:\/\/www.abenteuersuechtig.de\/wp-content\/uploads\/2017\/05\/IMG_4690-1024x768.jpg 1024w, https:\/\/www.abenteuersuechtig.de\/wp-content\/uploads\/2017\/05\/IMG_4690-195x146.jpg 195w, https:\/\/www.abenteuersuechtig.de\/wp-content\/uploads\/2017\/05\/IMG_4690-50x38.jpg 50w, https:\/\/www.abenteuersuechtig.de\/wp-content\/uploads\/2017\/05\/IMG_4690-100x75.jpg 100w, https:\/\/www.abenteuersuechtig.de\/wp-content\/uploads\/2017\/05\/IMG_4690-150x113.jpg 150w\" width=\"1216\" height=\"912\" loading=\"lazy\" data-original-width=\"1216\" data-original-height=\"912\" itemprop=\"http:\/\/schema.org\/image\" title=\"Abschluss B-Schein\" alt=\"B-Schein Sicherheitstraining\" style=\"width: 1216px; height: 912px;\" \/> <\/a> <\/div> <\/div> <!-- close group --> <\/div> <!-- close row --> <\/div>\n<h2>B-Schein Modul 3 &#8211; Streckenseminar<\/h2>\n<p>Das Streckenseminar ist der zweite praktische Baustein in der B-Schein Ausbildung. Kurz zusammengefasst geht es darum Thermik, also aufsteigende Luft, zu finden und zu nutzen. Gespickt mit kleinen Theoriebl\u00f6cken morgens wird hier ganz viel geflogen. Die Fluglehrer sind teils in der Luft, teils am Boden und geben Hilfestellung \u00fcber Funk. Die f\u00fcr den B-Schein notwendigen Fl\u00fcge k\u00f6nnt ihr sicher auch ohne Streckenseminar sammeln. Voraussetzung ist allerdings, dass eure Flugschule euch die Fl\u00fcge best\u00e4tigt. Ich habe es nicht als st\u00f6rend empfunden, das in Form einer Fortbildung zu machen. Es gibt hier sicher aber auch einen g\u00fcnstigeren Weg.<\/p>\n<p>Das Streckenseminar habe ich in Greifenburg gemacht. Die Infrastruktur ist top. Die Flugbedingungen oft sehr gut. Ich mag das Gebiet einfach! Am Ende jeden Tages fand bei uns eine ausf\u00fchrliche Nachbesprechung statt. Gerade diese hat mir &#8211; zusammen mit den kurzen Theoriebl\u00f6cken &#8211; wesentlich geholfen ein besserer Flieger zu werden. Themen einer solchen Nachbesprechung: Wo haben wir Thermiken gefunden? Haben wir sie dort erwartet? Wie hat das zentrieren, also das effiziente Nutzen der Thermik, funktioniert? Was kann besser gemacht werden? Wo haben wir Thermik vermutet und keine gefunden? All diese Fragen helfen, das Thema besser zu verstehen und langfristig ein Gef\u00fchl f\u00fcr das Fliegen zu entwickeln.<\/p>\n<p>Alles in Allem war das Streckenseminar sau interessant und hat richtig viel Spa\u00df gemacht!<\/p>\n<p>Hier ein Track von einem der Streckenfl\u00fcge:&nbsp;<a href=\"http:\/\/doarama.com\/view\/401870\" target=\"_blank\" rel=\"noopener noreferrer\">Streckenflug Greifenburg<\/a><\/p>\n<p>&nbsp;<\/p>\n<div class=\"tiled-gallery type-rectangular tiled-gallery-unresized\" data-original-width=\"1220\" data-carousel-extra='null' itemscope itemtype=\"http:\/\/schema.org\/ImageGallery\" > <div class=\"gallery-row\" style=\"width: 1220px; height: 405px;\" data-original-width=\"1220\" data-original-height=\"405\" > <div class=\"gallery-group images-1\" style=\"width: 305px; height: 405px;\" data-original-width=\"305\" data-original-height=\"405\" > <div class=\"tiled-gallery-item tiled-gallery-item-large\" itemprop=\"associatedMedia\" itemscope itemtype=\"http:\/\/schema.org\/ImageObject\"> <a href=\"https:\/\/i0.wp.com\/www.abenteuersuechtig.de\/wp-content\/uploads\/2017\/05\/GOPR1733.jpg?ssl=1\" border=\"0\" itemprop=\"url\"> <meta itemprop=\"width\" content=\"301\"> <meta itemprop=\"height\" content=\"401\"> <img decoding=\"async\" class=\"\" data-attachment-id=\"10418\" data-orig-file=\"https:\/\/www.abenteuersuechtig.de\/wp-content\/uploads\/2017\/05\/GOPR1733.jpg\" data-orig-size=\"1500,2000\" data-comments-opened=\"1\" data-image-meta=\"{&quot;aperture&quot;:&quot;3.6&quot;,&quot;credit&quot;:&quot;Robert Hofmann&quot;,&quot;camera&quot;:&quot;YHDC5170&quot;,&quot;caption&quot;:&quot;DCIM101GOPRO&quot;,&quot;created_timestamp&quot;:&quot;1436637464&quot;,&quot;copyright&quot;:&quot;Robert Hofmann&quot;,&quot;focal_length&quot;:&quot;5&quot;,&quot;iso&quot;:&quot;100&quot;,&quot;shutter_speed&quot;:&quot;0.002&quot;,&quot;title&quot;:&quot;DCIM101GOPRO&quot;,&quot;orientation&quot;:&quot;0&quot;}\" data-image-title=\"Abheben!\" data-image-description=\"\" data-medium-file=\"https:\/\/www.abenteuersuechtig.de\/wp-content\/uploads\/2017\/05\/GOPR1733-225x300.jpg\" data-large-file=\"https:\/\/www.abenteuersuechtig.de\/wp-content\/uploads\/2017\/05\/GOPR1733-768x1024.jpg\" src=\"https:\/\/i0.wp.com\/www.abenteuersuechtig.de\/wp-content\/uploads\/2017\/05\/GOPR1733.jpg?w=301&#038;h=401&#038;ssl=1\" srcset=\"https:\/\/www.abenteuersuechtig.de\/wp-content\/uploads\/2017\/05\/GOPR1733.jpg 1500w, https:\/\/www.abenteuersuechtig.de\/wp-content\/uploads\/2017\/05\/GOPR1733-225x300.jpg 225w, https:\/\/www.abenteuersuechtig.de\/wp-content\/uploads\/2017\/05\/GOPR1733-768x1024.jpg 768w, https:\/\/www.abenteuersuechtig.de\/wp-content\/uploads\/2017\/05\/GOPR1733-110x146.jpg 110w, https:\/\/www.abenteuersuechtig.de\/wp-content\/uploads\/2017\/05\/GOPR1733-38x50.jpg 38w, https:\/\/www.abenteuersuechtig.de\/wp-content\/uploads\/2017\/05\/GOPR1733-56x75.jpg 56w, https:\/\/www.abenteuersuechtig.de\/wp-content\/uploads\/2017\/05\/GOPR1733-150x200.jpg 150w\" width=\"301\" height=\"401\" loading=\"lazy\" data-original-width=\"301\" data-original-height=\"401\" itemprop=\"http:\/\/schema.org\/image\" title=\"Abheben!\" alt=\"Abheben!\" style=\"width: 301px; height: 401px;\" \/> <\/a> <\/div> <\/div> <!-- close group --> <div class=\"gallery-group images-1\" style=\"width: 305px; height: 405px;\" data-original-width=\"305\" data-original-height=\"405\" > <div class=\"tiled-gallery-item tiled-gallery-item-large\" itemprop=\"associatedMedia\" itemscope itemtype=\"http:\/\/schema.org\/ImageObject\"> <a href=\"https:\/\/i0.wp.com\/www.abenteuersuechtig.de\/wp-content\/uploads\/2017\/05\/GOPR1734.jpg?ssl=1\" border=\"0\" itemprop=\"url\"> <meta itemprop=\"width\" content=\"301\"> <meta itemprop=\"height\" content=\"401\"> <img decoding=\"async\" class=\"\" data-attachment-id=\"10419\" data-orig-file=\"https:\/\/www.abenteuersuechtig.de\/wp-content\/uploads\/2017\/05\/GOPR1734.jpg\" data-orig-size=\"1500,2000\" data-comments-opened=\"1\" data-image-meta=\"{&quot;aperture&quot;:&quot;3.6&quot;,&quot;credit&quot;:&quot;Robert Hofmann&quot;,&quot;camera&quot;:&quot;YHDC5170&quot;,&quot;caption&quot;:&quot;DCIM101GOPRO&quot;,&quot;created_timestamp&quot;:&quot;1436637469&quot;,&quot;copyright&quot;:&quot;Robert Hofmann&quot;,&quot;focal_length&quot;:&quot;5&quot;,&quot;iso&quot;:&quot;100&quot;,&quot;shutter_speed&quot;:&quot;0.00117647058824&quot;,&quot;title&quot;:&quot;DCIM101GOPRO&quot;,&quot;orientation&quot;:&quot;0&quot;}\" data-image-title=\"Oberer Startplatz Greifenburg\" data-image-description=\"\" data-medium-file=\"https:\/\/www.abenteuersuechtig.de\/wp-content\/uploads\/2017\/05\/GOPR1734-225x300.jpg\" data-large-file=\"https:\/\/www.abenteuersuechtig.de\/wp-content\/uploads\/2017\/05\/GOPR1734-768x1024.jpg\" src=\"https:\/\/i0.wp.com\/www.abenteuersuechtig.de\/wp-content\/uploads\/2017\/05\/GOPR1734.jpg?w=301&#038;h=401&#038;ssl=1\" srcset=\"https:\/\/www.abenteuersuechtig.de\/wp-content\/uploads\/2017\/05\/GOPR1734.jpg 1500w, https:\/\/www.abenteuersuechtig.de\/wp-content\/uploads\/2017\/05\/GOPR1734-225x300.jpg 225w, https:\/\/www.abenteuersuechtig.de\/wp-content\/uploads\/2017\/05\/GOPR1734-768x1024.jpg 768w, https:\/\/www.abenteuersuechtig.de\/wp-content\/uploads\/2017\/05\/GOPR1734-110x146.jpg 110w, https:\/\/www.abenteuersuechtig.de\/wp-content\/uploads\/2017\/05\/GOPR1734-38x50.jpg 38w, https:\/\/www.abenteuersuechtig.de\/wp-content\/uploads\/2017\/05\/GOPR1734-56x75.jpg 56w, https:\/\/www.abenteuersuechtig.de\/wp-content\/uploads\/2017\/05\/GOPR1734-150x200.jpg 150w\" width=\"301\" height=\"401\" loading=\"lazy\" data-original-width=\"301\" data-original-height=\"401\" itemprop=\"http:\/\/schema.org\/image\" title=\"Oberer Startplatz Greifenburg\" alt=\"Oberer Startplatz Greifenburg\" style=\"width: 301px; height: 401px;\" \/> <\/a> <\/div> <\/div> <!-- close group --> <div class=\"gallery-group images-1\" style=\"width: 305px; height: 405px;\" data-original-width=\"305\" data-original-height=\"405\" > <div class=\"tiled-gallery-item tiled-gallery-item-large\" itemprop=\"associatedMedia\" itemscope itemtype=\"http:\/\/schema.org\/ImageObject\"> <a href=\"https:\/\/i0.wp.com\/www.abenteuersuechtig.de\/wp-content\/uploads\/2017\/05\/GOPR1787.jpg?ssl=1\" border=\"0\" itemprop=\"url\"> <meta itemprop=\"width\" content=\"301\"> <meta itemprop=\"height\" content=\"401\"> <img decoding=\"async\" class=\"\" data-attachment-id=\"10421\" data-orig-file=\"https:\/\/www.abenteuersuechtig.de\/wp-content\/uploads\/2017\/05\/GOPR1787.jpg\" data-orig-size=\"1500,2000\" data-comments-opened=\"1\" data-image-meta=\"{&quot;aperture&quot;:&quot;3.6&quot;,&quot;credit&quot;:&quot;Robert Hofmann&quot;,&quot;camera&quot;:&quot;YHDC5170&quot;,&quot;caption&quot;:&quot;DCIM101GOPRO&quot;,&quot;created_timestamp&quot;:&quot;1436637734&quot;,&quot;copyright&quot;:&quot;Robert Hofmann&quot;,&quot;focal_length&quot;:&quot;5&quot;,&quot;iso&quot;:&quot;100&quot;,&quot;shutter_speed&quot;:&quot;0.0015625&quot;,&quot;title&quot;:&quot;DCIM101GOPRO&quot;,&quot;orientation&quot;:&quot;0&quot;}\" data-image-title=\"Fliegen \u00fcber Greifenburg\" data-image-description=\"\" data-medium-file=\"https:\/\/www.abenteuersuechtig.de\/wp-content\/uploads\/2017\/05\/GOPR1787-225x300.jpg\" data-large-file=\"https:\/\/www.abenteuersuechtig.de\/wp-content\/uploads\/2017\/05\/GOPR1787-768x1024.jpg\" src=\"https:\/\/i0.wp.com\/www.abenteuersuechtig.de\/wp-content\/uploads\/2017\/05\/GOPR1787.jpg?w=301&#038;h=401&#038;ssl=1\" srcset=\"https:\/\/www.abenteuersuechtig.de\/wp-content\/uploads\/2017\/05\/GOPR1787.jpg 1500w, https:\/\/www.abenteuersuechtig.de\/wp-content\/uploads\/2017\/05\/GOPR1787-225x300.jpg 225w, https:\/\/www.abenteuersuechtig.de\/wp-content\/uploads\/2017\/05\/GOPR1787-768x1024.jpg 768w, https:\/\/www.abenteuersuechtig.de\/wp-content\/uploads\/2017\/05\/GOPR1787-110x146.jpg 110w, https:\/\/www.abenteuersuechtig.de\/wp-content\/uploads\/2017\/05\/GOPR1787-38x50.jpg 38w, https:\/\/www.abenteuersuechtig.de\/wp-content\/uploads\/2017\/05\/GOPR1787-56x75.jpg 56w, https:\/\/www.abenteuersuechtig.de\/wp-content\/uploads\/2017\/05\/GOPR1787-150x200.jpg 150w\" width=\"301\" height=\"401\" loading=\"lazy\" data-original-width=\"301\" data-original-height=\"401\" itemprop=\"http:\/\/schema.org\/image\" title=\"Fliegen \u00fcber Greifenburg\" alt=\"Fliegen \u00fcber Greifenburg\" style=\"width: 301px; height: 401px;\" \/> <\/a> <\/div> <\/div> <!-- close group --> <div class=\"gallery-group images-1\" style=\"width: 305px; height: 405px;\" data-original-width=\"305\" data-original-height=\"405\" > <div class=\"tiled-gallery-item tiled-gallery-item-large\" itemprop=\"associatedMedia\" itemscope itemtype=\"http:\/\/schema.org\/ImageObject\"> <a href=\"https:\/\/i0.wp.com\/www.abenteuersuechtig.de\/wp-content\/uploads\/2017\/05\/GOPR1964.jpg?ssl=1\" border=\"0\" itemprop=\"url\"> <meta itemprop=\"width\" content=\"301\"> <meta itemprop=\"height\" content=\"401\"> <img decoding=\"async\" class=\"\" data-attachment-id=\"10423\" data-orig-file=\"https:\/\/www.abenteuersuechtig.de\/wp-content\/uploads\/2017\/05\/GOPR1964.jpg\" data-orig-size=\"1500,2000\" data-comments-opened=\"1\" data-image-meta=\"{&quot;aperture&quot;:&quot;3.6&quot;,&quot;credit&quot;:&quot;Robert Hofmann&quot;,&quot;camera&quot;:&quot;YHDC5170&quot;,&quot;caption&quot;:&quot;DCIM101GOPRO&quot;,&quot;created_timestamp&quot;:&quot;1436638619&quot;,&quot;copyright&quot;:&quot;Robert Hofmann&quot;,&quot;focal_length&quot;:&quot;5&quot;,&quot;iso&quot;:&quot;100&quot;,&quot;shutter_speed&quot;:&quot;0.001&quot;,&quot;title&quot;:&quot;DCIM101GOPRO&quot;,&quot;orientation&quot;:&quot;0&quot;}\" data-image-title=\"Ab zum Landen!\" data-image-description=\"\" data-medium-file=\"https:\/\/www.abenteuersuechtig.de\/wp-content\/uploads\/2017\/05\/GOPR1964-225x300.jpg\" data-large-file=\"https:\/\/www.abenteuersuechtig.de\/wp-content\/uploads\/2017\/05\/GOPR1964-768x1024.jpg\" src=\"https:\/\/i0.wp.com\/www.abenteuersuechtig.de\/wp-content\/uploads\/2017\/05\/GOPR1964.jpg?w=301&#038;h=401&#038;ssl=1\" srcset=\"https:\/\/www.abenteuersuechtig.de\/wp-content\/uploads\/2017\/05\/GOPR1964.jpg 1500w, https:\/\/www.abenteuersuechtig.de\/wp-content\/uploads\/2017\/05\/GOPR1964-225x300.jpg 225w, https:\/\/www.abenteuersuechtig.de\/wp-content\/uploads\/2017\/05\/GOPR1964-768x1024.jpg 768w, https:\/\/www.abenteuersuechtig.de\/wp-content\/uploads\/2017\/05\/GOPR1964-110x146.jpg 110w, https:\/\/www.abenteuersuechtig.de\/wp-content\/uploads\/2017\/05\/GOPR1964-38x50.jpg 38w, https:\/\/www.abenteuersuechtig.de\/wp-content\/uploads\/2017\/05\/GOPR1964-56x75.jpg 56w, https:\/\/www.abenteuersuechtig.de\/wp-content\/uploads\/2017\/05\/GOPR1964-150x200.jpg 150w\" width=\"301\" height=\"401\" loading=\"lazy\" data-original-width=\"301\" data-original-height=\"401\" itemprop=\"http:\/\/schema.org\/image\" title=\"Ab zum Landen!\" alt=\"Ab zum Landen!\" style=\"width: 301px; height: 401px;\" \/> <\/a> <\/div> <\/div> <!-- close group --> <\/div> <!-- close row --> <\/div>\n<h2>&nbsp;<\/h2>\n<p>Wenn euch jetzt auch das Virus gepackt hat, ruft Michel und sein Team der&nbsp;&nbsp;Flugschule <a href=\"http:\/\/luftikus-flugschule.de\/\">Luftikus<\/a>&nbsp;an. Ich habe dort alle meine Fortbildungen gemacht und kann euch die Truppe nur w\u00e4rmstens ans Herz legen! Ihr d\u00fcrft euch nat\u00fcrlich aber auch immer gerne bei mir melden!<\/p>\n<p>&nbsp;<\/p>\n","protected":false},"excerpt":{"rendered":"<p><span class=\"excerpt-hellip\"> [\u2026]<\/span><\/p>\n","protected":false},"author":10,"featured_media":10416,"comment_status":"open","ping_status":"open","sticky":false,"template":"","format":"standard","meta":{"ngg_post_thumbnail":0,"jetpack_post_was_ever_published":false,"_jetpack_newsletter_access":"","_jetpack_dont_email_post_to_subs":false,"_jetpack_newsletter_tier_id":0,"_jetpack_memberships_contains_paywalled_content":false,"_jetpack_memberships_contains_paid_content":false,"footnotes":""},"categories":[781],"tags":[1107,1043,943,1108,1109,1110,1111],"class_list":["post-10441","post","type-post","status-publish","format-standard","has-post-thumbnail","hentry","category-gleitschirmfliegen","tag-b-schein","tag-gleitschirm","tag-gleitschirmfliegen","tag-sicherheitstraining","tag-streckenflug","tag-streckenseminar","tag-theorie"],"jetpack_featured_media_url":"https:\/\/www.abenteuersuechtig.de\/wp-content\/uploads\/2017\/05\/IMG_4690.jpg","jetpack_shortlink":"https:\/\/wp.me\/p6K39A-2Ip","jetpack_sharing_enabled":true,"_links":{"self":[{"href":"https:\/\/www.abenteuersuechtig.de\/index.php\/wp-json\/wp\/v2\/posts\/10441","targetHints":{"allow":["GET"]}}],"collection":[{"href":"https:\/\/www.abenteuersuechtig.de\/index.php\/wp-json\/wp\/v2\/posts"}],"about":[{"href":"https:\/\/www.abenteuersuechtig.de\/index.php\/wp-json\/wp\/v2\/types\/post"}],"author":[{"embeddable":true,"href":"https:\/\/www.abenteuersuechtig.de\/index.php\/wp-json\/wp\/v2\/users\/10"}],"replies":[{"embeddable":true,"href":"https:\/\/www.abenteuersuechtig.de\/index.php\/wp-json\/wp\/v2\/comments?post=10441"}],"version-history":[{"count":15,"href":"https:\/\/www.abenteuersuechtig.de\/index.php\/wp-json\/wp\/v2\/posts\/10441\/revisions"}],"predecessor-version":[{"id":10946,"href":"https:\/\/www.abenteuersuechtig.de\/index.php\/wp-json\/wp\/v2\/posts\/10441\/revisions\/10946"}],"wp:featuredmedia":[{"embeddable":true,"href":"https:\/\/www.abenteuersuechtig.de\/index.php\/wp-json\/wp\/v2\/media\/10416"}],"wp:attachment":[{"href":"https:\/\/www.abenteuersuechtig.de\/index.php\/wp-json\/wp\/v2\/media?parent=10441"}],"wp:term":[{"taxonomy":"category","embeddable":true,"href":"https:\/\/www.abenteuersuechtig.de\/index.php\/wp-json\/wp\/v2\/categories?post=10441"},{"taxonomy":"post_tag","embeddable":true,"href":"https:\/\/www.abenteuersuechtig.de\/index.php\/wp-json\/wp\/v2\/tags?post=10441"}],"curies":[{"name":"wp","href":"https:\/\/api.w.org\/{rel}","templated":true}]}}