{"id":12640,"date":"2022-02-14T17:44:11","date_gmt":"2022-02-14T16:44:11","guid":{"rendered":"https:\/\/www.abenteuersuechtig.de\/?p=12640"},"modified":"2022-02-14T17:44:11","modified_gmt":"2022-02-14T16:44:11","slug":"einstieg-ins-skitouren-katrins-erste-skitour","status":"publish","type":"post","link":"https:\/\/www.abenteuersuechtig.de\/index.php\/einstieg-ins-skitouren-katrins-erste-skitour\/","title":{"rendered":"Einstieg ins Skitouren &#8211; Katrins erste Skitour"},"content":{"rendered":"\r\n<h2>Prolog<\/h2>\r\n<p>Wir geben zu, der Artikel zur Katrins ersten Skitour sollte schon letzte Saison erscheinen, ist dann allerdings aufgrund des super Winters im Schwarzwald und den vielen Touren aus Zeitgr\u00fcnden verschoben worden und im Fr\u00fchling muss man das ja auch nicht mehr posten\u2026 \ud83d\ude09<\/p>\r\n\r\n\r\n\r\n<p>Der Artikel ist mal wieder von Katrin, Flos Freundin, geschrieben, welche immer mal wieder als Gastautorin bei uns schreibt. Meist liegt das daran, dass sich Flo eher auf das fotografieren fokussiert.<\/p>\r\n\r\n\r\n\r\n<p>Seit ich Flo kenne habe ich diesem Tag entgegengefiebert\u2026 Endlich mit auf Skitour gehen.<\/p>\r\n\r\n\r\n\r\n<p>Vor drei Jahre, im Winter 2017, begann mein Wintersportleben. Durch eine liebe Freundin, die mich zugegebenen Ma\u00dfen erst ein bisschen \u00fcberreden musste. Nach einem etwas ungl\u00fccklichen Start, ein Tag Skikurs auf dem Feldberg bei Dauerregen, hatte uns das Fieber gepackt und wir nutzten jede Gelegenheit um auf die Skier zu kommen.<\/p>\r\n\r\n\r\n\r\n<p>Da ich im Sommer gerne zum Wandern in den Bergen unterwegs bin, war es eine logische Konsequenz, dass mich auch bald das Skitouren gehen reizte. Allerdings hatte ich um ehrlich zu sein keine Ahnung davon, was das bedeutet. Mir gefiel einfach die Vorstellung mit meinen Skiern den Berg hinaufzusteigen, statt mit dem Lift zu fahren und dann abzufahren. Dies alles ohne das l\u00e4stige Anstehen und die \u00fcberf\u00fcllten Pisten.<\/p>\r\n\r\n\r\n\r\n<p>Als Flo dann in mein Leben trat kam ich das erst Mal \u201erichtig\u201c mit dem Skitouren gehen und einem Skitoureng\u00e4nger in Ber\u00fchrung. Mir wurde schnell bewusst, dass das alles nicht so einfach ist, wie ich mir das vorgestellt hatte. Erstrecht als relativer Skineuling.<\/p>\r\n<div class=\"tiled-gallery type-rectangular tiled-gallery-unresized\" data-original-width=\"1220\" data-carousel-extra='null' itemscope itemtype=\"http:\/\/schema.org\/ImageGallery\" > <div class=\"gallery-row\" style=\"width: 1220px; height: 535px;\" data-original-width=\"1220\" data-original-height=\"535\" > <div class=\"gallery-group images-1\" style=\"width: 817px; height: 535px;\" data-original-width=\"817\" data-original-height=\"535\" > <div class=\"tiled-gallery-item tiled-gallery-item-large\" itemprop=\"associatedMedia\" itemscope itemtype=\"http:\/\/schema.org\/ImageObject\"> <a href=\"https:\/\/www.abenteuersuechtig.de\/skitouren-schwarzwald-16\/\" border=\"0\" itemprop=\"url\"> <meta itemprop=\"width\" content=\"813\"> <meta itemprop=\"height\" content=\"531\"> <img decoding=\"async\" class=\"\" data-attachment-id=\"12644\" data-orig-file=\"https:\/\/www.abenteuersuechtig.de\/wp-content\/uploads\/2022\/02\/Skitouren-Schwarzwald-16.jpg\" data-orig-size=\"2000,1306\" data-comments-opened=\"1\" data-image-meta=\"{&quot;aperture&quot;:&quot;0&quot;,&quot;credit&quot;:&quot;&quot;,&quot;camera&quot;:&quot;&quot;,&quot;caption&quot;:&quot;&quot;,&quot;created_timestamp&quot;:&quot;1609322260&quot;,&quot;copyright&quot;:&quot;&quot;,&quot;focal_length&quot;:&quot;0&quot;,&quot;iso&quot;:&quot;0&quot;,&quot;shutter_speed&quot;:&quot;0&quot;,&quot;title&quot;:&quot;&quot;,&quot;orientation&quot;:&quot;0&quot;}\" data-image-title=\"Katrins erste Schritte auf Skitour im Schwarzwald\" data-image-description=\"\" data-medium-file=\"https:\/\/www.abenteuersuechtig.de\/wp-content\/uploads\/2022\/02\/Skitouren-Schwarzwald-16-300x196.jpg\" data-large-file=\"https:\/\/www.abenteuersuechtig.de\/wp-content\/uploads\/2022\/02\/Skitouren-Schwarzwald-16-1024x669.jpg\" src=\"https:\/\/i0.wp.com\/www.abenteuersuechtig.de\/wp-content\/uploads\/2022\/02\/Skitouren-Schwarzwald-16.jpg?w=813&#038;h=531&#038;ssl=1\" srcset=\"https:\/\/www.abenteuersuechtig.de\/wp-content\/uploads\/2022\/02\/Skitouren-Schwarzwald-16.jpg 2000w, https:\/\/www.abenteuersuechtig.de\/wp-content\/uploads\/2022\/02\/Skitouren-Schwarzwald-16-300x196.jpg 300w, https:\/\/www.abenteuersuechtig.de\/wp-content\/uploads\/2022\/02\/Skitouren-Schwarzwald-16-1024x669.jpg 1024w, https:\/\/www.abenteuersuechtig.de\/wp-content\/uploads\/2022\/02\/Skitouren-Schwarzwald-16-768x502.jpg 768w, https:\/\/www.abenteuersuechtig.de\/wp-content\/uploads\/2022\/02\/Skitouren-Schwarzwald-16-1536x1003.jpg 1536w, https:\/\/www.abenteuersuechtig.de\/wp-content\/uploads\/2022\/02\/Skitouren-Schwarzwald-16-224x146.jpg 224w, https:\/\/www.abenteuersuechtig.de\/wp-content\/uploads\/2022\/02\/Skitouren-Schwarzwald-16-50x33.jpg 50w, https:\/\/www.abenteuersuechtig.de\/wp-content\/uploads\/2022\/02\/Skitouren-Schwarzwald-16-115x75.jpg 115w, https:\/\/www.abenteuersuechtig.de\/wp-content\/uploads\/2022\/02\/Skitouren-Schwarzwald-16-150x98.jpg 150w\" width=\"813\" height=\"531\" loading=\"lazy\" data-original-width=\"813\" data-original-height=\"531\" itemprop=\"http:\/\/schema.org\/image\" title=\"Katrins erste Schritte auf Skitour im Schwarzwald\" alt=\"Katrins erste Schritte auf Skitour im Schwarzwald\" style=\"width: 813px; height: 531px;\" \/> <\/a> <div class=\"tiled-gallery-caption\" itemprop=\"caption description\"> Katrins erste Schritte auf Skitour im Schwarzwald <\/div> <\/div> <\/div> <!-- close group --> <div class=\"gallery-group images-2\" style=\"width: 403px; height: 535px;\" data-original-width=\"403\" data-original-height=\"535\" > <div class=\"tiled-gallery-item tiled-gallery-item-large\" itemprop=\"associatedMedia\" itemscope itemtype=\"http:\/\/schema.org\/ImageObject\"> <a href=\"https:\/\/www.abenteuersuechtig.de\/skitouren-schwarzwald-56\/\" border=\"0\" itemprop=\"url\"> <meta itemprop=\"width\" content=\"399\"> <meta itemprop=\"height\" content=\"266\"> <img decoding=\"async\" class=\"\" data-attachment-id=\"12647\" data-orig-file=\"https:\/\/www.abenteuersuechtig.de\/wp-content\/uploads\/2022\/02\/Skitouren-Schwarzwald-56.jpg\" data-orig-size=\"2000,1333\" data-comments-opened=\"1\" data-image-meta=\"{&quot;aperture&quot;:&quot;0&quot;,&quot;credit&quot;:&quot;&quot;,&quot;camera&quot;:&quot;&quot;,&quot;caption&quot;:&quot;&quot;,&quot;created_timestamp&quot;:&quot;1610786696&quot;,&quot;copyright&quot;:&quot;&quot;,&quot;focal_length&quot;:&quot;0&quot;,&quot;iso&quot;:&quot;0&quot;,&quot;shutter_speed&quot;:&quot;0&quot;,&quot;title&quot;:&quot;&quot;,&quot;orientation&quot;:&quot;0&quot;}\" data-image-title=\"Schwarzwald Wintertraum\" data-image-description=\"\" data-medium-file=\"https:\/\/www.abenteuersuechtig.de\/wp-content\/uploads\/2022\/02\/Skitouren-Schwarzwald-56-300x200.jpg\" data-large-file=\"https:\/\/www.abenteuersuechtig.de\/wp-content\/uploads\/2022\/02\/Skitouren-Schwarzwald-56-1024x682.jpg\" src=\"https:\/\/i0.wp.com\/www.abenteuersuechtig.de\/wp-content\/uploads\/2022\/02\/Skitouren-Schwarzwald-56.jpg?w=399&#038;h=266&#038;ssl=1\" srcset=\"https:\/\/www.abenteuersuechtig.de\/wp-content\/uploads\/2022\/02\/Skitouren-Schwarzwald-56.jpg 2000w, https:\/\/www.abenteuersuechtig.de\/wp-content\/uploads\/2022\/02\/Skitouren-Schwarzwald-56-300x200.jpg 300w, https:\/\/www.abenteuersuechtig.de\/wp-content\/uploads\/2022\/02\/Skitouren-Schwarzwald-56-1024x682.jpg 1024w, https:\/\/www.abenteuersuechtig.de\/wp-content\/uploads\/2022\/02\/Skitouren-Schwarzwald-56-768x512.jpg 768w, https:\/\/www.abenteuersuechtig.de\/wp-content\/uploads\/2022\/02\/Skitouren-Schwarzwald-56-1536x1024.jpg 1536w, https:\/\/www.abenteuersuechtig.de\/wp-content\/uploads\/2022\/02\/Skitouren-Schwarzwald-56-219x146.jpg 219w, https:\/\/www.abenteuersuechtig.de\/wp-content\/uploads\/2022\/02\/Skitouren-Schwarzwald-56-50x33.jpg 50w, https:\/\/www.abenteuersuechtig.de\/wp-content\/uploads\/2022\/02\/Skitouren-Schwarzwald-56-113x75.jpg 113w, https:\/\/www.abenteuersuechtig.de\/wp-content\/uploads\/2022\/02\/Skitouren-Schwarzwald-56-150x100.jpg 150w\" width=\"399\" height=\"266\" loading=\"lazy\" data-original-width=\"399\" data-original-height=\"266\" itemprop=\"http:\/\/schema.org\/image\" title=\"Schwarzwald Wintertraum\" alt=\"Schwarzwald Wintertraum\" style=\"width: 399px; height: 266px;\" \/> <\/a> <div class=\"tiled-gallery-caption\" itemprop=\"caption description\"> Schwarzwald Wintertraum <\/div> <\/div> <div class=\"tiled-gallery-item tiled-gallery-item-large\" itemprop=\"associatedMedia\" itemscope itemtype=\"http:\/\/schema.org\/ImageObject\"> <a href=\"https:\/\/www.abenteuersuechtig.de\/skitouren-schwarzwald-26\/\" border=\"0\" itemprop=\"url\"> <meta itemprop=\"width\" content=\"399\"> <meta itemprop=\"height\" content=\"261\"> <img decoding=\"async\" class=\"\" data-attachment-id=\"12646\" data-orig-file=\"https:\/\/www.abenteuersuechtig.de\/wp-content\/uploads\/2022\/02\/Skitouren-Schwarzwald-26.jpg\" data-orig-size=\"2000,1306\" data-comments-opened=\"1\" data-image-meta=\"{&quot;aperture&quot;:&quot;0&quot;,&quot;credit&quot;:&quot;&quot;,&quot;camera&quot;:&quot;&quot;,&quot;caption&quot;:&quot;&quot;,&quot;created_timestamp&quot;:&quot;1609407244&quot;,&quot;copyright&quot;:&quot;&quot;,&quot;focal_length&quot;:&quot;0&quot;,&quot;iso&quot;:&quot;0&quot;,&quot;shutter_speed&quot;:&quot;0&quot;,&quot;title&quot;:&quot;&quot;,&quot;orientation&quot;:&quot;0&quot;}\" data-image-title=\"Aufstieg Richtung Feldberg\" data-image-description=\"\" data-medium-file=\"https:\/\/www.abenteuersuechtig.de\/wp-content\/uploads\/2022\/02\/Skitouren-Schwarzwald-26-300x196.jpg\" data-large-file=\"https:\/\/www.abenteuersuechtig.de\/wp-content\/uploads\/2022\/02\/Skitouren-Schwarzwald-26-1024x669.jpg\" src=\"https:\/\/i0.wp.com\/www.abenteuersuechtig.de\/wp-content\/uploads\/2022\/02\/Skitouren-Schwarzwald-26.jpg?w=399&#038;h=261&#038;ssl=1\" srcset=\"https:\/\/www.abenteuersuechtig.de\/wp-content\/uploads\/2022\/02\/Skitouren-Schwarzwald-26.jpg 2000w, https:\/\/www.abenteuersuechtig.de\/wp-content\/uploads\/2022\/02\/Skitouren-Schwarzwald-26-300x196.jpg 300w, https:\/\/www.abenteuersuechtig.de\/wp-content\/uploads\/2022\/02\/Skitouren-Schwarzwald-26-1024x669.jpg 1024w, https:\/\/www.abenteuersuechtig.de\/wp-content\/uploads\/2022\/02\/Skitouren-Schwarzwald-26-768x502.jpg 768w, https:\/\/www.abenteuersuechtig.de\/wp-content\/uploads\/2022\/02\/Skitouren-Schwarzwald-26-1536x1003.jpg 1536w, https:\/\/www.abenteuersuechtig.de\/wp-content\/uploads\/2022\/02\/Skitouren-Schwarzwald-26-224x146.jpg 224w, https:\/\/www.abenteuersuechtig.de\/wp-content\/uploads\/2022\/02\/Skitouren-Schwarzwald-26-50x33.jpg 50w, https:\/\/www.abenteuersuechtig.de\/wp-content\/uploads\/2022\/02\/Skitouren-Schwarzwald-26-115x75.jpg 115w, https:\/\/www.abenteuersuechtig.de\/wp-content\/uploads\/2022\/02\/Skitouren-Schwarzwald-26-150x98.jpg 150w\" width=\"399\" height=\"261\" loading=\"lazy\" data-original-width=\"399\" data-original-height=\"261\" itemprop=\"http:\/\/schema.org\/image\" title=\"Aufstieg Richtung Feldberg\" alt=\"Aufstieg Richtung Feldberg\" style=\"width: 399px; height: 261px;\" \/> <\/a> <div class=\"tiled-gallery-caption\" itemprop=\"caption description\"> Aufstieg Richtung Feldberg <\/div> <\/div> <\/div> <!-- close group --> <\/div> <!-- close row --> <\/div>\r\n<h2>Erste Schritte auf Skitour<\/h2>\r\n\r\n\r\n\r\n<p>Am 5.12.2020 sollte es dann endlich so weit sein. Flo war bereit mich auf meine erste Skitour mitzunehmen. Ich war \u00fcbergl\u00fccklich und nat\u00fcrlich auch ein bisschen aufgeregt.<\/p>\r\n\r\n\r\n\r\n<p>Wir starteten mit Robert und Urs, die mich liebenswerter Weise mit LVS-Set und Skiausr\u00fcstung ausstatteten, am Feldbergpass. Nach einer kurzen Einweisung in das LVS-Ger\u00e4t ging es los.<\/p>\r\n\r\n\r\n\r\n<p>\u2026Dachte ich! Aber bevor die Skier angeschnallt werden, m\u00fcssen ja zun\u00e4chst die Felle aufgezogen werden. Als blutiger Anf\u00e4nger gar kein so einfaches Unterfangen!<\/p>\r\n\r\n\r\n\r\n<p>Dann folgten die ersten Schritte bergauf. Nach einer kurzen Phase des Eingroovens lief es dann auch recht flott rund. Das war ja auch der Teil der mir am wenigsten Sorgen bereitete, ich war mir relativ sicher, dass ich gut auf den Berg kommen w\u00fcrde. Nur runter musste ich ja auch wieder\u2026<\/p>\r\n\r\n\r\n\r\n<p>Ich war begeistert wir zogen die ersten Spuren in den neuen Schnee und stiegen langsam aber stetig hinauf Richtung Herzogenhorn. Ich lernte, dass man seine Spur so legen soll, dass man m\u00f6glichst eine konstante Steigung hat, um die Kr\u00e4fte gut einteilen zu k\u00f6nnen; schlie\u00dflich braucht man ja, vor allem als Anf\u00e4nger, auch noch gen\u00fcgend Kraft und Energie f\u00fcr die Abfahrt.<\/p>\r\n\r\n\r\n\r\n<p>Nach nur wenigen H\u00f6henmetern er\u00f6ffnete sich uns der erste gigantische Blick. Ein Farbenspiel am Himmel, wie ich es noch nie zuvor gesehen hatte, atemberaubend! Ich dachte so etwas kann man nur im hohen Norden sehen<\/p>\r\n\r\n\r\n\r\n<p>1,5 Stunden sp\u00e4ter war es dann so weit! Ich hatte meinen ersten Gipfel mit Skiern bestiegen. Wir waren auf dem Herzogenhorn angekommen und wurden mit einer traumhaften Aussicht belohnt!<\/p>\r\n<div id=\"attachment_12653\" style=\"width: 160px\" class=\"wp-caption alignleft\"><a href=\"https:\/\/www.abenteuersuechtig.de\/wp-content\/uploads\/2022\/02\/Skitouren-Schwarzwald-2.jpg\"><img loading=\"lazy\" decoding=\"async\" aria-describedby=\"caption-attachment-12653\" class=\"size-thumbnail wp-image-12653\" src=\"https:\/\/www.abenteuersuechtig.de\/wp-content\/uploads\/2022\/02\/Skitouren-Schwarzwald-2-150x150.jpg\" alt=\"\" width=\"150\" height=\"150\" srcset=\"https:\/\/www.abenteuersuechtig.de\/wp-content\/uploads\/2022\/02\/Skitouren-Schwarzwald-2-150x150.jpg 150w, https:\/\/www.abenteuersuechtig.de\/wp-content\/uploads\/2022\/02\/Skitouren-Schwarzwald-2-85x85.jpg 85w, https:\/\/www.abenteuersuechtig.de\/wp-content\/uploads\/2022\/02\/Skitouren-Schwarzwald-2-80x80.jpg 80w\" sizes=\"auto, (max-width:767px) 150px, 150px\" \/><\/a><p id=\"caption-attachment-12653\" class=\"wp-caption-text\">Mal wieder Felle unter den Ski<\/p><\/div>\r\n<div id=\"attachment_12648\" style=\"width: 160px\" class=\"wp-caption alignleft\"><a href=\"https:\/\/www.abenteuersuechtig.de\/wp-content\/uploads\/2022\/02\/Skitouren-Schwarzwald-110.jpg\"><img loading=\"lazy\" decoding=\"async\" aria-describedby=\"caption-attachment-12648\" class=\"size-thumbnail wp-image-12648\" src=\"https:\/\/www.abenteuersuechtig.de\/wp-content\/uploads\/2022\/02\/Skitouren-Schwarzwald-110-150x150.jpg\" alt=\"\" width=\"150\" height=\"150\" srcset=\"https:\/\/www.abenteuersuechtig.de\/wp-content\/uploads\/2022\/02\/Skitouren-Schwarzwald-110-150x150.jpg 150w, https:\/\/www.abenteuersuechtig.de\/wp-content\/uploads\/2022\/02\/Skitouren-Schwarzwald-110-85x85.jpg 85w, https:\/\/www.abenteuersuechtig.de\/wp-content\/uploads\/2022\/02\/Skitouren-Schwarzwald-110-80x80.jpg 80w\" sizes=\"auto, (max-width:767px) 150px, 150px\" \/><\/a><p id=\"caption-attachment-12648\" class=\"wp-caption-text\">Aufstieg Richtung Spiessh\u00f6rner<\/p><\/div>\r\n\r\n\r\n\r\n<h2>&nbsp;<\/h2>\r\n<h2>&nbsp;<\/h2>\r\n<h2>&nbsp;<\/h2>\r\n<h2>&nbsp;<\/h2>\r\n<h2>Abfahrtsangst besiegen<\/h2>\r\n<p>Dann aber zeigte sich die Kehrseite des Skitourengehens\u2026 Nichts mit wir fahren jetzt schnell ab\u2026 Die Felle m\u00fcssen ja erstmal wieder runter\u2026 Und die Kleidung muss angepasst werden. F\u00fcr einen Anf\u00e4nger wie mich tats\u00e4chlich eine kleine Herausforderung. Etwas ungeschickt und verplant begann ich die Felle abzuziehen, meinen Rucksack mindestens zweimal ein- und auszupacken, da ich irgendetwas vergessen hatte. Schlie\u00dflich war auch ich soweit und wir konnten unsere Abfahrt Richtung Bernau starten. Ich war etwas angespannt und hoffte insgeheim, dass ich mich nicht allzu sehr blamieren w\u00fcrde. Die ersten Meter gingen gut, dann passierte es, der erste Sturz. Aber ich versuchte es ganz gelassen zu nehmen, aufstehen weiterfahren. Die gro\u00dfe Herausforderung war f\u00fcr mich die geringe Schneeh\u00f6he, die dazu f\u00fchrte, dass man recht schnell reagieren musste, wenn Steine o.\u00c4. im Weg liegen. Wir kamen immer Tiefer und die Schneeh\u00f6he lie\u00df merklich nach, so dass wir irgendwann abbrechen mussten und umkehrten. Mittlerweile wusste ich was das bedeutet\u2026 Felle wieder rauf, Kleidung und Helm wieder aus, Rucksack neu packen, nichts liegen lassen oder verlieren.<\/p>\r\n<div id=\"attachment_12652\" style=\"width: 160px\" class=\"wp-caption alignleft\"><a href=\"https:\/\/www.abenteuersuechtig.de\/wp-content\/uploads\/2022\/02\/20210124_141321.jpg\"><img loading=\"lazy\" decoding=\"async\" aria-describedby=\"caption-attachment-12652\" class=\"size-thumbnail wp-image-12652\" src=\"https:\/\/www.abenteuersuechtig.de\/wp-content\/uploads\/2022\/02\/20210124_141321-150x150.jpg\" alt=\"\" width=\"150\" height=\"150\" srcset=\"https:\/\/www.abenteuersuechtig.de\/wp-content\/uploads\/2022\/02\/20210124_141321-150x150.jpg 150w, https:\/\/www.abenteuersuechtig.de\/wp-content\/uploads\/2022\/02\/20210124_141321-85x85.jpg 85w, https:\/\/www.abenteuersuechtig.de\/wp-content\/uploads\/2022\/02\/20210124_141321-80x80.jpg 80w\" sizes=\"auto, (max-width:767px) 150px, 150px\" \/><\/a><p id=\"caption-attachment-12652\" class=\"wp-caption-text\">&#8230;nach unten noch nicht so<\/p><\/div>\r\n<div id=\"attachment_12651\" style=\"width: 160px\" class=\"wp-caption alignleft\"><a href=\"https:\/\/www.abenteuersuechtig.de\/wp-content\/uploads\/2022\/02\/2021-01-Belchen-116.jpg\"><img loading=\"lazy\" decoding=\"async\" aria-describedby=\"caption-attachment-12651\" class=\"size-thumbnail wp-image-12651\" src=\"https:\/\/www.abenteuersuechtig.de\/wp-content\/uploads\/2022\/02\/2021-01-Belchen-116-150x150.jpg\" alt=\"\" width=\"150\" height=\"150\" srcset=\"https:\/\/www.abenteuersuechtig.de\/wp-content\/uploads\/2022\/02\/2021-01-Belchen-116-150x150.jpg 150w, https:\/\/www.abenteuersuechtig.de\/wp-content\/uploads\/2022\/02\/2021-01-Belchen-116-85x85.jpg 85w, https:\/\/www.abenteuersuechtig.de\/wp-content\/uploads\/2022\/02\/2021-01-Belchen-116-80x80.jpg 80w\" sizes=\"auto, (max-width:767px) 150px, 150px\" \/><\/a><p id=\"caption-attachment-12651\" class=\"wp-caption-text\">Nach oben geht es leicht&#8230;<\/p><\/div>\r\n\r\n\r\n\r\n<h2>&nbsp;<\/h2>\r\n<h2>&nbsp;<\/h2>\r\n<h2>&nbsp;<\/h2>\r\n<h2>&nbsp;<\/h2>\r\n<h2>Erster Skitour-Gipfel<\/h2>\r\n<p>Der Anstieg zur\u00fcck auf das <a href=\"https:\/\/de.wikipedia.org\/wiki\/Herzogenhorn\">Herzogenhorn<\/a> war teilweise sehr steil, f\u00fcr mich die Gelegenheit, Spitzkehren gehen zu lernen. Nachdem ich mich anfangs etwas hilflos und unkoordiniert bewegte (ich bin sehr ungeduldig mit mir, wenn es um das Erlernen neuer Bewegungsabl\u00e4ufe geht), ging es mit jeder Kehre besser, bis es schlie\u00dflich schon ganz rund lief.<\/p>\r\n\r\n\r\n\r\n<p>Es folgten noch zwei weitere Fellwechsel, das hatte ich so nicht erwartet, dieses st\u00e4ndige \u201eausgebremst werden\u201c, gepaart mit meiner Ungeduld\u2026eine herausfordernde Mischung\ud83d\ude09 Aber es lohnt sich! Und am Ende ging es tats\u00e4chlich auch schon etwas schneller. Ich wusste langsam, was ich zu tun hatte und wie es am geschicktesten geht.<\/p>\r\n\r\n\r\n\r\n<p>Nach 4 Stunden waren wir zur\u00fcck am Feldbergpass, nicht nur uns hatte es in den ersten Schnee der Saison gezogen, der Berg wimmelte nur so vor schneebegeisterten Kindern, Jugendlichen und Erwachsenen.<\/p>\r\n\r\n\r\n\r\n<p>Ich war etwas ersch\u00f6pft, meine F\u00fc\u00dfe taten weh und die Beine waren m\u00fcde, aber ich war \u00fcbergl\u00fccklich! Endlich! Ich war auf meiner ersten Skitour! Danke an Robert, Urs und Flo, dass ihr mich auf meine erste Skitour mitgenommen und mir die ersten Schritte in diese wundervolle Sportart erm\u00f6glicht habt!<\/p>\r\n<p>P.S.: Wer GPX-Tracks der Touren im Schwarzwald m\u00f6chte, darf sich gerne in den Kommentaren melden.<\/p>\r\n\r\n\r\n\r\n<div id=\"attachment_12650\" style=\"width: 160px\" class=\"wp-caption alignleft\"><a href=\"https:\/\/www.abenteuersuechtig.de\/wp-content\/uploads\/2022\/02\/2021-01-Belchen-38.jpg\"><img loading=\"lazy\" decoding=\"async\" aria-describedby=\"caption-attachment-12650\" class=\"size-thumbnail wp-image-12650\" src=\"https:\/\/www.abenteuersuechtig.de\/wp-content\/uploads\/2022\/02\/2021-01-Belchen-38-150x150.jpg\" alt=\"\" width=\"150\" height=\"150\" srcset=\"https:\/\/www.abenteuersuechtig.de\/wp-content\/uploads\/2022\/02\/2021-01-Belchen-38-150x150.jpg 150w, https:\/\/www.abenteuersuechtig.de\/wp-content\/uploads\/2022\/02\/2021-01-Belchen-38-85x85.jpg 85w, https:\/\/www.abenteuersuechtig.de\/wp-content\/uploads\/2022\/02\/2021-01-Belchen-38-80x80.jpg 80w\" sizes=\"auto, (max-width:767px) 150px, 150px\" \/><\/a><p id=\"caption-attachment-12650\" class=\"wp-caption-text\">Abfahrts(spass?)<\/p><\/div>\r\n<div id=\"attachment_12645\" style=\"width: 160px\" class=\"wp-caption alignleft\"><a href=\"https:\/\/www.abenteuersuechtig.de\/wp-content\/uploads\/2022\/02\/Skitouren-Schwarzwald-20.jpg\"><img loading=\"lazy\" decoding=\"async\" aria-describedby=\"caption-attachment-12645\" class=\"size-thumbnail wp-image-12645\" src=\"https:\/\/www.abenteuersuechtig.de\/wp-content\/uploads\/2022\/02\/Skitouren-Schwarzwald-20-150x150.jpg\" alt=\"\" width=\"150\" height=\"150\" srcset=\"https:\/\/www.abenteuersuechtig.de\/wp-content\/uploads\/2022\/02\/Skitouren-Schwarzwald-20-150x150.jpg 150w, https:\/\/www.abenteuersuechtig.de\/wp-content\/uploads\/2022\/02\/Skitouren-Schwarzwald-20-85x85.jpg 85w, https:\/\/www.abenteuersuechtig.de\/wp-content\/uploads\/2022\/02\/Skitouren-Schwarzwald-20-80x80.jpg 80w\" sizes=\"auto, (max-width:767px) 150px, 150px\" \/><\/a><p id=\"caption-attachment-12645\" class=\"wp-caption-text\">Tief verschneiter Schwarzwald<\/p><\/div>\r\n","protected":false},"excerpt":{"rendered":"<p><span class=\"excerpt-hellip\"> [\u2026]<\/span><\/p>\n","protected":false},"author":3,"featured_media":12644,"comment_status":"open","ping_status":"open","sticky":false,"template":"","format":"standard","meta":{"ngg_post_thumbnail":0,"jetpack_post_was_ever_published":false,"_jetpack_newsletter_access":"","_jetpack_dont_email_post_to_subs":false,"_jetpack_newsletter_tier_id":0,"_jetpack_memberships_contains_paywalled_content":false,"_jetpack_memberships_contains_paid_content":false,"footnotes":""},"categories":[1],"tags":[1286,1287,1288,1216,269],"class_list":["post-12640","post","type-post","status-publish","format-standard","has-post-thumbnail","hentry","category-allgemein","tag-einstieg","tag-freude","tag-schneesport","tag-schwarzwald","tag-skitour"],"jetpack_featured_media_url":"https:\/\/www.abenteuersuechtig.de\/wp-content\/uploads\/2022\/02\/Skitouren-Schwarzwald-16.jpg","jetpack_shortlink":"https:\/\/wp.me\/p6K39A-3hS","jetpack_sharing_enabled":true,"_links":{"self":[{"href":"https:\/\/www.abenteuersuechtig.de\/index.php\/wp-json\/wp\/v2\/posts\/12640","targetHints":{"allow":["GET"]}}],"collection":[{"href":"https:\/\/www.abenteuersuechtig.de\/index.php\/wp-json\/wp\/v2\/posts"}],"about":[{"href":"https:\/\/www.abenteuersuechtig.de\/index.php\/wp-json\/wp\/v2\/types\/post"}],"author":[{"embeddable":true,"href":"https:\/\/www.abenteuersuechtig.de\/index.php\/wp-json\/wp\/v2\/users\/3"}],"replies":[{"embeddable":true,"href":"https:\/\/www.abenteuersuechtig.de\/index.php\/wp-json\/wp\/v2\/comments?post=12640"}],"version-history":[{"count":3,"href":"https:\/\/www.abenteuersuechtig.de\/index.php\/wp-json\/wp\/v2\/posts\/12640\/revisions"}],"predecessor-version":[{"id":12654,"href":"https:\/\/www.abenteuersuechtig.de\/index.php\/wp-json\/wp\/v2\/posts\/12640\/revisions\/12654"}],"wp:featuredmedia":[{"embeddable":true,"href":"https:\/\/www.abenteuersuechtig.de\/index.php\/wp-json\/wp\/v2\/media\/12644"}],"wp:attachment":[{"href":"https:\/\/www.abenteuersuechtig.de\/index.php\/wp-json\/wp\/v2\/media?parent=12640"}],"wp:term":[{"taxonomy":"category","embeddable":true,"href":"https:\/\/www.abenteuersuechtig.de\/index.php\/wp-json\/wp\/v2\/categories?post=12640"},{"taxonomy":"post_tag","embeddable":true,"href":"https:\/\/www.abenteuersuechtig.de\/index.php\/wp-json\/wp\/v2\/tags?post=12640"}],"curies":[{"name":"wp","href":"https:\/\/api.w.org\/{rel}","templated":true}]}}