{"id":1769,"date":"2013-10-27T18:16:40","date_gmt":"2013-10-27T17:16:40","guid":{"rendered":"https:\/\/www.abenteuersuechtig.de\/?p=1769"},"modified":"2017-02-08T13:40:11","modified_gmt":"2017-02-08T12:40:11","slug":"climb-hike-im-allgaeu-und-pitztal","status":"publish","type":"post","link":"https:\/\/www.abenteuersuechtig.de\/index.php\/climb-hike-im-allgaeu-und-pitztal\/","title":{"rendered":"Climb &#038; Hike im Allg\u00e4u und Pitztal"},"content":{"rendered":"<p>Cimb and Hike im Allg\u00e4u und Pitztal und wie es dazu kam&#8230;<\/p>\n<p>Wie wir in dem Beitrag zum <a title=\"Salbitschijen S\u00fcdgrat \u2013 23 Seill\u00e4ngen Spa\u00df und Anstrengung\" href=\"https:\/\/www.abenteuersuechtig.de\/index.php\/salbitschijen-sudgrat-23-seillangen-spas-und-anstrengung\/\" target=\"_blank\">Salbit S\u00fcdgrat<\/a> berichtet hatten, war mein urspr\u00fcnglicher Plan mit G\u00fcnther Hochtouren im Monte Rosa Massiv zu gehen w\u00e4hrend Dennis seinen Eiskurs auf dem Taschachhaus im Pitztal absolvierte. Wie allerdings so oft im Leben kam es anders als man denkt und es wurde aufgrund einer starken Erk\u00e4ltung von G\u00fcnther f\u00fcr mich eine Climb &amp; Hike Woche mit Lisa und Kati draus.<\/p>\n<h2>Samstag &amp; Sonntag, 27-28.07.2013 &#8211; Plan\u00e4nderung<\/h2>\n<p>Ich brachte am Samstag den 27. Juli Dennis zum Bahnhof in Luzern und fuhr dann ganz gem\u00fctlich nach Angaben des Navi zum San Bernadino, wo ich G\u00fcnther treffen sollte,&nbsp; zumindest dachte ich, dass ich dort G\u00fcnther treffe&#8230; Normalerweise bin ich ja ein guter Navigator aber hier lie\u00df mich meine geographische Orientierung mal stark im Stich. Viel zu sp\u00e4t stellte ich fest, dass wir uns am Gro\u00dfen Sankt Bernhardt treffen wollten und nicht am San Bernadino. Ich war also am anderen Ende der Schweiz und kam nach einer kleinen Odysse durch die Poebene, immerhin war ich so auch einmal fast in Mailand, dann doch im Hotel am Gro\u00dfen Sankt Bernhardt an. G\u00fcnther hatte mir netterweise etwas Brotzeit organisiert und so a\u00df ich noch ein paar Bissen bevor wir in die Betten gingen. Die Nacht verlief bei G\u00fcnther dann alles andere als gut und er wachte am n\u00e4chsten Morgen mit Sch\u00fcttelfrost und Fieber auf. Schnell war klar, dass es f\u00fcr uns beide heute nicht wie geplant auf die <a href=\"http:\/\/www.rifugimonterosa.it\/DE\/hutte\/gnifetti-hutte-italien.php\">Gnifettih\u00fctte <\/a>(immerhin auf gut 3600 Metern) ging. G\u00fcnther entschied sich nach dem Fr\u00fchst\u00fcck f\u00fcr die Abreise nach Deutschland und ich musste mir schnell Alternativen \u00fcberlegen.<\/p>\n<p>F\u00fcr&#8217;s erste fuhr ich mit etwas Wehmut in der Brust, welche die Vorfreude kurzzeitig ersetzt hatte, aus der Schweiz Richtung Stuttgart zu Markus und Lilli. Die Wehmut wurde aber w\u00e4hrend der Fahrt dann doch wieder durch Vorfreude auf die Tourenwoche mit Dennis vertrieben und schlie\u00dflich dachte ich mir immer wieder &#8222;wir sind ja noch jung und die Berge stehen auch n\u00e4chstes Jahr noch dort&#8220;.<\/p>\n<h2>Montag &amp; Dienstag, 29-30.07.2013 &#8211; Abfahrt ins Allg\u00e4u und Klettern am Aggenstein<\/h2>\n<p><a class=\"shutterset_\" title=\"Die T\u00fcr zum Allg\u00e4u\" href=\"https:\/\/www.abenteuersuechtig.de\/wp-content\/gallery\/climb-hike\/dsc06968.jpg\"><img decoding=\"async\" class=\"ngg-singlepic ngg-none\" src=\"https:\/\/www.abenteuersuechtig.de\/wp-content\/gallery\/climb-hike\/thumbs\/thumbs_dsc06968.jpg\" alt=\"Die T\u00fcr zum Allg\u00e4u\"><\/a><\/p>\n<p>Nach einem gem\u00fctlichen Abend mit Steaks und anderem Grillgut fuhr ich am Montagmorgen zu Lisa nach Kempten. Eigentlich wollte ich zum Konditionstraining auf den Gr\u00fcnten rennen, aber nachdem es den ganzen Tag nur aus Eimern sch\u00fcttete, entschied ich mich doch f\u00fcr Kaffee, Kuchen, Leberk\u00e4s&#8216; und eine ausgiebige Tourenplanung f\u00fcr die folgende Woche mit Dennis. Abends gingen Lisa und ich dann noch in eine gem\u00fctliche Kneipe und dann auch recht zeitig in die Betten. Der Wecker klingelte unmenschlich bereits um 6 Uhr. Schnell wurde die Ausr\u00fcstung gepackt, der \u00f6rtliche favorisierte Glutenh\u00e4ndler abgeklappert und schon sa\u00dfen wir im Auto Richtung Pfronten. Die gut 500 H\u00f6henmeter zur <a href=\"http:\/\/dav-huettensuche.de\/?pagedef=details&amp;huetten_id=225154\">Bad Kissinger H\u00fctte <\/a>waren in einer Stunde erledigt, um dann gegen 9 Uhr dort festzustellen, dass es am Aggenstein (1968m) noch neblig und nass war.<\/p>\n<p><a class=\"shutterset_\" title=\"Zustieg Aggenstein, noch im Nieselregen\" href=\"https:\/\/www.abenteuersuechtig.de\/wp-content\/gallery\/climb-hike\/dsc06917.jpg\"><img decoding=\"async\" class=\"ngg-singlepic ngg-none\" src=\"https:\/\/www.abenteuersuechtig.de\/wp-content\/gallery\/climb-hike\/thumbs\/thumbs_dsc06917.jpg\" alt=\"Zustieg Aggenstein, noch im Nieselregen\"><\/a><\/p>\n<p>Also trockneten wir vier (Hubi, Petr, Lisa und ich) erst mal unsere Sachen und relaxten bei Kaffee, Kakao und einer Brotzeit. Gegen 10 Uhr machten wir uns dann doch Richtung Aggenstein S\u00fcdwand auf, welche von der H\u00fctte in knapp 20 Minuten erreicht werden kann. Nachdem Hubi und Petr ihre erste Mehrseill\u00e4ngentour kletterten, entschieden die beiden sich f\u00fcr eine 3+ an der linken S\u00fcdwestkante des Aggensteins.<\/p>\n<p><a class=\"shutterset_\" title=\"Petr in der exponierten Nachbartour\" href=\"https:\/\/www.abenteuersuechtig.de\/wp-content\/gallery\/climb-hike\/g0040333.jpg\"><img decoding=\"async\" class=\"ngg-singlepic ngg-none\" src=\"https:\/\/www.abenteuersuechtig.de\/wp-content\/gallery\/climb-hike\/thumbs\/thumbs_g0040333.jpg\" alt=\"Petr in der exponierten Nachbartour\"><\/a><\/p>\n<p>Die Tour war nicht schwer, die Absicherung allerdings dann auch nicht wirklich gut. Die beiden Jungs standen gleich mal vor ihrer ersten mentalen Herausforderung im Alpinklettern mit Hakenabst\u00e4nden weit \u00fcber 10 Metern. F\u00fcr Lisa war es auch die erste Mehrseill\u00e4ngentour und so entschieden wir uns beide f\u00fcr die parallel verlaufende Westtangente. Eine sch\u00f6ne 4+, welche auch nicht immer perfekt abgesichert ist und in der Schl\u00fcsselseill\u00e4nge einer etwas ausgesetzte Verschneidung auf den Grat hoch folgt.<\/p>\n<p><a class=\"shutterset_\" title=\"Lisa in der Schl\u00fcsselseill\u00e4nge\" href=\"https:\/\/www.abenteuersuechtig.de\/wp-content\/gallery\/climb-hike\/gopr0382.jpg\"><img decoding=\"async\" class=\"ngg-singlepic ngg-none\" src=\"https:\/\/www.abenteuersuechtig.de\/wp-content\/gallery\/climb-hike\/thumbs\/thumbs_gopr0382.jpg\" alt=\"Lisa in der Schl\u00fcsselseill\u00e4nge\"><\/a><\/p>\n<p>Ich kletterte alle Seill\u00e4ngen im Vorstieg und Lisa stieg souver\u00e4n &#8211; trotz schwerem Rucksack &#8211; nach. Nach 2,5 Stunden und jeweils 5 Seill\u00e4ngen standen beide Seilschaften auf dem s\u00fcdlichen Vorgipfel des Aggensteins. Von dort folgt man einem kurzen, ausgesetzten Grat zum Hauptgipfel, welchen Lisa dann auch nach etwas Mutzusprache frei gehen konnte.<\/p>\n<p><a class=\"shutterset_\" title=\"Funny Aggenstein Gipfel\" href=\"https:\/\/www.abenteuersuechtig.de\/wp-content\/gallery\/climb-hike\/dsc06944.jpg\"><img decoding=\"async\" class=\"ngg-singlepic ngg-none\" src=\"https:\/\/www.abenteuersuechtig.de\/wp-content\/gallery\/climb-hike\/thumbs\/thumbs_dsc06944.jpg\" alt=\"Funny Aggenstein Gipfel\"><\/a><a class=\"shutterset_\" title=\" Gipfelst\u00fcrmer\" href=\"https:\/\/www.abenteuersuechtig.de\/wp-content\/gallery\/climb-hike\/dsc06947.jpg\"><img decoding=\"async\" class=\"ngg-singlepic ngg-none\" src=\"https:\/\/www.abenteuersuechtig.de\/wp-content\/gallery\/climb-hike\/thumbs\/thumbs_dsc06947.jpg\" alt=\"Die Gipfelst\u00fcrmer\"><\/a><\/p>\n<p>Gegen 14Uhr sa\u00dfen wir wieder bei Bier und Suppe auf der Bad Kissinger H\u00fctte und stiegen nach einer Pause schnell ins Tal ab.<\/p>\n<p><a class=\"shutterset_\" title=\"Bad Kissinger H\u00fctte\" href=\"https:\/\/www.abenteuersuechtig.de\/wp-content\/gallery\/climb-hike\/dsc06967.jpg\"><img decoding=\"async\" class=\"ngg-singlepic ngg-none\" src=\"https:\/\/www.abenteuersuechtig.de\/wp-content\/gallery\/climb-hike\/thumbs\/thumbs_dsc06967.jpg\" alt=\"Bad Kissinger H\u00fctte\"><\/a><\/p>\n<p>Gegen 20 Uhr kam dann auch Kati aus Mainz in Kempten an und wir gingen abends gemeinsam mit Lisa noch etwas in das sch\u00f6ne&nbsp; Kempten.<\/p>\n<h2>Mittwoch, 31.07.2013 &#8211; Abfahrt ins Pitztal<\/h2>\n<p>Kati und ich starteten gem\u00fctlich in den Tag und g\u00f6nnten uns ein sehr leckeres M\u00fcslifr\u00fchst\u00fcck in der Innenstadt von Kempten. Anschlie\u00dfend ging es Richtung Pitztal wo wir gegen 14 Uhr in Mandarfen ankamen. Die Rucks\u00e4cke wurden geschultert und wir folgten einem wundersch\u00f6nen Wanderweg 600 H\u00f6henmeter durch das Hirschtal zum Riffelsee hoch.<\/p>\n<p><a class=\"shutterset_\" title=\"Riffelsee - ein Traum\" href=\"https:\/\/www.abenteuersuechtig.de\/wp-content\/gallery\/climb-hike\/dsc06998.jpg\"><img decoding=\"async\" class=\"ngg-singlepic ngg-none\" src=\"https:\/\/www.abenteuersuechtig.de\/wp-content\/gallery\/climb-hike\/thumbs\/thumbs_dsc06998.jpg\" alt=\"Riffelsee - ein Traum\"><\/a><\/p>\n<p>Kati meisterte ihre erste Bergtour mit Bravur und k\u00e4mpfte sich langsam den Hang durch die Blumenwiesen hoch. Am Riffelsee, welcher echt wundersch\u00f6n in der Pitztaler Bergwelt liegt und nur durch die Winterliftanlagen etwas verschandelt wird, machten wir ausgiebig Brotzeit und watschelten dann die letzten 15 Minuten zur <a href=\"http:\/\/hotel-anita.com\/rifflseeh%C3%BCtte.html\">Riffelseeh\u00fctte<\/a> hin\u00fcber.<\/p>\n<p><a class=\"shutterset_\" title=\"Kati am Plantschen\" href=\"https:\/\/www.abenteuersuechtig.de\/wp-content\/gallery\/climb-hike\/dsc07000.jpg\"><img decoding=\"async\" class=\"ngg-singlepic ngg-none\" src=\"https:\/\/www.abenteuersuechtig.de\/wp-content\/gallery\/climb-hike\/thumbs\/thumbs_dsc07000.jpg\" alt=\"Kati am Plantschen\"><\/a><\/p>\n<p>Nachdem wir unsere Lager bezogen und die umliegende Bergwelt genossen hatten, ging es nach K\u00e4sesp\u00e4tzle und Kaiserschmarrn in die Betten.<\/p>\n<h2>Donnerstag, 01.08.2013 &#8211; Fuldaer H\u00f6henweg<\/h2>\n<p>F\u00fcr den n\u00e4chsten Tage hatten wir uns dann Kati&#8217;s erste richtige Tages-Bergtour vorgenommen.&nbsp; Der Weg f\u00fchrte uns \u00fcber den sch\u00f6nen Fuldaer H\u00f6henweg immer die Pitztaler Gletscherwelt vor Augen zum 2.434 Meter hoch gelegenen <a href=\"http:\/\/www.taschachhaus.com\/\">Taschachhaus<\/a>.<\/p>\n<p><a class=\"shutterset_\" title=\"Gletscherpanorama Pitztal\" href=\"https:\/\/www.abenteuersuechtig.de\/wp-content\/gallery\/climb-hike\/dsc07027.jpg\"><img decoding=\"async\" class=\"ngg-singlepic ngg-none\" src=\"https:\/\/www.abenteuersuechtig.de\/wp-content\/gallery\/climb-hike\/thumbs\/thumbs_dsc07027.jpg\" alt=\"Gletscherpanorama Pitztal\"><\/a><\/p>\n<p>Dennis, welcher gerade zu dieser Zeit hier seinen Eiskurs absolvierte, trafen wir zwar nicht an, daf\u00fcr aber ein sch\u00f6nes k\u00fchles Radler. Anschlie\u00dfend ging es nach einer sch\u00f6nen Rast die steile Schuttmor\u00e4ne hinunter, \u00fcber welche der neue H\u00fcttenzustieg unsch\u00f6n nach dem letzten Bergsturz am &#8222;Kettenweg&#8220; f\u00fchrt.<\/p>\n<p><a class=\"shutterset_\" title=\"Umleitung aufgrund des gesperrten Kettenwegs\" href=\"https:\/\/www.abenteuersuechtig.de\/wp-content\/gallery\/climb-hike\/dsc07033.jpg\"><img decoding=\"async\" class=\"ngg-singlepic ngg-none\" src=\"https:\/\/www.abenteuersuechtig.de\/wp-content\/gallery\/climb-hike\/thumbs\/thumbs_dsc07033.jpg\" alt=\"Umleitung aufgrund des gesperrten Kettenwegs\"><\/a><\/p>\n<p>Danach verl\u00e4uft der Weg recht langwierig auf einer mehr oder weniger breiten Schotterpiste Kilometer f\u00fcr Kilometer zur Taschachalm und von dieser weiter ins Tal nach Mandarfen. Nachdem Kati nach dieser mit gut 20 Kilometer langen und einige hundert H\u00f6henmeter hohen Tour schon recht geschafft war und auch eine ordentliche Novizenfu\u00dfblase aufwies (die n\u00e4chste Bergtour mit richtigen Socken war dann schon viel besser ;-)), entschlossen wir uns mit der Riffelseebahn wieder hinauf zum See zu fahren und die 10 Minuten zur H\u00fctte hin\u00fcber zu schlendern. Der Abend klang dann bei einem z\u00fcnftigen Abendmahl und dem verdienten Bier aus. Auch heute fielen wir wieder recht fr\u00fch in die Betten.<\/p>\n<p><a class=\"shutterset_\" title=\"Bergsteigeridylle\" href=\"https:\/\/www.abenteuersuechtig.de\/wp-content\/gallery\/climb-hike\/dsc07042.jpg\"><img decoding=\"async\" class=\"ngg-singlepic ngg-none\" src=\"https:\/\/www.abenteuersuechtig.de\/wp-content\/gallery\/climb-hike\/thumbs\/thumbs_dsc07042.jpg\" alt=\"Bergsteigeridylle\"><\/a><\/p>\n<h2>Freitag, 02.08.2013 &#8211; Vom Pitztal ins \u00d6tztal<\/h2>\n<p>Nachdem wir beide ausgeschlafen und gem\u00fctlich gefr\u00fchst\u00fcckt hatten, fuhr Kati aufgrund der angeschlagenen F\u00fc\u00dfe mit der Bahn ins Tal. Ich selber nutze den sch\u00f6nen Morgen f\u00fcr eine kleine Trainingstour ins Tal und wollte zudem das Geld f\u00fcr die Bahn sparen. Nach gut 40 Minuten waren die knapp 700 H\u00f6henmeter bew\u00e4ltigt und wir beide fuhren r\u00fcber ins \u00d6tztal, wo wir noch einen kleinen Spaziergang durch den Talgrund mit einer ausgedehnten Mittagspause an einer sch\u00f6nen Kapelle absolvierten und dann im Aquadome in L\u00e4ngenfeld den Tag bei Sauna und Wellness ausklingen lie\u00dfen. Am n\u00e4chsten Morgen ging es dann f\u00fcr meine Interimsbegleiterin Kati mit dem Zug zur\u00fcck nach Mainz und ich holte Dennis in Imst ab, um den Tag f\u00fcr die Anreise ins Saas Tal zu nutzen. Schlie\u00dflich wollten wir ja nun gemeinsam noch einige Berge besteigen.<\/p>\n","protected":false},"excerpt":{"rendered":"<p><span class=\"excerpt-hellip\"> [\u2026]<\/span><\/p>\n","protected":false},"author":3,"featured_media":1820,"comment_status":"open","ping_status":"open","sticky":false,"template":"","format":"standard","meta":{"ngg_post_thumbnail":0,"jetpack_post_was_ever_published":false,"_jetpack_newsletter_access":"","_jetpack_dont_email_post_to_subs":false,"_jetpack_newsletter_tier_id":0,"_jetpack_memberships_contains_paywalled_content":false,"_jetpack_memberships_contains_paid_content":false,"footnotes":""},"categories":[6,3,342],"tags":[353,111,354,355,352,358,357,359,356,310],"class_list":["post-1769","post","type-post","status-publish","format-standard","has-post-thumbnail","hentry","category-berge","category-klettern-bouldern","category-wandern","tag-aggenstein","tag-allgau","tag-bad-kissinger-huette","tag-fuldaer-hoehenweg","tag-pitztal","tag-riffelsee","tag-riffelseehuette","tag-sommertouren","tag-taschachhaus","tag-wandern"],"jetpack_featured_media_url":"https:\/\/www.abenteuersuechtig.de\/wp-content\/uploads\/2013\/10\/DSC07031.jpg","jetpack_shortlink":"https:\/\/wp.me\/p6K39A-sx","jetpack_sharing_enabled":true,"_links":{"self":[{"href":"https:\/\/www.abenteuersuechtig.de\/index.php\/wp-json\/wp\/v2\/posts\/1769","targetHints":{"allow":["GET"]}}],"collection":[{"href":"https:\/\/www.abenteuersuechtig.de\/index.php\/wp-json\/wp\/v2\/posts"}],"about":[{"href":"https:\/\/www.abenteuersuechtig.de\/index.php\/wp-json\/wp\/v2\/types\/post"}],"author":[{"embeddable":true,"href":"https:\/\/www.abenteuersuechtig.de\/index.php\/wp-json\/wp\/v2\/users\/3"}],"replies":[{"embeddable":true,"href":"https:\/\/www.abenteuersuechtig.de\/index.php\/wp-json\/wp\/v2\/comments?post=1769"}],"version-history":[{"count":13,"href":"https:\/\/www.abenteuersuechtig.de\/index.php\/wp-json\/wp\/v2\/posts\/1769\/revisions"}],"predecessor-version":[{"id":9399,"href":"https:\/\/www.abenteuersuechtig.de\/index.php\/wp-json\/wp\/v2\/posts\/1769\/revisions\/9399"}],"wp:featuredmedia":[{"embeddable":true,"href":"https:\/\/www.abenteuersuechtig.de\/index.php\/wp-json\/wp\/v2\/media\/1820"}],"wp:attachment":[{"href":"https:\/\/www.abenteuersuechtig.de\/index.php\/wp-json\/wp\/v2\/media?parent=1769"}],"wp:term":[{"taxonomy":"category","embeddable":true,"href":"https:\/\/www.abenteuersuechtig.de\/index.php\/wp-json\/wp\/v2\/categories?post=1769"},{"taxonomy":"post_tag","embeddable":true,"href":"https:\/\/www.abenteuersuechtig.de\/index.php\/wp-json\/wp\/v2\/tags?post=1769"}],"curies":[{"name":"wp","href":"https:\/\/api.w.org\/{rel}","templated":true}]}}