{"id":287,"date":"2012-04-09T22:00:03","date_gmt":"2012-04-09T20:00:03","guid":{"rendered":"https:\/\/www.abenteuersuechtig.de\/?p=287"},"modified":"2017-02-08T14:09:07","modified_gmt":"2017-02-08T13:09:07","slug":"osterklettern-in-der-frankischen-schweiz","status":"publish","type":"post","link":"https:\/\/www.abenteuersuechtig.de\/index.php\/osterklettern-in-der-frankischen-schweiz\/","title":{"rendered":"Osterklettern in der fr\u00e4nkischen Schweiz"},"content":{"rendered":"<p>F\u00fcr das Osterwochenende hatten wir uns mal wieder ein besonderes Schmankerl ausgedacht, es sollte geklettert werden und zwar in der sch\u00f6nen fr\u00e4nkischen Schweiz!<\/p>\n<p>Der Plan war schnell erstellt, gezeltet werden sollte und mit einer netten Truppe ein paar entspannte Tage die Felsen abgeklappert werden&#8230; So weit, so gut. Nachdem wir aus S\u00fcdtirol zur\u00fcck waren und das Wetter derma\u00dfen genial war, waren wir eigentlich erst mal guter Dinge, dass auch an Ostern passende Temperaturen vorherrschen sollten, aber weit gefehlt! Zusammengefasst kann man sagen, dass wir dreieinhalb Tage immer um den Nullpunkt herum gezeltet haben, was dem Spa\u00df aber nicht abgetan hat. Geklettert wurde im Normalfall bei Temperaturen zwischen drei und sieben Grad. Da Flo die Woche vor Ostern noch mal Skifahren war, hat er zugesagt, dann Samstag Abend zu uns zu sto\u00dfen und dann Sonntag und Montag mit zu klettern.<\/p>\n<p>Unsere Gruppe bestand dann aus: Eva (meiner Kletterpartnerin), Tobi und Vera (zwei Freunde von Flo aus N\u00fcrnberg und ebenfalls Kletterpartner), Chris, einem gemeinsamen Freund aus Jena und mir. Samstag kam dann, wie schon erw\u00e4hnt, als Nachz\u00fcgler noch Flo dazu und Sonntag direkt zum Fels seine Schwester Lisa.<\/p>\n<h2>Donnerstag, 05. April 2012<\/h2>\n<p>Eva und ich waren so verblieben, dass sich jeder Gedanken macht, was wir an Nahrungsmitteln brauchen und wir dann spontan zusammen einkaufen gehen. Gesagt, getan, also trafen wir uns nach meinem Feierabend, pl\u00fcnderten mit leerem Magen Aldi und Rewe und&nbsp; machten uns auf den Weg Richtung fr\u00e4nkische Schweiz. Gegen 21 Uhr standen wir auf unserem bereits vorher ausgesuchten <a href=\"http:\/\/www.baerenschlucht-camping.de\/\" target=\"_blank\">Camping-\/Zeltplatz B\u00e4renschlucht<\/a> und machten uns erst mal daran, uns h\u00e4uslich einzurichten. Angemeldet waren wir schnell und fast genauso schnell stand das neu gekaufte und daheim im Wohnzimmer sicherheitshalber bereits ausprobierte Wurfzelt.<\/p>\n<p><a class=\"shutterset_\" title=\"Das Zelt steht, jetzt fehlt nur noch das Abendessen.\" href=\"https:\/\/www.abenteuersuechtig.de\/wp-content\/gallery\/osterklettern_fraenkische_2012\/donnerstag_1.jpg\"><img loading=\"lazy\" decoding=\"async\" class=\"ngg-singlepic ngg-none\" src=\"https:\/\/www.abenteuersuechtig.de\/wp-content\/gallery\/osterklettern_fraenkische_2012\/thumbs\/thumbs_donnerstag_1.jpg\" alt=\"donnerstag_1\" width=\"400\" height=\"300\"><\/a><\/p>\n<p>Noch sechs Heringe in den Boden, Wind hatten wir keinen, also konnten wir uns die Schn\u00fcre zur Stabilisierung sparen und ab ging es an die dringend notwendige Brotzeit. Urspr\u00fcnglich war grillen angedacht, da wir uns aber vor der Abfahrt noch einen Snack genehmigten, st\u00fcrzten wir uns einfach auf die Bretzel, den Spundek\u00e4s&#8216; und den von Eva mitgebrachten Salat.<\/p>\n<p><a class=\"shutterset_\" title=\"Gute Laune beim Abendessen.\" href=\"https:\/\/www.abenteuersuechtig.de\/wp-content\/gallery\/osterklettern_fraenkische_2012\/donnerstag_2.jpg\"><img decoding=\"async\" class=\"ngg-singlepic ngg-none\" src=\"https:\/\/www.abenteuersuechtig.de\/wp-content\/gallery\/osterklettern_fraenkische_2012\/thumbs\/thumbs_donnerstag_2.jpg\" alt=\"donnerstag_2\"><\/a><\/p>\n<p><a class=\"shutterset_\" title=\"Lecker Brotzeit.\" href=\"https:\/\/www.abenteuersuechtig.de\/wp-content\/gallery\/osterklettern_fraenkische_2012\/donnerstag_3.jpg\"><img decoding=\"async\" class=\"ngg-singlepic ngg-none\" src=\"https:\/\/www.abenteuersuechtig.de\/wp-content\/gallery\/osterklettern_fraenkische_2012\/thumbs\/thumbs_donnerstag_3.jpg\" alt=\"donnerstag_3\"><\/a><\/p>\n<p>Dazu gab&#8217;s lecker Vodka-Redbull und ein Bier. Noch ein bisschen quatschen, dann war der erste Abend auch schon rum und es wurde sich in das Zelt und die hoffentlich ausreichend warmen, weil bisher unerprobten Schlafs\u00e4cke verkrochen.<!--more--><\/p>\n<p><a class=\"shutterset_\" title=\"Und ab ging's in die Koje.\" href=\"https:\/\/www.abenteuersuechtig.de\/wp-content\/gallery\/osterklettern_fraenkische_2012\/donnerstag_4.jpg\"><img decoding=\"async\" class=\"ngg-singlepic ngg-none\" src=\"https:\/\/www.abenteuersuechtig.de\/wp-content\/gallery\/osterklettern_fraenkische_2012\/thumbs\/thumbs_donnerstag_4.jpg\" alt=\"donnerstag_4\"><\/a><\/p>\n<h2>Freitag, 06. April 2012<\/h2>\n<p>Freitag stand dann selbstverst\u00e4ndlich klettern auf dem Programm. Eva und ich waren erst mal \u00fcberrascht, welch tollen Ausblick man auf die umliegenden Kletterfelsen hat. Leider war die Wand, auf die wir vom Zelt aus guckten viel zu schwierig f\u00fcr uns, da dort die leichteste Route eine 9- ist.<\/p>\n<p><a class=\"shutterset_\" title=\"Sch\u00f6ner Blick auf die umliegenden Kletterfelsen.\" href=\"https:\/\/www.abenteuersuechtig.de\/wp-content\/gallery\/osterklettern_fraenkische_2012\/freitag_01.jpg\"><img decoding=\"async\" class=\"ngg-singlepic ngg-none\" src=\"https:\/\/www.abenteuersuechtig.de\/wp-content\/gallery\/osterklettern_fraenkische_2012\/thumbs\/thumbs_freitag_01.jpg\" alt=\"freitag_01\"><\/a><\/p>\n<p>Nach dem Fr\u00fchst\u00fcck kam auch schon Chris an, der morgens um sieben schon in Jena losgefahren war. Also ab ins Auto und an die &#8222;<a href=\"http:\/\/www.klettern.frankenjura.com\/php3\/select_fels.php3?id=3-02-40\" target=\"_blank\">Johnny-Cash-Wand<\/a>&#8222;. Der Zustieg war schon etwas m\u00fchselig, aber wir kamen dann doch noch oben an der Wand an. Details hierzu erspare ich euch, wie ihr zum Felsen kommt, lest ihr am besten direkt oben \u00fcber den Link und hier noch mal auf <a href=\"http:\/\/www.klettern.frankenjura.com\/php3\/select_fels.php3?id=3-02-40\" target=\"_blank\">Frankenjura.com<\/a>. Als erste Route stand &#8222;<a href=\"http:\/\/www.klettern.frankenjura.com\/php3\/select_route.php3?id=3-02-40--08\" target=\"_blank\">Mit Blaulicht und Matterhorn (5+)<\/a>&#8220; an, welche, wie wir vor Ort erst heraus fanden, teilweise selbst absichern mussten. Gl\u00fccklicherweise hatten wir Friends und Keile dabei, waren also bestens f\u00fcr die Tour ausgestattet. An dieser Stelle auch noch mal danke an meinen Chef Michael, der unser eh schon \u00fcppiges Arsenal durch seine gro\u00dfz\u00fcgige Dauerleihgabe von Friends, Keilen und Hexentrics an mich noch erweitert hat! Wie gesagt, mussten wir die Route teils selbst absichern, was auf <a href=\"http:\/\/www.frankjura.com\" target=\"_blank\">Frankenjura.com<\/a> nicht angezeigt wird. Unsere Topo-Guides sollten aber erst eine Stunde sp\u00e4ter mit Tobi und Vera eintreffen, was aber kein Problem darstellte. Alle mobilen Sicherungsger\u00e4te hielten und wurden beim Ablassen noch mal ausgiebig getestet, was f\u00fcr mich als Novize in diesem Bereich auch n\u00f6tig war.<br \/>\nDanach kletterten wir noch die Routen &#8222;<a href=\"http:\/\/www.klettern.frankenjura.com\/php3\/select_route.php3?id=3-02-40--07\" target=\"_blank\">June Carter Gedenkweg (6+)<\/a>&#8220; und &#8222;<a href=\"http:\/\/www.klettern.frankenjura.com\/php3\/select_route.php3?id=3-02-40--06\" target=\"_blank\">R\u00f6hn-Carl (6-)<\/a>&#8222;, die meiner Meinung nach beste Route in diesem Sektor war allerdings &#8222;<a href=\"http:\/\/www.klettern.frankenjura.com\/php3\/select_route.php3?id=3-02-40--05\" target=\"_blank\">Himalaya-M\u00fcller (6+)<\/a>&#8222;, einfach super sch\u00f6n zu klettern. Da damit das Angebot in f\u00fcr uns vern\u00fcnftigen Graden schon mehr oder weniger ersch\u00f6pft war, versuchte ich mich noch mal an meinem oberen Limit in der Route &#8222;<a href=\"http:\/\/www.klettern.frankenjura.com\/php3\/select_route.php3?id=3-02-40--01\" target=\"_blank\">Kasper Brigitte (7+)<\/a>&#8222;, die ich aber leider nach dem zweiten Haken abbrechen musste, weil sie einfach nicht zu schaffen war \ud83d\ude41<\/p>\n<p><a class=\"shutterset_\" title=\"Dennis in Himalaya M\u00fcller\" href=\"https:\/\/www.abenteuersuechtig.de\/wp-content\/gallery\/osterklettern_fraenkische_2012\/freitag_02.jpg\"><img loading=\"lazy\" decoding=\"async\" class=\"ngg-singlepic ngg-none\" src=\"https:\/\/www.abenteuersuechtig.de\/wp-content\/gallery\/osterklettern_fraenkische_2012\/thumbs\/thumbs_freitag_02.jpg\" alt=\"freitag_02\" width=\"225\" height=\"300\"><\/a><a class=\"shutterset_\" title=\"Dennis in Himalaya M\u00fcller\" href=\"https:\/\/www.abenteuersuechtig.de\/wp-content\/gallery\/osterklettern_fraenkische_2012\/freitag_03.jpg\"> <img decoding=\"async\" class=\"ngg-singlepic ngg-none\" src=\"https:\/\/www.abenteuersuechtig.de\/wp-content\/gallery\/osterklettern_fraenkische_2012\/thumbs\/thumbs_freitag_03.jpg\" alt=\"freitag_03\"><\/a><\/p>\n<p>Zwischenzeitlich waren auch Vera und Tobi eingetroffen und tobten sich in den anderen Routen aus, w\u00e4hrend wir beschlossen, den Abstieg zur\u00fcck zum Auto anzutreten, dort eine Brotzeit einzulegen und danach den Fels zu wechseln.W\u00e4hrend des Abstiegs kamen wir noch am Felsen &#8222;Die Kathedrale&#8220; vorbei (leider habe ich hierf\u00fcr keinen Link). Der Fels sah spektakul\u00e4r aus, genau das waren aber auch die Routen, die dort gebohrt waren. Nett anzusehen war er aber dennoch, man wird ja noch tr\u00e4umen d\u00fcrfen \ud83d\ude09<\/p>\n<p><a class=\"shutterset_\" title=\"Chris in der Kathedrale\" href=\"https:\/\/www.abenteuersuechtig.de\/wp-content\/gallery\/osterklettern_fraenkische_2012\/freitag_04.jpg\"><img decoding=\"async\" class=\"ngg-singlepic ngg-none\" src=\"https:\/\/www.abenteuersuechtig.de\/wp-content\/gallery\/osterklettern_fraenkische_2012\/thumbs\/thumbs_freitag_04.jpg\" alt=\"freitag_04\"><\/a> <a class=\"shutterset_\" title=\"Brotzeit am Auto... lecker!\" href=\"https:\/\/www.abenteuersuechtig.de\/wp-content\/gallery\/osterklettern_fraenkische_2012\/freitag_06.jpg\"><img decoding=\"async\" class=\"ngg-singlepic ngg-none\" src=\"https:\/\/www.abenteuersuechtig.de\/wp-content\/gallery\/osterklettern_fraenkische_2012\/thumbs\/thumbs_freitag_06.jpg\" alt=\"freitag_06\"><\/a><\/p>\n<p>Da es schon rund 17 Uhr war, entschieden wir uns f\u00fcr die &#8222;<a href=\"http:\/\/www.klettern.frankenjura.com\/php3\/select_fels.php3?id=3-09-22\" target=\"_blank\">Weidener Wand (linker Teil)<\/a>&#8222;, da diese direkt gegen\u00fcber unseres Zeltplatzes lag. Also ab zur\u00fcck zum Campingplatz, das Equipment aus dem Auto geladen und ein mal \u00fcber die Landstra\u00dfe gelaufen, um in zwei Minuten am Fels zu stehen, das nenne ich mal Luxus!<\/p>\n<p>Die Wahl der ersten Route fiel auf &#8222;<a href=\"http:\/\/www.klettern.frankenjura.com\/php3\/select_route.php3?id=3-09-22--01\" target=\"_blank\">Der B\u00e4r ist los (7-)<\/a>&#8222;, eine kurze, aber sehr sch\u00f6ne Kletterei mit einem knackigem Finish.<\/p>\n<p><a class=\"shutterset_\" title=\"Dennis mit seinem &quot;Feierabendbier&quot;, zumindest fast Feierabend.\" href=\"https:\/\/www.abenteuersuechtig.de\/wp-content\/gallery\/osterklettern_fraenkische_2012\/freitag_07.jpg\"><img decoding=\"async\" class=\"ngg-singlepic ngg-none\" src=\"https:\/\/www.abenteuersuechtig.de\/wp-content\/gallery\/osterklettern_fraenkische_2012\/thumbs\/thumbs_freitag_07.jpg\" alt=\"freitag_07\"><\/a> <a class=\"shutterset_\" title=\"Der Beginn des Feierabends...\" href=\"https:\/\/www.abenteuersuechtig.de\/wp-content\/gallery\/osterklettern_fraenkische_2012\/freitag_08.jpg\"><img decoding=\"async\" class=\"ngg-singlepic ngg-none\" src=\"https:\/\/www.abenteuersuechtig.de\/wp-content\/gallery\/osterklettern_fraenkische_2012\/thumbs\/thumbs_freitag_08.jpg\" alt=\"freitag_08\"><\/a><\/p>\n<p>Bis wir drei mit der Route fertig waren, war es auch schon fast dunkel, deshalb ging es dann doch gleich hin\u00fcber auf den Campingplatz. Tobi und Vera waren mit dem Aufbau ihres Zeltes zwischenzeitlich schon so gut wie fertig, also wurde mit dem Grillen begonnen.<\/p>\n<p><a class=\"shutterset_\" title=\"Abendbrot :)\" href=\"https:\/\/www.abenteuersuechtig.de\/wp-content\/gallery\/osterklettern_fraenkische_2012\/freitag_10.jpg\"><img decoding=\"async\" class=\"ngg-singlepic ngg-none\" src=\"https:\/\/www.abenteuersuechtig.de\/wp-content\/gallery\/osterklettern_fraenkische_2012\/thumbs\/thumbs_freitag_10.jpg\" alt=\"freitag_10\"><\/a><\/p>\n<p>In dieser Runde sa\u00dfen wir dann noch eine ganze Weile drau\u00dfen unter dem fast sternklaren Himmel, dick eingepackt in allerlei Schichten warme Funktionskleidung und trotzten so dem spontanen Wintereinbruch, bis wir uns irgendwann in unsere Zelte verkrochen und den ersten Klettertag somit enden lie\u00dfen.<\/p>\n<p><a class=\"shutterset_\" title=\"Vollmond...\" href=\"https:\/\/www.abenteuersuechtig.de\/wp-content\/gallery\/osterklettern_fraenkische_2012\/freitag_09.jpg\"><img decoding=\"async\" class=\"ngg-singlepic ngg-none\" src=\"https:\/\/www.abenteuersuechtig.de\/wp-content\/gallery\/osterklettern_fraenkische_2012\/thumbs\/thumbs_freitag_09.jpg\" alt=\"freitag_09\"><\/a><\/p>\n<h2>Samstag, 07. April 2012<\/h2>\n<p>F\u00fcr Samstag war geplant, noch mal die &#8222;<a href=\"http:\/\/www.klettern.frankenjura.com\/php3\/select_fels.php3?id=3-09-22\" target=\"_blank\">Weidener Wand<\/a>&#8220; vom Ende des Vortages zu beklettern. Da ich Blut geleckt hatte, was das selbst absichern von Routen angeht, wollte ich mich dort in der eigentlich viel zu leichten Route &#8222;<a href=\"http:\/\/www.klettern.frankenjura.com\/php3\/select_route.php3?id=3-09-22--05\" target=\"_blank\">Enger Kamin (4-)<\/a>&#8220; versuchen. Beim Versuchen blieb es allerdings auch, denn ich muss zu meiner Schande gestehen, dass ich die Route nicht geschafft habe. Direkt zum Einstieg muss man \u00fcber einen kleinen, \u00fcberh\u00e4ngenden Felsvorsprung klettern, der erste Haken befindet sich auf ca. zweieinhalb oder drei Meter und ist mehr als nur schlecht erreichbar. Also wurde mein erster Hexentric gesetzt, der auch prompt kurz darauf wieder aus der Felsspalte hinaus kam.<\/p>\n<p><a class=\"shutterset_\" title=\"Dennis in &quot;Enger Kamin&quot;\" href=\"https:\/\/www.abenteuersuechtig.de\/wp-content\/gallery\/osterklettern_fraenkische_2012\/samstag_1.jpg\"><img decoding=\"async\" class=\"ngg-singlepic ngg-none\" src=\"https:\/\/www.abenteuersuechtig.de\/wp-content\/gallery\/osterklettern_fraenkische_2012\/thumbs\/thumbs_samstag_1.jpg\" alt=\"samstag_1\"><\/a><\/p>\n<p>Da ich schlicht und einfach keine Lust mehr auf die Route hatte, brachen wir ab, wechselten an den <a href=\"http:\/\/www.klettern.frankenjura.com\/php3\/select_fels.php3?id=3-09-39\" target=\"_blank\">rechten Teil der Weidener Wand<\/a> und ich versuchte mich dort in zwei selbst abzusichernden Routen, n\u00e4mlich dem &#8222;<a href=\"http:\/\/www.klettern.frankenjura.com\/php3\/select_route.php3?id=3-09-39--11\" target=\"_blank\">Christelkamin (4)<\/a>&#8220; und der &#8222;<a href=\"http:\/\/www.klettern.frankenjura.com\/php3\/select_route.php3?id=3-09-39--14\" target=\"_blank\">Verschneidung (Nordriss) (5)<\/a>&#8222;. Beide Routen sind wirklich sch\u00f6n zu klettern und alle Friends hielten, bis auf den ersten, den ich im Christenkamin gesetzt hatte.<\/p>\n<p><a class=\"shutterset_\" title=\"Finden des richtigen Friends im Christelkamin.\" href=\"https:\/\/www.abenteuersuechtig.de\/wp-content\/gallery\/osterklettern_fraenkische_2012\/samstag_2.jpg\"><img decoding=\"async\" class=\"ngg-singlepic ngg-none\" src=\"https:\/\/www.abenteuersuechtig.de\/wp-content\/gallery\/osterklettern_fraenkische_2012\/thumbs\/thumbs_samstag_2.jpg\" alt=\"samstag_2\"><\/a><\/p>\n<p>Dieser hielt genau so lange, bis ich an der Umlenkung angekommen war und Eva sagte, sie solle &#8222;zu&#8220; machen. Durch den Zug auf den Friend sprang dieser aus dem kleinen Riss hinaus und kam ihr entgegen, zum Gl\u00fcck musste ich ihn nicht belasten. Die restlichen Friends wurden dann beim Ablassen wieder getestet und f\u00fcr gut gesetzt befunden, \u00dcbung macht scheinbar doch immer noch den Meister \ud83d\ude42 Das gleiche Spiel gab es dann im Nordriss, allerdings hielten dort alle Friends und ich konnte Eva sogar dazu \u00fcberreden, die Route im Toprope zu versuchen, dabei Spa\u00df halber selbst ein paar zu setzen und diese auszuprobieren, auch hier mit Erfolg. Der Friends- und Keilekurs am 21. und 22. April kann also kommen&#8230;<\/p>\n<p><a class=\"shutterset_\" title=\"Die Friends sitzen, der &quot;Nordri\u00df&quot; bezwungen\" href=\"https:\/\/www.abenteuersuechtig.de\/wp-content\/gallery\/osterklettern_fraenkische_2012\/samstag_3.jpg\"><img decoding=\"async\" class=\"ngg-singlepic ngg-none\" src=\"https:\/\/www.abenteuersuechtig.de\/wp-content\/gallery\/osterklettern_fraenkische_2012\/thumbs\/thumbs_samstag_3.jpg\" alt=\"samstag_3\"><\/a><\/p>\n<p><a class=\"shutterset_\" title=\"Eva ist noch etwas skeptisch.\" href=\"https:\/\/www.abenteuersuechtig.de\/wp-content\/gallery\/osterklettern_fraenkische_2012\/samstag_4.jpg\"><img decoding=\"async\" class=\"ngg-singlepic ngg-none\" src=\"https:\/\/www.abenteuersuechtig.de\/wp-content\/gallery\/osterklettern_fraenkische_2012\/thumbs\/thumbs_samstag_4.jpg\" alt=\"samstag_4\"><\/a><\/p>\n<p>Nach dem Einrichten der Toprope-Routen f\u00fcr die weniger ge\u00fcbten Kletterer versuche ich mich noch in der benachbarten &#8222;<a href=\"http:\/\/www.klettern.frankenjura.com\/php3\/select_fels.php3?id=3-09-21\" target=\"_blank\">Erinnerungswand<\/a>&#8220; in der Route &#8222;<a href=\"http:\/\/www.klettern.frankenjura.com\/php3\/select_route.php3?id=3-09-21--01\" target=\"_blank\">Stefan B\u00f6hm Gedenkweg (6\/6+)<\/a>&#8222;, einem steilen und engen Schulterkamin, der im Topof\u00fchrer als &#8222;f\u00fcr Fortgeschrittene&#8220; eingestuft wurde. Eines kann ich zwischenzeitlich sagen, die Einstufung stimmt! \ud83d\ude42 Ich musste kapitulieren, unter anderem deshalb, weil ich erst nach Abbruch der Route entdeckt hatte, dass man auch dort mobile Sicherungsger\u00e4te einsetzen muss, die ich nat\u00fcrlich nicht am Gurt hatte. Also auch hier noch ein Projekt f\u00fcr zuk\u00fcnftige Besuche in der Fr\u00e4nkischen&#8230;<br \/>\nDanach ging es zur\u00fcck an den linken Wandteil, es wurde schon fast dunkel und deshalb wollte ich mich noch mal in ein paar Routen im siebten Grad versuchen. Wir begannen mit einer mir leider gerade nicht namentlich bekannten <a href=\"http:\/\/www.klettern.frankenjura.com\/php3\/select_route.php3?id=3-09-22--03\" target=\"_blank\">7+<\/a>, welche mir jedoch nicht lag und ich deshalb spontan in die benachbarte Route &#8222;<a href=\"http:\/\/www.klettern.frankenjura.com\/php3\/select_route.php3?id=3-09-22--02\" target=\"_blank\">Abendstimmung (7-)<\/a>&#8220; wechselte. Abendstimmung brachte genau das, was der Name versprach, eine sch\u00f6n zu kletternde Route mit einem etwas seltsamen Bauch im obersten Teil kurz vor der Umlenkung, aber so angenehm, dass auch Eva sich noch mal darin versuchte.<\/p>\n<p><a class=\"shutterset_\" title=\"Da kommt &quot;Abendstimmung&quot; auf.\" href=\"https:\/\/www.abenteuersuechtig.de\/wp-content\/gallery\/osterklettern_fraenkische_2012\/samstag_5.jpg\"><img decoding=\"async\" class=\"ngg-singlepic ngg-none\" src=\"https:\/\/www.abenteuersuechtig.de\/wp-content\/gallery\/osterklettern_fraenkische_2012\/thumbs\/thumbs_samstag_5.jpg\" alt=\"samstag_5\"><\/a><\/p>\n<p><a class=\"shutterset_\" title=\"Eine kleine Auswahl unseres Equipments, altes und felserprobtes, sowie neues und jungfr\u00e4uliches...\" href=\"https:\/\/www.abenteuersuechtig.de\/wp-content\/gallery\/osterklettern_fraenkische_2012\/samstag_6.jpg\"><img decoding=\"async\" class=\"ngg-singlepic ngg-none\" src=\"https:\/\/www.abenteuersuechtig.de\/wp-content\/gallery\/osterklettern_fraenkische_2012\/thumbs\/thumbs_samstag_6.jpg\" alt=\"samstag_6\"><\/a><\/p>\n<p>Zwischenzeitlich war auch Flo angekommen und stand mit uns am Wandfu\u00df. Er war die Woche noch mit Familie und Freunden Skifahren und erreichte uns erst Samstag Abend kurz vor Schluss. Da der Grill, das von ihm besorgte, leckere fr\u00e4nkische Bier und der Feierabend riefen, entschied ich mich, nur noch mal in die Route &#8222;<a href=\"http:\/\/www.klettern.frankenjura.com\/php3\/select_route.php3?id=3-09-22--01\" target=\"_blank\">Der B\u00e4r ist los (7-)<\/a>&#8220; vom Vorabend einzusteigen, um diese dann hoffentlich auch Rotpunkt klettern zu k\u00f6nnen, was mir am Vorabend nicht gelingen wollte. Leider blieb es auch an diesem Tag bei dem Versuch und zwar komplett. Die K\u00e4lte und der teils scharfkantige Kalk hinterlie\u00dfen schmerzende Finger, die sich partout nicht mehr am Fels halten wollten. Bis in den oberen, noch mal etwas knackigeren Teil der Route verlief alles prima, doch zwischen dem letzten Haken und der Umlenkung musste ich zwei mal rund zweieinhalb Meter abspringen, weil mich die Kraft verlie\u00df. Beim zweiten Sturz prallte ich unsanft mit dem Fu\u00dfballen gegen den Fels, sodass ich mich dazu entschied, die Rotpunkt-Begehung auch hier f\u00fcr heute sein zu lassen, die Route abbrach und wir uns auf den R\u00fcckweg zum Zeltplatz machten. Dort angekommen wurde auch gleich der Grill angeschmissen, denn alle Anwesenden hatten Hunger und freuten sich auf einen gem\u00fctlich ausklingenden Samstagabend. Abgesehen davon, dass es so kalt wurde, dass die Wassertropfen auf unseren Zelten gefroren, war es auch genau das, ein gem\u00fctlicher und lustiger Samstag Abend in einer super Runde!<\/p>\n<p><a class=\"shutterset_\" title=\"Das Kletter-Dreamteam: Ich, Flo und Eva (v. l. n. r.)\" href=\"https:\/\/www.abenteuersuechtig.de\/wp-content\/gallery\/osterklettern_fraenkische_2012\/samstag_7.jpg\"><img decoding=\"async\" class=\"ngg-singlepic ngg-none\" src=\"https:\/\/www.abenteuersuechtig.de\/wp-content\/gallery\/osterklettern_fraenkische_2012\/thumbs\/thumbs_samstag_7.jpg\" alt=\"samstag_7\"><\/a><\/p>\n<p>Nach dem Essen trat Chris leider die Heimreise an, schade eigentlich, hat er doch zwei weitere, tolle Tage verpasst. Aber auch verst\u00e4ndlich, bei den eisigen Temperaturen und nach zwei Tagen Felskletterei als Novize in diesem Bereich.<\/p>\n<p><a class=\"shutterset_\" title=\"Unser Zelt, \u00fcber und \u00fcber bedeckt mit gefrorenen Wassertropfen.\" href=\"https:\/\/www.abenteuersuechtig.de\/wp-content\/gallery\/osterklettern_fraenkische_2012\/samstag_8.jpg\"><img decoding=\"async\" class=\"ngg-singlepic ngg-none\" src=\"https:\/\/www.abenteuersuechtig.de\/wp-content\/gallery\/osterklettern_fraenkische_2012\/thumbs\/thumbs_samstag_8.jpg\" alt=\"samstag_8\"><\/a><\/p>\n<h2>Sonntag, 08. April 2012<\/h2>\n<p>Der Sonntag begann kalt. Aufgestanden gegen viertel nach acht f\u00fchrte mich mein erster Weg zu den Waschr\u00e4umen am anderen Ende des Campingplatzes. Soweit kein Problem, hatte ich doch die passenden Klamotten direkt im Zelt liegen, um nicht zu erfrieren \ud83d\ude42 Also rein in die kalte Jacke und los ging es. Auf dem R\u00fcckweg vom Z\u00e4hne putzen gab es dann auch noch den Beweis daf\u00fcr, dass wir etwas frieren durften:<\/p>\n<p><a class=\"shutterset_\" title=\"Eisige null Grad hatten wir's morgens gegen halb neun.\" href=\"https:\/\/www.abenteuersuechtig.de\/wp-content\/gallery\/osterklettern_fraenkische_2012\/sonntag_01.jpg\"><img decoding=\"async\" class=\"ngg-singlepic ngg-none\" src=\"https:\/\/www.abenteuersuechtig.de\/wp-content\/gallery\/osterklettern_fraenkische_2012\/thumbs\/thumbs_sonntag_01.jpg\" alt=\"sonntag_01\"><\/a><\/p>\n<p>Doch selbst die null Grad konnten uns nicht den Spa\u00df verderben, also holten wir an der Rezeption unsere Br\u00f6tchen und bereiteten unser Osterfr\u00fchst\u00fcck an der frischen Luft und im strahlenden Sonnenschein vor:<\/p>\n<p><a class=\"shutterset_\" title=\"Unser Fr\u00fchst\u00fcckstisch.\" href=\"https:\/\/www.abenteuersuechtig.de\/wp-content\/gallery\/osterklettern_fraenkische_2012\/sonntag_02.jpg\"><img decoding=\"async\" class=\"ngg-singlepic ngg-none\" src=\"https:\/\/www.abenteuersuechtig.de\/wp-content\/gallery\/osterklettern_fraenkische_2012\/thumbs\/thumbs_sonntag_02.jpg\" alt=\"sonntag_02\"><\/a><\/p>\n<p><a class=\"shutterset_\" title=\"Unsere Truppe beim Osterfr\u00fchst\u00fcck.\" href=\"https:\/\/www.abenteuersuechtig.de\/wp-content\/gallery\/osterklettern_fraenkische_2012\/sonntag_03.jpg\"><img decoding=\"async\" class=\"ngg-singlepic ngg-none\" src=\"https:\/\/www.abenteuersuechtig.de\/wp-content\/gallery\/osterklettern_fraenkische_2012\/thumbs\/thumbs_sonntag_03.jpg\" alt=\"sonntag_03\"><\/a><\/p>\n<p>Da f\u00fcr die kommende Nacht Temperaturen von bis zu -7\u00b0C gemeldet waren, beschlossen wir, im wahrsten Sinne des Wortes, die Zelte abzuschlagen und die Nacht von Sonntag auf Montag in F\u00fcrth bei Flo&#8217;s Eltern zu verbringen. Die Aussicht auf ein warmes Bett, ein normales Badezimmer und die Sauna waren dann doch zu gut&#8230; Es stand nun noch die Qual der Wahl bevor, welchen Felsen wir an diesem Tag beklettern sollten. Diese fiel nach kurzer \u00dcberlegung auf den &#8222;<a href=\"http:\/\/www.klettern.frankenjura.com\/php3\/select_fels.php3?id=4-17-4\" target=\"_blank\">R\u00f6thelfels 14 &#8211; Sektor Daniel<\/a>&#8222;. Der R\u00f6thelfels ist riesig, mit insgesamt 17 W\u00e4nden und was wei\u00df ich wie vielen Routen ist hier f\u00fcr wirklich jeden etwas dabei. Der Zustieg zum Fels Daniel dauert ca. zehn Minuten und ist relativ leicht zu bew\u00e4ltigen. Oben angekommen st\u00fcrzten wir uns direkt in die ersten Routen. Ich begann mit &#8222;<a href=\"http:\/\/www.klettern.frankenjura.com\/php3\/select_route.php3?id=4-17-4--6\" target=\"_blank\">Kokolores (6)<\/a>&#8222;, was so viel bedeutet wie Unsinn, eine wirklich tolle, rund 30 Meter lange Route. Zuerst geht es mehr oder weniger senkrecht nach oben und leicht nach rechts, dann steht man auf dem Daniel, einem kleinen Felsteil, von dem aus man \u00fcber eine kleine, etwa einen Meter breite &#8222;Schlucht&#8220; auf den R\u00f6thelfels steigen\/springen muss. H\u00f6rt sich alles deutlich schlimmer an, als es ist, auf der Seite der Route (siehe Link oben) ist ein gutes Bild von dieser Stelle zu sehen. Nach dem \u00dcberstieg kommt eine etwas doofe stelle, die es zu bew\u00e4ltigen gilt, aber dann geht es an sch\u00f6nen Henkeln wieder weiter bis ganz nach oben. Auch wenn die Route mit UIAA 6 nicht sonderlich schwer ist, ist sie definitiv einen Versuch wert!<\/p>\n<p><a class=\"shutterset_\" title=\"Flo im Nachstieg der Kokolores.\" href=\"https:\/\/www.abenteuersuechtig.de\/wp-content\/gallery\/osterklettern_fraenkische_2012\/sonntag_04.jpg\"><img decoding=\"async\" class=\"ngg-singlepic ngg-none\" src=\"https:\/\/www.abenteuersuechtig.de\/wp-content\/gallery\/osterklettern_fraenkische_2012\/thumbs\/thumbs_sonntag_04.jpg\" alt=\"sonntag_04\"><\/a><\/p>\n<p>Zwischenzeitlich waren auch Flo&#8217;s Schwester und Eltern am Felsen angekommen. Lisa, seine Schwester, wollte mit uns klettern, die Eltern eine Runde wandern gehen. Als n\u00e4chstes ging es ans &#8222;<a href=\"http:\/\/www.klettern.frankenjura.com\/php3\/select_route.php3?id=4-17-4--005\" target=\"_blank\">R\u00f6thelfieber (7-)<\/a>&#8220; und die &#8222;<a href=\"http:\/\/www.klettern.frankenjura.com\/php3\/select_route.php3?id=4-17-4--1\" target=\"_blank\">Zinnober (6-)<\/a>&#8222;, w\u00e4hrend die anderen sich an den etwas leichteren Routen versuchten, schlie\u00dflich hatten wir auch Kletteranf\u00e4nger dabei. Das &#8222;R\u00f6thelfieber&#8220; ist auch eine wirklich sch\u00f6ne und mit 30 Metern ebenfalls lange Route, allerdings sollten ein Haken im oberen Teil und der Sauschwanz in n\u00e4chster Zeit ausgetauscht werden.<\/p>\n<p><a class=\"shutterset_\" title=\"Lisa sichert flei\u00dfig.\" href=\"https:\/\/www.abenteuersuechtig.de\/wp-content\/gallery\/osterklettern_fraenkische_2012\/sonntag_05.jpg\"><img decoding=\"async\" class=\"ngg-singlepic ngg-none\" src=\"https:\/\/www.abenteuersuechtig.de\/wp-content\/gallery\/osterklettern_fraenkische_2012\/thumbs\/thumbs_sonntag_05.jpg\" alt=\"sonntag_05\"><\/a> <a class=\"shutterset_\" title=\"W\u00e4hrend Tobi sich in die Wand st\u00fcrzt.\" href=\"https:\/\/www.abenteuersuechtig.de\/wp-content\/gallery\/osterklettern_fraenkische_2012\/sonntag_06.jpg\"><img decoding=\"async\" class=\"ngg-singlepic ngg-none\" src=\"https:\/\/www.abenteuersuechtig.de\/wp-content\/gallery\/osterklettern_fraenkische_2012\/thumbs\/thumbs_sonntag_06.jpg\" alt=\"sonntag_06\"><\/a><\/p>\n<p><a class=\"shutterset_\" title=\"Eva ebenfalls in der Kokolores.\" href=\"https:\/\/www.abenteuersuechtig.de\/wp-content\/gallery\/osterklettern_fraenkische_2012\/sonntag_07.jpg\"><img decoding=\"async\" class=\"ngg-singlepic ngg-none\" src=\"https:\/\/www.abenteuersuechtig.de\/wp-content\/gallery\/osterklettern_fraenkische_2012\/thumbs\/thumbs_sonntag_07.jpg\" alt=\"sonntag_07\"><\/a> <a class=\"shutterset_\" title=\"Safety first... ohne Bandschlinge geht auf dem Absatz am Fu\u00df der Zinnober nichts.\" href=\"https:\/\/www.abenteuersuechtig.de\/wp-content\/gallery\/osterklettern_fraenkische_2012\/sonntag_08.jpg\"><img decoding=\"async\" class=\"ngg-singlepic ngg-none\" src=\"https:\/\/www.abenteuersuechtig.de\/wp-content\/gallery\/osterklettern_fraenkische_2012\/thumbs\/thumbs_sonntag_08.jpg\" alt=\"sonntag_08\"><\/a><\/p>\n<p>Und w\u00e4hrend Flo und ich die Wand empor kletterten, legten Eva, Lisa, Vera und Tobi erst mal ein P\u00e4uschen ein \ud83d\ude42<\/p>\n<p><a class=\"shutterset_\" title=\"Mittagspause.\" href=\"https:\/\/www.abenteuersuechtig.de\/wp-content\/gallery\/osterklettern_fraenkische_2012\/sonntag_09.jpg\"><img decoding=\"async\" class=\"ngg-singlepic ngg-none\" src=\"https:\/\/www.abenteuersuechtig.de\/wp-content\/gallery\/osterklettern_fraenkische_2012\/thumbs\/thumbs_sonntag_09.jpg\" alt=\"sonntag_09\"><\/a><\/p>\n<p>Hier noch mal zwei Bilder von oben:<\/p>\n<p><a class=\"shutterset_\" title=\"Blick hinunter zum Wandfu\u00df.\" href=\"https:\/\/www.abenteuersuechtig.de\/wp-content\/gallery\/osterklettern_fraenkische_2012\/sonntag_10.jpg\"><img decoding=\"async\" class=\"ngg-singlepic ngg-none\" src=\"https:\/\/www.abenteuersuechtig.de\/wp-content\/gallery\/osterklettern_fraenkische_2012\/thumbs\/thumbs_sonntag_10.jpg\" alt=\"sonntag_10\"><\/a> <a class=\"shutterset_\" title=\"Vera schl\u00e4gt sich wacker f\u00fcr ihre ersten Kletterversuche am Fels.\" href=\"https:\/\/www.abenteuersuechtig.de\/wp-content\/gallery\/osterklettern_fraenkische_2012\/sonntag_11.jpg\"><img decoding=\"async\" class=\"ngg-singlepic ngg-none\" src=\"https:\/\/www.abenteuersuechtig.de\/wp-content\/gallery\/osterklettern_fraenkische_2012\/thumbs\/thumbs_sonntag_11.jpg\" alt=\"sonntag_11\"><\/a><\/p>\n<p>Zum Abschluss wollte ich noch einen absoluten Klassiker klettern und zwar die Route &#8222;<a href=\"http:\/\/www.klettern.frankenjura.com\/php3\/select_route.php3?id=4-17-14--12\" target=\"_blank\">Kumulus (7)<\/a>&#8220; am &#8222;<a href=\"http:\/\/www.klettern.frankenjura.com\/php3\/select_fels.php3?id=4-17-14\" target=\"_blank\">R\u00f6thelfels 15 &#8211; Treusteiner Weg<\/a>&#8222;. Die Route wurde 1978 von <a href=\"http:\/\/de.wikipedia.org\/wiki\/Kurt_Albert\" target=\"_blank\">Kurt Albert <\/a>erstbegangen und sp\u00e4ter von <a href=\"http:\/\/de.wikipedia.org\/wiki\/Wolfgang_G%C3%BCllich\" target=\"_blank\">Wolfgang G\u00fcllich<\/a> free solo wiederholt. Ich kann nur eines sagen, n\u00e4mlich dass diese Route zu den absoluten Highlights geh\u00f6rt, die ich in den vergangenen dreieinhalb Jahren klettern durfte! Schon im Topoguide war sie als sp\u00e4rlich abgesichert gekennzeichnet und tats\u00e4chlich sollte man gerade vor dem zweiten Haken nicht fallen! Aber auch die sch\u00e4tzungsweise sechs Meter zwischen dem letzten Haken und der Umlenkung sind nichts f\u00fcr schwache Nerven. Die Freude, diese Route geschafft zu haben, musste ich dann beim Erreichen der Umlenkung auch erst mal lautstark kundtun \ud83d\ude42 Einfach Wahnsinn, diese Linie, bei n\u00e4chster Gelegenheit geht es hier f\u00fcr mich mit Sicherheit noch mal hinauf!<\/p>\n<p>Tobi und Vera hatten sich zwischenzeitlich verabschiedet, drei Klettertage waren f\u00fcr die beiden genug, daher traten sie schon mal die Heimreise nach N\u00fcrnberg an. Wir anderen vier packten unsere Sachen zusammen und wollten gerade absteigen, als Flo&#8217;s Eltern vom Wandern zur\u00fcck kamen. Es wurde spontan beschlossen, noch in der Gaststube der <a href=\"http:\/\/www.meisterbr\u00e4u.de\/mod\/main.php\" target=\"_blank\">Privatbrauerei Meister<\/a> etwas essen zu gehen, um den Tag gem\u00fctlich ausklingen zu lassen. Leckeres Essen und ein prima Vollbier gibt&#8217;s hier zu, gerade wenn man aus dem Rhein-Main-Gebiet kommt, wirklich g\u00fcnstigen Preisen, auch hierf\u00fcr meine Empfehlung.<\/p>\n<p>Nach dem Essen ging es also auf nach F\u00fcrth, dort bezogen wir unsere Zimmer und warteten auf das Vorheizen der Sauna, um bei zwei Saunag\u00e4ngen den Abend dann wirklich entspannt zu Ende zu bringen. F\u00fcr 22 Uhr hatten sich noch Vera, Tobi, sowie zwei Freunde von Flo, Clemi und Lisa aus N\u00fcrnberg angek\u00fcndigt. Also wurde im Keller noch ein Bierchen getrunken, bevor die vier um 0 Uhr wieder nach hause fuhren und wir m\u00fcde und zufrieden ins Bett fielen.<\/p>\n<h2>Montag, 09. April 2012<\/h2>\n<p>Regenwetter und k\u00fchle Temperaturen sind nicht unbedingt Umst\u00e4nde, die das Klettererherz h\u00f6her schlagen lassen, schon gar nicht in Kombination. Dennoch wollten wir den letzten Tag noch nutzen und entschieden uns f\u00fcr das &#8222;<a href=\"http:\/\/www.klettern.frankenjura.com\/php3\/select_fels.php3?id=1-08-13\" target=\"_blank\">Obere Diebesloch<\/a>&#8222;. Flo und ich waren dort letztes Jahr schon einmal mit seinem Cousin Roland, an einem \u00e4hnlich verregneten Tag, daher wussten wir, dass es sich hier auch an nassen Tagen ganz gut klettern l\u00e4sst. Davon abgesehen hatte ich hier noch ein Projekt zu erledigen, eine wundersch\u00f6ne Route, die ich im letzten Jahr leider nicht durchsteigen konnte.<\/p>\n<p>Am Diebesloch angekommen machten wir zuerst Bekanntschaft mit zwei anderen Kletterern, die wohl in der Gegend wohnten und nach zwei oder drei Minuten erz\u00e4hlen ank\u00fcndigten, jetzt heim zu fahren und eine Brotzeit einzulegen. Auf meinen Kommentar, sie sollten uns was zu essen mit mitbringen wurden wir spontan zu den beiden zum Mittagessen eingeladen (falls ihr das hier lesen solltet, danke noch mal f\u00fcr das Angebot!), wir lehnten jedoch dankend ab, da wir ja gerade erst angekommen waren und klettern wollten. Bevor die beiden uns verlie\u00dfen, wurde jedoch noch etwas \u00fcber die einzelnen Routen und die M\u00f6glichkeiten des selbst absicherns gefachsimpelt.<\/p>\n<p><a class=\"shutterset_\" title=\"Da war mich zwischendurch ausnahmsweise mal warm...\" href=\"https:\/\/www.abenteuersuechtig.de\/wp-content\/gallery\/osterklettern_fraenkische_2012\/montag_02.jpg\"><img decoding=\"async\" class=\"ngg-singlepic ngg-none\" src=\"https:\/\/www.abenteuersuechtig.de\/wp-content\/gallery\/osterklettern_fraenkische_2012\/thumbs\/thumbs_montag_02.jpg\" alt=\"montag_02\"><\/a><\/p>\n<p>Kurz darauf ging es auch schon los, wir entschieden uns f\u00fcr den Anfang f\u00fcr die Route &#8222;<a href=\"http:\/\/www.klettern.frankenjura.com\/php3\/select_route.php3?id=1-08-13--15\">Ronja (7-)<\/a>&#8222;, eine kurze aber doch recht nett zu kletterne Tour. Danach war der &#8222;<a href=\"http:\/\/www.klettern.frankenjura.com\/php3\/select_route.php3?id=1-08-13--12\">Alte Weg (6+)<\/a>&#8220; an der Reihe, eine wirklich tolle Route mit einer Verschneidung direkt nach dem Einstieg und einem Quergang unterhalb eines Felsvorsprungs. Ich lie\u00df es mir nicht nehmen, den Riss an genau dieser Stelle selbst mit Friends abzusichern, welche auch prima hielten, wie Flo sp\u00e4ter beim Nachstieg ausprobierte.<\/p>\n<p><a class=\"shutterset_\" title=\"Die Friends halten.\" href=\"https:\/\/www.abenteuersuechtig.de\/wp-content\/gallery\/osterklettern_fraenkische_2012\/montag_01.jpg\"><img decoding=\"async\" class=\"ngg-singlepic ngg-none\" src=\"https:\/\/www.abenteuersuechtig.de\/wp-content\/gallery\/osterklettern_fraenkische_2012\/thumbs\/thumbs_montag_01.jpg\" alt=\"montag_01\"><\/a> <a class=\"shutterset_\" title=\"Flo steigt den alten Weg nach.\" href=\"https:\/\/www.abenteuersuechtig.de\/wp-content\/gallery\/osterklettern_fraenkische_2012\/montag_03.jpg\"><img decoding=\"async\" class=\"ngg-singlepic ngg-none\" src=\"https:\/\/www.abenteuersuechtig.de\/wp-content\/gallery\/osterklettern_fraenkische_2012\/thumbs\/thumbs_montag_03.jpg\" alt=\"montag_03\"><\/a><\/p>\n<p>Danach st\u00fcrzten wir uns noch auf &#8222;<a href=\"http:\/\/www.klettern.frankenjura.com\/php3\/select_route.php3?id=1-08-13--14\" target=\"_blank\">Bonny und Clyde (7)<\/a>&#8222;, ebenfalls eine sehr sch\u00f6ne Route, die wir bei besserem Wetter noch mal wiederholen wollen.<\/p>\n<p><a class=\"shutterset_\" title=\"Eva in Bonny und Clyde\" href=\"https:\/\/www.abenteuersuechtig.de\/wp-content\/gallery\/osterklettern_fraenkische_2012\/montag_06.jpg\"><img decoding=\"async\" class=\"ngg-singlepic ngg-none\" src=\"https:\/\/www.abenteuersuechtig.de\/wp-content\/gallery\/osterklettern_fraenkische_2012\/thumbs\/thumbs_montag_06.jpg\" alt=\"montag_06\"><\/a><\/p>\n<p>Nun war es an der Zeit f\u00fcr mein Projekt und damit die Abschlussroute des Tages und des Wochenendes.<\/p>\n<p><a class=\"shutterset_\" title=\"Der Quergang von unten rechts nach oben links.\" href=\"https:\/\/www.abenteuersuechtig.de\/wp-content\/gallery\/osterklettern_fraenkische_2012\/montag_04.jpg\"><img decoding=\"async\" class=\"ngg-singlepic ngg-none\" src=\"https:\/\/www.abenteuersuechtig.de\/wp-content\/gallery\/osterklettern_fraenkische_2012\/thumbs\/thumbs_montag_04.jpg\" alt=\"montag_04\"><\/a><\/p>\n<p>Ein bisschen selbst Mut zusprechen, ein bisschen einstimmen auf den geplanten Durchstieg und den Abschluss des Projektes &#8222;<a href=\"http:\/\/www.klettern.frankenjura.com\/php3\/select_route.php3?id=1-08-13--09\" target=\"_blank\">Quergang (7\/7+)<\/a>&#8222;. Es handelt sich hierbei um eine stark \u00fcberh\u00e4ngende, aber gut abgesicherte Route mit sch\u00f6nen, gro\u00dfen Henkeln, die aber extrem anstrengend ist.<\/p>\n<p><a class=\"shutterset_\" title=\"Aufw\u00e4rmen und selbst anfeuern :)\" href=\"https:\/\/www.abenteuersuechtig.de\/wp-content\/gallery\/osterklettern_fraenkische_2012\/montag_07.jpg\"><img decoding=\"async\" class=\"ngg-singlepic ngg-none\" src=\"https:\/\/www.abenteuersuechtig.de\/wp-content\/gallery\/osterklettern_fraenkische_2012\/thumbs\/thumbs_montag_07.jpg\" alt=\"montag_07\"><\/a>&nbsp;<a class=\"shutterset_\" title=\"Aber dann doch kurzzeitig kapitulieren :(\" href=\"https:\/\/www.abenteuersuechtig.de\/wp-content\/gallery\/osterklettern_fraenkische_2012\/montag_08.jpg\"><img decoding=\"async\" class=\"ngg-singlepic ngg-none\" src=\"https:\/\/www.abenteuersuechtig.de\/wp-content\/gallery\/osterklettern_fraenkische_2012\/thumbs\/thumbs_montag_08.jpg\" alt=\"montag_08\"><\/a><\/p>\n<p>Noch vor dem ersten Haken kam dann aber auch schon die Ern\u00fcchterung. Ich brauchte drei Versuche, um \u00fcberhaupt zur ersten Zwischensicherung zu kommen und auch dann gelang mit die Rotpunktbegehung nicht, sondern nur, indem ich mich zwei mal ins Seil setzte. Der kalte Fels, vier Tage klettern und die Feuchtigkeit in den Henkeln der Route machten es einfach zu schwer f\u00fcr diesen Tag. Dennoch eine tolle Route, die ich im Sommer dann hoffentlich auch Rotpunkt abhaken kann.<\/p>\n<p><a class=\"shutterset_\" title=\"Los geht's!\" href=\"https:\/\/www.abenteuersuechtig.de\/wp-content\/gallery\/osterklettern_fraenkische_2012\/montag_09.jpg\"><img decoding=\"async\" class=\"ngg-singlepic ngg-none\" src=\"https:\/\/www.abenteuersuechtig.de\/wp-content\/gallery\/osterklettern_fraenkische_2012\/thumbs\/thumbs_montag_09.jpg\" alt=\"montag_09\"><\/a>&nbsp;<a class=\"shutterset_\" title=\"Und geschafft!\" href=\"https:\/\/www.abenteuersuechtig.de\/wp-content\/gallery\/osterklettern_fraenkische_2012\/montag_11.jpg\"><img decoding=\"async\" class=\"ngg-singlepic ngg-none\" src=\"https:\/\/www.abenteuersuechtig.de\/wp-content\/gallery\/osterklettern_fraenkische_2012\/thumbs\/thumbs_montag_11.jpg\" alt=\"montag_11\"><\/a><\/p>\n<p>Vom Diebesloch aus traten Eva und ich die direkte Heimreise an, Flo fuhr noch mal zur\u00fcck nach N\u00fcrnberg und dann erst Richtung Heimat.<\/p>\n<p>Alles in allem war es ein kalten, aber super spa\u00dfiges, sportliches und tolles Wochenende mit jeder Menge netter Leute, das so hoffentlich noch mehrfach wiederholt wird!<\/p>\n","protected":false},"excerpt":{"rendered":"<p><span class=\"excerpt-hellip\"> [\u2026]<\/span><\/p>\n","protected":false},"author":2,"featured_media":0,"comment_status":"open","ping_status":"open","sticky":false,"template":"","format":"standard","meta":{"ngg_post_thumbnail":0,"jetpack_post_was_ever_published":false,"_jetpack_newsletter_access":"","_jetpack_dont_email_post_to_subs":false,"_jetpack_newsletter_tier_id":0,"_jetpack_memberships_contains_paywalled_content":false,"_jetpack_memberships_contains_paid_content":false,"footnotes":""},"categories":[3],"tags":[53,54,52,667,56,39,57,50,55],"class_list":["post-287","post","type-post","status-publish","format-standard","hentry","category-klettern-bouldern","tag-barenschlucht","tag-diebesloch","tag-franken","tag-frankische-schweiz","tag-johnny-cash-wand","tag-klettern-2","tag-rothelfels","tag-sportklettern","tag-weidener-wand"],"jetpack_featured_media_url":"","jetpack_shortlink":"https:\/\/wp.me\/p6K39A-4D","jetpack_sharing_enabled":true,"_links":{"self":[{"href":"https:\/\/www.abenteuersuechtig.de\/index.php\/wp-json\/wp\/v2\/posts\/287","targetHints":{"allow":["GET"]}}],"collection":[{"href":"https:\/\/www.abenteuersuechtig.de\/index.php\/wp-json\/wp\/v2\/posts"}],"about":[{"href":"https:\/\/www.abenteuersuechtig.de\/index.php\/wp-json\/wp\/v2\/types\/post"}],"author":[{"embeddable":true,"href":"https:\/\/www.abenteuersuechtig.de\/index.php\/wp-json\/wp\/v2\/users\/2"}],"replies":[{"embeddable":true,"href":"https:\/\/www.abenteuersuechtig.de\/index.php\/wp-json\/wp\/v2\/comments?post=287"}],"version-history":[{"count":22,"href":"https:\/\/www.abenteuersuechtig.de\/index.php\/wp-json\/wp\/v2\/posts\/287\/revisions"}],"predecessor-version":[{"id":9450,"href":"https:\/\/www.abenteuersuechtig.de\/index.php\/wp-json\/wp\/v2\/posts\/287\/revisions\/9450"}],"wp:attachment":[{"href":"https:\/\/www.abenteuersuechtig.de\/index.php\/wp-json\/wp\/v2\/media?parent=287"}],"wp:term":[{"taxonomy":"category","embeddable":true,"href":"https:\/\/www.abenteuersuechtig.de\/index.php\/wp-json\/wp\/v2\/categories?post=287"},{"taxonomy":"post_tag","embeddable":true,"href":"https:\/\/www.abenteuersuechtig.de\/index.php\/wp-json\/wp\/v2\/tags?post=287"}],"curies":[{"name":"wp","href":"https:\/\/api.w.org\/{rel}","templated":true}]}}