{"id":5104,"date":"2015-08-27T16:09:25","date_gmt":"2015-08-27T14:09:25","guid":{"rendered":"https:\/\/www.abenteuersuechtig.de\/?p=5104"},"modified":"2017-02-08T12:30:59","modified_gmt":"2017-02-08T11:30:59","slug":"grand-capucin-schweizerfuehre","status":"publish","type":"post","link":"https:\/\/www.abenteuersuechtig.de\/index.php\/grand-capucin-schweizerfuehre\/","title":{"rendered":"Grand Capucin &#8211; Schweizerf\u00fchre"},"content":{"rendered":"<h2>Die Entscheidung ist gefallen: Grand Capucin &#8211; Schweizerf\u00fchre<\/h2>\n<p><a class=\"ngg_lightbox\" title=\"Der ungef\u00e4hre Routenverlauf der Schweizerf\u00fchre am Grand Capucin\" href=\"https:\/\/www.abenteuersuechtig.de\/wp-content\/gallery\/grand-capucin\/Grand-Capucin-Schweizerfuehre_1.jpg\" data-image-id=\"1805\" data-src=\"https:\/\/www.abenteuersuechtig.de\/wp-content\/gallery\/grand-capucin\/Grand-Capucin-Schweizerfuehre_1.jpg\" data-thumbnail=\"https:\/\/www.abenteuersuechtig.de\/wp-content\/gallery\/grand-capucin\/thumbs\/thumbs_Grand-Capucin-Schweizerfuehre_1.jpg\" data-title=\"Der ungef\u00e4hre Routenverlauf der Schweizerf\u00fchre am Grand Capucin\" data-description=\"Der ungef\u00e4hre Routenverlauf der Schweizerf\u00fchre am Grand Capucin\"><img decoding=\"async\" class=\"ngg-singlepic ngg-left alignleft\" src=\"https:\/\/www.abenteuersuechtig.de\/wp-content\/gallery\/grand-capucin\/thumbs\/thumbs_Grand-Capucin-Schweizerfuehre_1.jpg\" alt=\"Der ungef\u00e4hre Routenverlauf der Schweizerf\u00fchre am Grand Capucin\"><\/a>Ich war erstaunlich ruhig in der Nacht vor der gro\u00dfen Tour auf den Grand Capucin. Schlie\u00dflich gilt er doch als der schwierigste zu ersteigende Berg der Alpen. Der Normalweg, die Schweizerf\u00fchre, bewegt sich im VII. UIAA-Schwierigkeitsgrad und damit bietet der 3838m hohe <a href=\"https:\/\/de.wikipedia.org\/wiki\/Grand_Capucin\">Grand Capucin<\/a> keinen leichten Anstieg.<br \/>\nVielleicht war ich so ruhig, weil ich bis dato nie zu tr\u00e4umen gewagt h\u00e4tte hier einzusteigen, ist doch mein und auch Dennis\u2018&nbsp; Kletterk\u00f6nnen zwar nicht unbedingt unter den klettertechnischen Anforderungen, aber definitiv noch unter den Anforderungen der notwendigen routinierten alpinen Sicherungskenntnisse. Schlie\u00dflich sind in der gesamten Tour au\u00dfer ein paar alten Rostgurken und ganz vereinzelt einigen Bohrhaken nur die Standpl\u00e4tze gebohrt. Alles andere dazwischen ist selbst durch Friends und Keile abzusichern. Mit Thomas hatten wir allerdings einen doch erfahrenen Mitstreiter am Seil. Thomas hatte mir sowieso schon seit Tagen den \u201eFloh\u201c ins Ohr gesetzt, dass dies doch eine geniale Tour w\u00e4re. Ich hielt das nie f\u00fcr richtig ernstgemeint, aber das war es wohl und schlie\u00dflich schaffte er es auch mich, durch seine gebetsm\u00fchlenartigen Wiederholungen von dieser Tour zu \u00fcberzeugen. Dennis war sich zwar vor allen Dingen wegen seines noch nicht vollst\u00e4ndig verheilten B\u00e4nderrisses etwas unsicher, aber auch er lie\u00df sich auf das Abenteuer ein.<\/p>\n<h2>Grand Capucin &#8211; Schweizerf\u00fchre<\/h2>\n<p>Der Wecker klingelte fr\u00fch um 6:15 Uhr und wir begangen mit den \u00fcblichen, morgendlichen Vorbereitungen. Das heraussch\u00e4len aus den warmen, molligen Schlafs\u00e4cken stellt dabei immer die erste H\u00fcrde dar. Anschlie\u00dfend standen wieder Schnee schmelzen, Haferbrei kochen und packen auf der Tagesordnung. W\u00e4hrenddessen zogen bereits drei Seilschaften, kommend vom Rif. Torino, an unserem Zeltplatz vorbei. Wie sich sp\u00e4ter herausstellen sollte, wollten diese auch in die Schweizerf\u00fchre. Weitere Seilschaften stiegen in andere Routen ein, sodass an diesem sonnigen Tag Hochbetrieb am Grand Capucin herrschte. Um 7:15 Uhr zogen auch wir dann los und da wir nahezu direkt am Wandfu\u00df campten, war unser Zustieg dann doch sehr kurz. Nach bereits 15 Minuten standen wir am Bergschrund, welcher sich trotz des gro\u00dfen Lochs verh\u00e4ltnism\u00e4\u00dfig einfach durch Abklettern in die Spalte \u00fcberwinden lie\u00df. Der anschlie\u00dfende, 45\u00b0 steile Firnhang war dann schon herausfordernder, insbesondere da wir auf Thomas geh\u00f6rt hatten und nur Steigeisen angezogen, das Eisger\u00e4t aber am Zelt gelassen hatten. 1. Lektion f\u00fcr mich an diesem Tag: <em>Richte dich immer nach deinen Erfahrungen und nicht denen anderer. \ud83d\ude42<\/em>&nbsp; Dennoch meisterten wir dann, dank guter Stufen, den Hang bravour\u00f6s und das Adrenalin schoss Dennis und mir das erste Mal an diesem Tag in die Adern. Ein Sturz in dem Firnhang h\u00e4tte n\u00e4mlich unweigerlich einen Sturz in die tiefe Randkluft zur Folge und w\u00e4re ohne Eisger\u00e4t nie zu bremsen gewesen. Daher waren wir froh als wir vom Firnhang auf die ersten Felsstufen queren konnten und wieder \u201esicheren\u201c Boden unter den F\u00fc\u00dfen hatten.<br \/>\nSchon war der erste Standplatz in Sicht und nach kurzer Blockkletterei auch erreicht.Dort deponierten wir einen Rucksack mit unserer Gletscherausr\u00fcstung, tranken noch etwas und begannen dann mit der gro\u00dfartigen Kletterei in festem, gelben Granit.<\/p>\n<p><a class=\"ngg_lightbox\" title=\"Thomas in der 1. Seill\u00e4nge\" href=\"https:\/\/www.abenteuersuechtig.de\/wp-content\/gallery\/grand-capucin\/P1030237.JPG\" data-image-id=\"1790\" data-src=\"https:\/\/www.abenteuersuechtig.de\/wp-content\/gallery\/grand-capucin\/P1030237.JPG\" data-thumbnail=\"https:\/\/www.abenteuersuechtig.de\/wp-content\/gallery\/grand-capucin\/thumbs\/thumbs_P1030237.JPG\" data-title=\"Thomas in der 1. Seill\u00e4nge\" data-description=\"Thomas in der 1. Seill\u00e4nge\"><img loading=\"lazy\" decoding=\"async\" class=\"ngg-singlepic ngg-left alignleft\" src=\"https:\/\/www.abenteuersuechtig.de\/wp-content\/gallery\/grand-capucin\/thumbs\/thumbs_P1030237.JPG\" alt=\"Thomas in der 1. Seill\u00e4nge\" width=\"300\" height=\"225\"><\/a><a class=\"ngg_lightbox\" title=\"Flo kurz vorm Stand der 3. Seill\u00e4nge\" href=\"https:\/\/www.abenteuersuechtig.de\/wp-content\/gallery\/grand-capucin\/IMG_2011.JPG\" data-image-id=\"1789\" data-src=\"https:\/\/www.abenteuersuechtig.de\/wp-content\/gallery\/grand-capucin\/IMG_2011.JPG\" data-thumbnail=\"https:\/\/www.abenteuersuechtig.de\/wp-content\/gallery\/grand-capucin\/thumbs\/thumbs_IMG_2011.JPG\" data-title=\"Flo kurz vorm Stand der 3. Seill\u00e4nge\" data-description=\"Flo kurz vorm Stand der 3. Seill\u00e4nge\"><img loading=\"lazy\" decoding=\"async\" class=\"ngg-singlepic ngg-left alignleft\" src=\"https:\/\/www.abenteuersuechtig.de\/wp-content\/gallery\/grand-capucin\/thumbs\/thumbs_IMG_2011.JPG\" alt=\"Flo kurz vorm Stand der 3. Seill\u00e4nge\" width=\"300\" height=\"225\"><\/a>Thomas schwebte die erste Seill\u00e4nge im Bereich 4a hoch und auch Dennis und ich waren z\u00fcgig im Nachstieg am n\u00e4chsten Standplatz. Schnell fischte Thomas nur ein paar Cams von Dennis\u2018 Gurt und schwupps war er wieder unterwegs. Lektion 2 an diesem Tag: <em>Verschwende keine Zeit in langen Alpintouren. \ud83d\ude42<\/em><br \/>\nDie n\u00e4chste Seill\u00e4nge war dann nochmals etwas leichteres Gel\u00e4nde, bevor dann in der dritten Seill\u00e4nge eine solide 5c+ \u00fcber eine Rissplatte folgte, welche auf einem kleinen Podest endete.<\/p>\n<p>Hier genossen wir alle den tollen Ausblick auf die umliegenden Gipfel und unser immer kleiner werdendes Zelt.<\/p>\n<p><a class=\"ngg_lightbox\" title=\"Tiefblicke auf unser Zelt\" href=\"https:\/\/www.abenteuersuechtig.de\/wp-content\/gallery\/grand-capucin\/P1090670.JPG\" data-image-id=\"1799\" data-src=\"https:\/\/www.abenteuersuechtig.de\/wp-content\/gallery\/grand-capucin\/P1090670.JPG\" data-thumbnail=\"https:\/\/www.abenteuersuechtig.de\/wp-content\/gallery\/grand-capucin\/thumbs\/thumbs_P1090670.JPG\" data-title=\"Tiefblicke auf unser Zelt\" data-description=\"Tiefblicke auf unser Zelt\"><img decoding=\"async\" class=\"ngg-singlepic ngg-none alignleft\" src=\"https:\/\/www.abenteuersuechtig.de\/wp-content\/gallery\/grand-capucin\/thumbs\/thumbs_P1090670.JPG\" alt=\"Tiefblicke auf unser Zelt\"> <\/a><a class=\"ngg_lightbox\" title=\"Flo machts sich am Stand bequem\" href=\"https:\/\/www.abenteuersuechtig.de\/wp-content\/gallery\/grand-capucin\/P1090669.JPG\" data-image-id=\"1798\" data-src=\"https:\/\/www.abenteuersuechtig.de\/wp-content\/gallery\/grand-capucin\/P1090669.JPG\" data-thumbnail=\"https:\/\/www.abenteuersuechtig.de\/wp-content\/gallery\/grand-capucin\/thumbs\/thumbs_P1090669.JPG\" data-title=\"Flo machts sich am Stand bequem\" data-description=\"Flo machts sich am Stand bequem\"><img loading=\"lazy\" decoding=\"async\" class=\"ngg-singlepic ngg-none alignleft\" src=\"https:\/\/www.abenteuersuechtig.de\/wp-content\/gallery\/grand-capucin\/thumbs\/thumbs_P1090669.JPG\" alt=\"Flo machts sich am Stand bequem\" width=\"300\" height=\"225\"><\/a><\/p>\n<div style=\"clear: both;\">In Seill\u00e4nge 4 wartete dann auch schon die schwierigste Seill\u00e4nge der Tour auf uns, ein sehr strukturarmer Handriss. Unterhalb des Risses war direkt der Standplatz wo wir schlie\u00dflich die erste Seilschaft vor uns einholten.&nbsp; Ab hier bewegten wir uns eigentlich nahezu im Stau, da auch die vorgehende Seilschaft bereits auf die anderen zwei vor ihnen aufgelaufen war.<\/div>\n<p><a class=\"ngg_lightbox\" title=\"Thomas in der Schl\u00fcsselseill\u00e4nge der Schweizerf\u00fchre\" href=\"https:\/\/www.abenteuersuechtig.de\/wp-content\/gallery\/grand-capucin\/P1030249.JPG\" data-image-id=\"1793\" data-src=\"https:\/\/www.abenteuersuechtig.de\/wp-content\/gallery\/grand-capucin\/P1030249.JPG\" data-thumbnail=\"https:\/\/www.abenteuersuechtig.de\/wp-content\/gallery\/grand-capucin\/thumbs\/thumbs_P1030249.JPG\" data-title=\"Thomas in der Schl\u00fcsselseill\u00e4nge der Schweizerf\u00fchre\" data-description=\"Thomas in der Schl\u00fcsselseill\u00e4nge der Schweizerf\u00fchre\"><img loading=\"lazy\" decoding=\"async\" class=\"ngg-singlepic ngg-left alignleft\" src=\"https:\/\/www.abenteuersuechtig.de\/wp-content\/gallery\/grand-capucin\/thumbs\/thumbs_P1030249.JPG\" alt=\"Thomas in der Schl\u00fcsselseill\u00e4nge der Schweizerf\u00fchre\" width=\"187\" height=\"250\"><\/a><a class=\"ngg_lightbox\" title=\"Dennis im Nachstieg der Schl\u00fcsselseill\u00e4nge (4. Seill\u00e4nge)\" href=\"https:\/\/www.abenteuersuechtig.de\/wp-content\/gallery\/grand-capucin\/P1030253.JPG\" data-image-id=\"1795\" data-src=\"https:\/\/www.abenteuersuechtig.de\/wp-content\/gallery\/grand-capucin\/P1030253.JPG\" data-thumbnail=\"https:\/\/www.abenteuersuechtig.de\/wp-content\/gallery\/grand-capucin\/thumbs\/thumbs_P1030253.JPG\" data-title=\"Dennis im Nachstieg der Schl\u00fcsselseill\u00e4nge (4. Seill\u00e4nge)\" data-description=\"Dennis im Nachstieg der Schl\u00fcsselseill\u00e4nge (4. Seill\u00e4nge)\"><img loading=\"lazy\" decoding=\"async\" class=\"ngg-singlepic ngg-left alignleft\" src=\"https:\/\/www.abenteuersuechtig.de\/wp-content\/gallery\/grand-capucin\/thumbs\/thumbs_P1030253.JPG\" alt=\"Dennis im Nachstieg der Schl\u00fcsselseill\u00e4nge (4. Seill\u00e4nge)\" width=\"335\" height=\"251\"><\/a>Thomas stieg quasi dem Nachsteiger hinterher in die Seill\u00e4nge ein und versenkte mit nahezu blinder Sicherheit einen perfekten Cam nach dem anderen in dem Riss. Ich hatte im Nachstieg dann doch zu k\u00e4mpfen. Schlie\u00dflich war 6b meine obere Leistungsgrenze und Granitkletterei will auch gelernt sein. Mit etwas \u201eA0\u2019en\u201c (Festhalten an der Expresse) ging es dann aber auch f\u00fcr mich an der strukturarmen Wand den Riss entlang hoch und gl\u00fccklich aber ausgepumpt erreichte ich den Standplatz oberhalb des Risses.<br \/>\nIn Seill\u00e4nge 5 begann direkt vom Standplatz aus rechts die Crux mit einem kleinen, wulstartigen \u00dcberhang, welcher solides Anpacken und Vertrauen in seine Tritttechnik notwendig machte. Wir konnten diese 5c-Stelle gut meistern und danach in einer weniger anspruchsvollen Rinne schnell Meter machen. Der Standplatz war dann wieder ein sch\u00f6nes, kleines Podest.<\/p>\n<p><a class=\"ngg_lightbox\" title=\" \" href=\"https:\/\/www.abenteuersuechtig.de\/wp-content\/gallery\/grand-capucin\/P1030242.JPG\" data-image-id=\"1791\" data-src=\"https:\/\/www.abenteuersuechtig.de\/wp-content\/gallery\/grand-capucin\/P1030242.JPG\" data-thumbnail=\"https:\/\/www.abenteuersuechtig.de\/wp-content\/gallery\/grand-capucin\/thumbs\/thumbs_P1030242.JPG\" data-title=\"P1030242\" data-description=\" \"><img loading=\"lazy\" decoding=\"async\" class=\"ngg-singlepic ngg-none alignright\" src=\"https:\/\/www.abenteuersuechtig.de\/wp-content\/gallery\/grand-capucin\/thumbs\/thumbs_P1030242.JPG\" alt=\"Thomas im Einstieg zu Seill\u00e4nge 5\" width=\"172\" height=\"230\"><\/a><a class=\"ngg_lightbox\" title=\"Dennis am Stand mit Aussicht\" href=\"https:\/\/www.abenteuersuechtig.de\/wp-content\/gallery\/grand-capucin\/P1030250.JPG\" data-image-id=\"1794\" data-src=\"https:\/\/www.abenteuersuechtig.de\/wp-content\/gallery\/grand-capucin\/P1030250.JPG\" data-thumbnail=\"https:\/\/www.abenteuersuechtig.de\/wp-content\/gallery\/grand-capucin\/thumbs\/thumbs_P1030250.JPG\" data-title=\"Dennis am Stand mit Aussicht\" data-description=\"Dennis am Stand mit Aussicht\"><img loading=\"lazy\" decoding=\"async\" class=\"ngg-singlepic ngg-none alignright\" src=\"https:\/\/www.abenteuersuechtig.de\/wp-content\/gallery\/grand-capucin\/thumbs\/thumbs_P1030250.JPG\" alt=\"Dennis am Stand mit Aussicht\" width=\"307\" height=\"230\"><\/a><\/p>\n<p>Generell sind bis auf einen alle St\u00e4nde in der Schweizerf\u00fchre richtig erholsam. \ud83d\ude42<\/p>\n<p>Die 6. Seill\u00e4nge war dann nochmal richtig sch\u00f6ne Kletterei durch eine gro\u00dfe Verschneidungsrinne, welche griffig und gut kletterbar war.<\/p>\n<p>Den Weg konnte man hier kaum verfehlen und landete dann nach gut 35 Metern auf der gro\u00dfen Terrasse. Hier k\u00f6nnte man ohne Probleme biwakieren und auch in die Route \u201eO Sole Mio\u201c wechseln, welche hier mit der Schweizerf\u00fchre zusammentrifft.<\/p>\n<p><a class=\"ngg_lightbox\" title=\"Auf der Terrasse in der Schweizerf\u00fchre\" href=\"https:\/\/www.abenteuersuechtig.de\/wp-content\/gallery\/grand-capucin\/P1090678.JPG\" data-image-id=\"1801\" data-src=\"https:\/\/www.abenteuersuechtig.de\/wp-content\/gallery\/grand-capucin\/P1090678.JPG\" data-thumbnail=\"https:\/\/www.abenteuersuechtig.de\/wp-content\/gallery\/grand-capucin\/thumbs\/thumbs_P1090678.JPG\" data-title=\"Auf der Terasse in der Schweizerf\u00fchre\" data-description=\"Auf der Terasse in der Schweizerf\u00fchre\"><img loading=\"lazy\" decoding=\"async\" class=\"ngg-singlepic ngg-none alignleft\" src=\"https:\/\/www.abenteuersuechtig.de\/wp-content\/gallery\/grand-capucin\/thumbs\/thumbs_P1090678.JPG\" alt=\"Auf der Terasse in der Schweizerf\u00fchre\" width=\"400\" height=\"300\"><\/a><a class=\"ngg_lightbox\" title=\"Thomas in Seill\u00e4nge 6 der Verschneidungsrinne\" href=\"https:\/\/www.abenteuersuechtig.de\/wp-content\/gallery\/grand-capucin\/P1030262.JPG\" data-image-id=\"1797\" data-src=\"https:\/\/www.abenteuersuechtig.de\/wp-content\/gallery\/grand-capucin\/P1030262.JPG\" data-thumbnail=\"https:\/\/www.abenteuersuechtig.de\/wp-content\/gallery\/grand-capucin\/thumbs\/thumbs_P1030262.JPG\" data-title=\"Thomas in Seill\u00e4nge 6 der Verschneidungsrinne\" data-description=\"Thomas in Seill\u00e4nge 6 der Verschneidungsrinne\"><img loading=\"lazy\" decoding=\"async\" class=\"ngg-singlepic ngg-none alignleft\" src=\"https:\/\/www.abenteuersuechtig.de\/wp-content\/gallery\/grand-capucin\/thumbs\/thumbs_P1030262.JPG\" alt=\"Thomas in Seill\u00e4nge 6 der Verschneidungsrinne\" width=\"225\" height=\"300\"><\/a><br \/>\n<a class=\"ngg_lightbox\" title=\"Geniale Aussicht vom Gran Capucin auf den gegen\u00fcberliegenden Granitturm\" href=\"https:\/\/www.abenteuersuechtig.de\/wp-content\/gallery\/grand-capucin\/P1030245.JPG\" data-image-id=\"1792\" data-src=\"https:\/\/www.abenteuersuechtig.de\/wp-content\/gallery\/grand-capucin\/P1030245.JPG\" data-thumbnail=\"https:\/\/www.abenteuersuechtig.de\/wp-content\/gallery\/grand-capucin\/thumbs\/thumbs_P1030245.JPG\" data-title=\"Geniale Aussicht vom Gran Capucin auf den gegen\u00fcberliegenden Granitturm\" data-description=\"Geniale Aussicht vom Gran Capucin auf den gegen\u00fcberliegenden Granitturm\"><img decoding=\"async\" class=\"ngg-singlepic ngg-none alignleft\" src=\"https:\/\/www.abenteuersuechtig.de\/wp-content\/gallery\/grand-capucin\/thumbs\/thumbs_P1030245.JPG\" alt=\"Geniale Aussicht vom Gran Capucin auf den gegen\u00fcberliegenden Granitturm\"><\/a><a class=\"ngg_lightbox\" title=\"Thomas kurz vorm Einstieg in Seill\u00e4nge 7\" href=\"https:\/\/www.abenteuersuechtig.de\/wp-content\/gallery\/grand-capucin\/P1090680.JPG\" data-image-id=\"1802\" data-src=\"https:\/\/www.abenteuersuechtig.de\/wp-content\/gallery\/grand-capucin\/P1090680.JPG\" data-thumbnail=\"https:\/\/www.abenteuersuechtig.de\/wp-content\/gallery\/grand-capucin\/thumbs\/thumbs_P1090680.JPG\" data-title=\"Thomas kurz vorm Einstieg in Seill\u00e4nge 7\" data-description=\"Thomas kurz vorm Einstieg in Seill\u00e4nge 7\"><img loading=\"lazy\" decoding=\"async\" class=\"ngg-singlepic ngg-none alignleft\" src=\"https:\/\/www.abenteuersuechtig.de\/wp-content\/gallery\/grand-capucin\/thumbs\/thumbs_P1090680.JPG\" alt=\"Thomas kurz vorm Einstieg in Seill\u00e4nge 7\" width=\"400\" height=\"300\"><\/a><\/p>\n<div style=\"clear: both;\">Die 7. Seill\u00e4nge f\u00fchrte uns erstmal noch in der Schweizerf\u00fchre in offensichtlicher Linie nach oben und wir erreichten nach etwas anspruchsvoller Plattenkletterei (6a), in welcher sogar einmal 2 Bohrhaken steckten, den Stand rechts der Kante. Die Aussicht war immer noch ph\u00e4nomenal und wir genossen jede Sekunde.<\/div>\n<p><a class=\"ngg_lightbox\" title=\"Dennis am Stand von Seill\u00e4nge 6\" href=\"https:\/\/www.abenteuersuechtig.de\/wp-content\/gallery\/grand-capucin\/P1030259.JPG\" data-image-id=\"1796\" data-src=\"https:\/\/www.abenteuersuechtig.de\/wp-content\/gallery\/grand-capucin\/P1030259.JPG\" data-thumbnail=\"https:\/\/www.abenteuersuechtig.de\/wp-content\/gallery\/grand-capucin\/thumbs\/thumbs_P1030259.JPG\" data-title=\"Dennis am Stand von Seill\u00e4nge 6\" data-description=\"Dennis am Stand von Seill\u00e4nge 6\"><img loading=\"lazy\" decoding=\"async\" class=\"ngg-singlepic ngg-none alignleft\" src=\"https:\/\/www.abenteuersuechtig.de\/wp-content\/gallery\/grand-capucin\/thumbs\/thumbs_P1030259.JPG\" alt=\"Dennis am Stand von Seill\u00e4nge 6\" width=\"400\" height=\"300\"><\/a><a class=\"ngg_lightbox\" title=\"Flo im Nachstieg von Seill\u00e4nge 7\" href=\"https:\/\/www.abenteuersuechtig.de\/wp-content\/gallery\/grand-capucin\/P1090681.JPG\" data-image-id=\"1803\" data-src=\"https:\/\/www.abenteuersuechtig.de\/wp-content\/gallery\/grand-capucin\/P1090681.JPG\" data-thumbnail=\"https:\/\/www.abenteuersuechtig.de\/wp-content\/gallery\/grand-capucin\/thumbs\/thumbs_P1090681.JPG\" data-title=\"Flo im Nachstieg von Seill\u00e4nge 7\" data-description=\"Flo im Nachstieg von Seill\u00e4nge 7\"><img decoding=\"async\" class=\"ngg-singlepic ngg-left alignleft\" src=\"https:\/\/www.abenteuersuechtig.de\/wp-content\/gallery\/grand-capucin\/thumbs\/thumbs_P1090681.JPG\" alt=\"Flo im Nachstieg von Seill\u00e4nge 7\"><\/a><\/p>\n<div style=\"clear: both;\">\n<p>In Seill\u00e4nge 8 folgte ein sehr sch\u00f6ner (Hand-)riss im Grad 6a+ bevor wir dann nach gut 20 Metern an einem Schlingenstand wieder im tiefsten Stau feststeckten.Hier w\u00e4ren wir eigentlich in die \u201eO Sole Mio\u201c gequert, um das Technodach der Schweizerf\u00fchre zu umgehen. Nunmehr hatten wir quasi drei Seilschaften eingeholt und direkt vor uns, es war doch bereits kurz nach 14 Uhr und wir h\u00e4tten noch 2 schwere und eine leichte Seill\u00e4nge vor uns. Dazu drei Seilschaften, welche nicht gerade z\u00fcgig unterwegs waren, immerhin sind wir als Dreierseilschaft gut eine Stunde nach den ersten eingestiegen und haben diese eingeholt. Wir wollten zudem an dem Tag noch das Zelt abbauen und r\u00fcber zum Rif. Torino laufen, damit wir am n\u00e4chsten Tag den Rochfort-Grat gehen konnten.<\/p>\n<p><strong>Wir kalkulierten also:<\/strong><br \/>\nMindestens zwei Stunden noch auf den Gipfel, dann h\u00e4tten wir aber die drei Seilschaften in der Abseilpiste auch vor uns. Also mindestens zwei Stunden abseilen, eher mehr. Wir w\u00e4ren also vor 18 Uhr sicher nicht am Zelt. Abbauen und packen sowie mit 25kg Gep\u00e4ck pro Person \u00fcber tiefen und warm-matschigen Gletscherschnee zur\u00fcck zur H\u00fctte; nochmal mindestens zwei Stunden. Wir w\u00e4ren also sicher vor 20 Uhr (eher sp\u00e4ter) nicht auf der H\u00fctte, m\u00fcssten dann vermutlich betteln, dass wir noch was zu essen bekommen (Abendessen gibt es um 18:30 Uhr) und dann direkt ins Bett.<br \/>\nEine andere Option w\u00e4re eine weitere Nacht im Zelt, Essen hatten wir genug, Gas auch. Dann w\u00e4ren aber der Rochfortgrat und der Dent du G\u00e9ant am n\u00e4chsten Tag ausgefallen und ab Mittwoch sollte das Wetter kurzzeitig schlechter werden. Wir w\u00fcrden uns also diese drei Seill\u00e4ngen mit dem Verlust ein bis zwei anderer Touren erkaufen.<\/p>\n<\/div>\n<p><a class=\"ngg_lightbox\" title=\"Abseilen nach Routenabbruch\" href=\"https:\/\/www.abenteuersuechtig.de\/wp-content\/gallery\/grand-capucin\/P1090682.JPG\" data-image-id=\"1804\" data-src=\"https:\/\/www.abenteuersuechtig.de\/wp-content\/gallery\/grand-capucin\/P1090682.JPG\" data-thumbnail=\"https:\/\/www.abenteuersuechtig.de\/wp-content\/gallery\/grand-capucin\/thumbs\/thumbs_P1090682.JPG\" data-title=\"Abseilen nach Routenabbruch\" data-description=\"Abseilen nach Routenabbruch\"><img decoding=\"async\" class=\"ngg-singlepic ngg-none alignleft\" src=\"https:\/\/www.abenteuersuechtig.de\/wp-content\/gallery\/grand-capucin\/thumbs\/thumbs_P1090682.JPG\" alt=\"Abseilen nach Routenabbruch\"><\/a><\/p>\n<h2>Die Entscheidung: Abbruch der Schweizerf\u00fchre und R\u00fcckzug<\/h2>\n<p>Wir trafen also die schwerste aller Bergsteigerentscheidungen und traten trotz gutem Wetter den R\u00fcckzug an. Wir alle waren nicht begeistert aber wussten, dass es die richtige Entscheidung war. Ich muss uns Dreien als Team ein riesen Kompliment aussprechen, dass wir diese Entscheidung alle gemeinsam mitgetragen haben, auch wenn mir ein Blick in Thomas Augen gezeigt hat, dass ihm das besonders schwer fiel. Das finde ich gro\u00dfartig und hat mir gezeigt, wie wichtig gute Bergkameradschaft ist.<br \/>\nLektion 3 an diesem Tag also: <em>Steige immer vor den ersten ein und laufe lieber fr\u00fcher los. Gerade bei derartig kurzem Zustieg h\u00e4tten wir etwas aus unserem Standortvorteil machen m\u00fcssen.<\/em><br \/>\nLektion 4: <em>Verhalte dich immer besonnen und bescheiden, auch wenn es dir schwer f\u00e4llt. Der Berg l\u00e4uft nicht weg, verzeiht aber unter Umst\u00e4nden auch wenig Fehler. Halte deinen Zeitplan also ein und trete zur Not den R\u00fcckzug an, auch wenn es schwer f\u00e4llt.<\/em><\/p>\n<p>Nach 5 Abseill\u00e4ngen und noch einem \u201eSeilabzugverklemmer\u201c, zum Gl\u00fcck in der letzten L\u00e4nge, wo \u00fcber leichtes Gel\u00e4nde das Seil schnell befreit werden konnte, erreichten wir gegen 16:15 Uhr wieder unser Zelt. Schnell alles abgebaut, Rucks\u00e4cke geschulter und ab ging es zum Abendessen auf das Rif. Torino, wo wir p\u00fcnktlich um 18:30 Uhr eintrafen.<\/p>\n<h2>Hardfacts zur Tour:<\/h2>\n<p><strong>Grand Capucin &#8211;<\/strong> <b>Schweizerf\u00fchre<\/b> <strong>6b (ED-, 6a obl.), <\/strong>10 bis 12 SL je nach L\u00e4nge und Zustand des Firncouloirs am Einstieg, 415m<br \/>\nErstbegehung: Asper\/Bron\/Grossi\/Morel 1956<br \/>\nMaterial: Camalots 0.3-3, Klemmkeile 1-8, 2x50m-Seile, komplette Eisausr\u00fcstung<\/p>\n<p>Wundervolle Risskletterei in bestem Granit, welcher durch verschiedene Risssysteme und Verschneidungen der einfachsten und logischten Linie auf den Grand Capucin folgt. Zustieg zum mehr oder weniger offenen Bergschrund dank Zeltplatz am Fu\u00dfe des Grand Capucin schnell m\u00f6glich. Anschlie\u00dfend folgt ein 45-Grad-Couloir, gefolgt von zwei leichten Seill\u00e4ngen im 4. UIAA-Schwierigkeitsgrad. Danach in anhaltender Schwierigkeit im 6. und 7. UIAA-Grad in perfektem gelben Granit gen Gipfel. Die Route wechselt dabei von der Ostseite auf dei Westseite des Grand Capucin, sodass man nahezu immer in der w\u00e4rmenden Sonne klettern kann. Laut unserem alten F\u00fchrer von 1984 war die Route wohl fr\u00fcher mit \u00fcber 150 Haken eingenagelt, mittlerweile stecken aber nur noch vereinzelt Rostgurken, ansonsten muss man komplett selber absichern. Dies ist allerdings dank des tollen Granit nahezu immer m\u00f6glich. Die Standpl\u00e4tze sind meist recht komfortabel und alle perfekt mit BH eingebohrt. Vor dem Technodach ist ein Wechsel in die O Sole Mio zu empfehlen, da ansonsten technisch geklettert werden muss.<\/p>\n<p>Einen guten <a href=\"http:\/\/2.bp.blogspot.com\/-ewHWxLO-zTg\/U7HTkpU6IdI\/AAAAAAAAE6s\/p_aQWO802Dc\/s1600\/GrandCapucin_SwissRoute_v00_140630.jpg\">Topo <\/a>findet man bei unserem Bloggerkollegen <a href=\"http:\/\/mdettling.blogspot.de\/2014\/06\/grand-capucin-schweizerfuhre-6b.html\">mdettling<\/a>.<\/p>\n<h2>Zum Abschluss eine kleine Anekdote von diesem Abend noch am Rande:<\/h2>\n<p>Thomas und ich standen grade im Materialraum und verstauten unsere Sachen, da meinte er pl\u00f6tzlich zu mir: Ich k\u00f6nnte wetten der Ueli (Steck) ist hier! Ich fragte ihn wie er jetzt darauf kommt und er meinte nur \u201eIch m\u00f6chte mal behaupten, dass unter den normalen Bergsteigern keiner einen Vollcarbon-Pickel hat.\u201c Und in der Tat, der Pickel war so leicht, dass ich es kaum glauben konnte. Angekommen beim Abendessen grinste ich dann Thomas an und meinte nur \u201eDu hattest Recht, da links von uns am Tisch sitzt er wirklich.\u201c (Anmerkung: Ueli Steck war zu dem Zeitpunkt zwei Tage auf der H\u00fctte f\u00fcr sein Projekt 82 4000er. Er absolvierte am Folgetag erfolgreich den Teufelsgrat und den Tag danach passierte leider die <a href=\"https:\/\/www.alpin.de\/home\/news\/9552\/artikel_tour-kollege_von_ueli_steck_stirbt_bei_sturz.html\">Trag\u00f6die mit Martijin Seuren<\/a> am Rochfortgrat. Von dieser Seite nochmals herzliches Beileid an die Familie und Hinterbliebenen.)<\/p>\n<h2><span id=\"Die_Artikelserie_zum_Alpenurlaub_2015\">Die Artikelserie zum Alpenurlaub 2015<\/span><\/h2>\n<p>Dieser Artikel ist Teil drei unserer Artikelserie zum Alpenurlaub 2015.<br \/>\nTeil 1: <a href=\"https:\/\/www.abenteuersuechtig.de\/index.php\/hochtourenurlaub-in-den-westalpen-mont-blanc-gebiet\/\" target=\"_blank\">Hochtourenurlaub in den Westalpen: Mont Blanc Gebiet<br \/>\n<\/a>Teil 2: <a href=\"https:\/\/www.abenteuersuechtig.de\/index.php\/tour-ronde-suedostgrat-statt-nordwand\/\" target=\"_blank\">Tour Ronde S\u00fcdostgrat statt Nordwand<\/a><a href=\"https:\/\/www.abenteuersuechtig.de\/index.php\/grand-capucin-schweizerfuehre\/\" target=\"_blank\"><br \/>\n<\/a>Teil 4: <a href=\"https:\/\/www.abenteuersuechtig.de\/index.php\/himmelsleiter-der-rochefortgrat-und-dent-du-geant\/\" target=\"_blank\">Himmelsleiter: Der Rochefortgrat und Dent du G\u00e9ant<\/a><a href=\"https:\/\/www.abenteuersuechtig.de\/index.php\/grand-capucin-schweizerfuehre\/\" target=\"_blank\"><br \/>\n<\/a>Teil 5: <a href=\"https:\/\/www.abenteuersuechtig.de\/index.php\/mont-blanc-ueberschreitung-by-fair-means\/\" target=\"_blank\">Mont Blanc \u00dcberschreitung by fair means<\/a><\/p>\n","protected":false},"excerpt":{"rendered":"<p><span class=\"excerpt-hellip\"> [\u2026]<\/span><\/p>\n","protected":false},"author":3,"featured_media":5119,"comment_status":"open","ping_status":"open","sticky":false,"template":"","format":"standard","meta":{"ngg_post_thumbnail":0,"jetpack_post_was_ever_published":false,"_jetpack_newsletter_access":"","_jetpack_dont_email_post_to_subs":false,"_jetpack_newsletter_tier_id":0,"_jetpack_memberships_contains_paywalled_content":false,"_jetpack_memberships_contains_paid_content":false,"footnotes":""},"categories":[6,147,3],"tags":[700,699,680,697,696,698,695],"class_list":["post-5104","post","type-post","status-publish","format-standard","has-post-thumbnail","hentry","category-berge","category-hochtouren","category-klettern-bouldern","tag-berge","tag-entscheidung","tag-grand-capucin","tag-hochlager","tag-mont-blanc-massiv","tag-rueckzug","tag-schweizerfuehre"],"jetpack_featured_media_url":"https:\/\/www.abenteuersuechtig.de\/wp-content\/uploads\/ngg_featured\/IMG_2011.JPG","jetpack_shortlink":"https:\/\/wp.me\/p6K39A-1kk","jetpack_sharing_enabled":true,"_links":{"self":[{"href":"https:\/\/www.abenteuersuechtig.de\/index.php\/wp-json\/wp\/v2\/posts\/5104","targetHints":{"allow":["GET"]}}],"collection":[{"href":"https:\/\/www.abenteuersuechtig.de\/index.php\/wp-json\/wp\/v2\/posts"}],"about":[{"href":"https:\/\/www.abenteuersuechtig.de\/index.php\/wp-json\/wp\/v2\/types\/post"}],"author":[{"embeddable":true,"href":"https:\/\/www.abenteuersuechtig.de\/index.php\/wp-json\/wp\/v2\/users\/3"}],"replies":[{"embeddable":true,"href":"https:\/\/www.abenteuersuechtig.de\/index.php\/wp-json\/wp\/v2\/comments?post=5104"}],"version-history":[{"count":21,"href":"https:\/\/www.abenteuersuechtig.de\/index.php\/wp-json\/wp\/v2\/posts\/5104\/revisions"}],"predecessor-version":[{"id":9362,"href":"https:\/\/www.abenteuersuechtig.de\/index.php\/wp-json\/wp\/v2\/posts\/5104\/revisions\/9362"}],"wp:featuredmedia":[{"embeddable":true,"href":"https:\/\/www.abenteuersuechtig.de\/index.php\/wp-json\/wp\/v2\/media\/5119"}],"wp:attachment":[{"href":"https:\/\/www.abenteuersuechtig.de\/index.php\/wp-json\/wp\/v2\/media?parent=5104"}],"wp:term":[{"taxonomy":"category","embeddable":true,"href":"https:\/\/www.abenteuersuechtig.de\/index.php\/wp-json\/wp\/v2\/categories?post=5104"},{"taxonomy":"post_tag","embeddable":true,"href":"https:\/\/www.abenteuersuechtig.de\/index.php\/wp-json\/wp\/v2\/tags?post=5104"}],"curies":[{"name":"wp","href":"https:\/\/api.w.org\/{rel}","templated":true}]}}