{"id":5326,"date":"2015-09-21T23:59:10","date_gmt":"2015-09-21T21:59:10","guid":{"rendered":"https:\/\/www.abenteuersuechtig.de\/?p=5326"},"modified":"2018-04-16T00:33:40","modified_gmt":"2018-04-15T22:33:40","slug":"mont-blanc-ueberschreitung-by-fair-means","status":"publish","type":"post","link":"https:\/\/www.abenteuersuechtig.de\/index.php\/mont-blanc-ueberschreitung-by-fair-means\/","title":{"rendered":"Mont Blanc \u00dcberschreitung by fair means"},"content":{"rendered":"<h2>Der Mont Blanc &#8211; Ein Artikel \u00fcber das beinahe Scheitern am h\u00f6chsten Berg der Alpen.<\/h2>\n<p><a class=\"ngg_lightbox\" title=\"Selbst aus der Ferne ist der Mont Blanc mehr als nur eindrucksvoll.\" href=\"https:\/\/www.abenteuersuechtig.de\/wp-content\/gallery\/mont_blanc\/Zustieg_1.JPG\" data-image-id=\"1832\" data-src=\"https:\/\/www.abenteuersuechtig.de\/wp-content\/gallery\/mont_blanc\/Zustieg_1.JPG\" data-thumbnail=\"https:\/\/www.abenteuersuechtig.de\/wp-content\/gallery\/mont_blanc\/thumbs\/thumbs_Zustieg_1.JPG\" data-title=\"Selbst aus der Ferne ist der Mont Blanc mehr als nur eindrucksvoll.\" data-description=\"Selbst aus der Ferne ist der Mont Blanc mehr als nur eindrucksvoll.\"><img decoding=\"async\" class=\"ngg-singlepic ngg-none\" src=\"https:\/\/www.abenteuersuechtig.de\/wp-content\/gallery\/mont_blanc\/thumbs\/thumbs_Zustieg_1.JPG\" alt=\"Selbst aus der Ferne ist der Mont Blanc mehr als nur eindrucksvoll.\"><\/a><\/p>\n<h2>Prolog<\/h2>\n<p>Der Mont Blanc (<a href=\"https:\/\/de.wikipedia.org\/wiki\/Mont_Blanc\" target=\"_blank\" rel=\"noopener\">Wikipedia<\/a>) ist ein Gigant! Mit seinen 4810 Metern ist er der h\u00f6chste Berg der Alpen und je nach Definition auch der h\u00f6chste Berg Europas. Selbst ohne jemals vor ihm gestanden und den Monarchen live gesehen zu haben \u00fcben nur die reinen Zahlen eine Faszination aus, die vermutlich nicht nur die Bergsteiger dort drau\u00dfen nachvollziehen k\u00f6nnen.<\/p>\n<p>Flo tr\u00e4umt ja schon l\u00e4nger davon, diesen eindrucksvollen Berg zu besteigen. Als er mir das erste Mal von diesem Plan berichtet hat, war ich nat\u00fcrlich sofort Feuer und Flamme und wollte mit. Mit auf den Mont Blanc. Das Dach der Alpen, eben nach ganz oben. Also begannen wir im vergangenen Jahr zu schauen, mit wem wir diese Tour angehen k\u00f6nnten. Denn eines war uns eigentlich von Anfang an klar: Nur zu zweit wollten wir diese Hochtour eigentlich nicht angehen. Mit Thomas und Steffen fanden sich jedoch zwei nicht nur super coole, sondern auch wirklich fitte und vor allen Dingen erfahrene Bergsteiger.<\/p>\n<p>Die Planungen schritten voran. Bis Anfang Juni, also f\u00fcr mich nur rund sechs Wochen vor der geplanten Mont Blanc Besteigung dann der Schock kam. Und zwar in Form eines B\u00e4nderrisses am linken Sprunggelenk. Nach einer Weile schonen und den ersten Testtouren, z. B. auf das <a href=\"https:\/\/www.abenteuersuechtig.de\/index.php\/gore-tex-experience-tour-2015-hochtour-balmhorn\/\" target=\"_blank\" rel=\"noopener\">Balmhorn<\/a> stand der Hochtourenurlaub endlich vor der T\u00fcr. Wie die ersten Touren verliefen, k\u00f6nnt ihr in den anderen Artikeln lesen. Die Links findet ihr am Ende des Artikels. Hier nun der Artikel zu unserem H\u00f6hepunkt der Hochtourenwoche im Mont Blanc Massiv.<\/p>\n<h2>Gonella H\u00fctte &#8211; Zustieg mit Hindernissen<\/h2>\n<p>Es ist noch recht k\u00fchl, als wir das Auto auf dem Parkplatz im italienischen <a href=\"https:\/\/de.wikipedia.org\/wiki\/Val_Veny\" target=\"_blank\" rel=\"noopener\">Val Veny<\/a> abstellen. Ein letztes Mal pr\u00fcfen wir unsere Ausr\u00fcstung. Kurz darauf laufen wir zu dritt los. Thomas, Flo und ich, denn Steffen muss an diesem Tag noch arbeiten und wird erst sp\u00e4t am Abend bzw. fr\u00fch am Morgen auf der <a href=\"https:\/\/de.wikipedia.org\/wiki\/Rifugio_Francesco_Gonella\" target=\"_blank\" rel=\"noopener\">Gonella H\u00fctte<\/a> zu uns sto\u00dfen. Schon nach kurzer Zeit merke ich, dass mein Plan, leicht zu packen und auf eine kurze Hose zu verzichten, nicht die beste Idee war. Es ist warm ich und ich heize auch auf. Wir laufen weiter, aber nach einer knappen Stunde bin ich soweit, lieber nur in Boxershorts zu laufen, als mir weiterhin den A&#8230; abzuschwitzen.<\/p>\n<p>Anfangs geht es recht h\u00e4sslich und langwierig \u00fcber riesige Seitenmor\u00e4nen und Ger\u00f6llhalden. Nach einiger Zeit wird der Weg landschaftlich aber wundersch\u00f6n. Nur leider m\u00fcssen wir wenig sp\u00e4ter feststellen, dass wir eben auf der falschen Seitenmor\u00e4ne den Steinmannerln gefolgt sind. Wir stehen am oberen Rand einer etwa 30 Meter hohen Gletschermor\u00e4ne. Die ist definitiv zu steil, um hinunter zu laufen und m\u00fcndet direkt in eine glatte Wand. Zwar k\u00f6nnten wir den vorhandenen Abseilstand nutzen, aber wir haben Steffen versprochen, ihm Tipps zum Weg zu geben. Und da er im Dunklen, allein und ohne Seil zusteigen w\u00fcrde, w\u00e4re das unsinnig. Wir laufen also zur\u00fcck und suchen anderen Weg, damit wir ihm diesen sp\u00e4ter beschreiben k\u00f6nnen.<\/p>\n<h3>Ab durch die Steinw\u00fcste<\/h3>\n<p>Daf\u00fcr m\u00fcssen wir leider wieder rund 200 H\u00f6henmeter absteigen und den Hang queren. Danach noch eine Stelle finden, an der wir von der Seitenmor\u00e4ne auf den Gletscher absteigen k\u00f6nnen. Wir queren den sehr breiten, aperen und mit Felsen von der Gr\u00f6\u00dfe eines LKW bedeckten <a href=\"https:\/\/de.wikipedia.org\/wiki\/Ghiacciaio_del_Miage\" target=\"_blank\" rel=\"noopener\">Glacier du Miage<\/a>, was ohne gro\u00dfe Orientierungspunkte doch einige Zeit in Anspruch nimmt. Nach einer Pause mit leckerem Baguette und K\u00e4se erreichen wir nach einer gef\u00fchlten Ewigkeit die andere Seite des Gletschers. Steinmannerl und gelbe Punkte weisen uns den weiteren Weg Richtung Gletscherbruch, nur wenige hundert H\u00f6henmeter unter der H\u00fctte.<\/p>\n<p><strong>Empfehlung f\u00fcr Nachahmer:<\/strong> Nehmt gleich kurz nach dem Parkplatz hinten im Val Veny direkt an der Br\u00fccke den Weg Richtung Lago di Combal und nicht Richtung Ref. Monzino. Dann kommt ihr n\u00e4mlich auf der richtigen Seite des Gletschers raus.<br \/>\nAm Gletscherbruch angekommen folgen wir dummerweise zwei Spaniern geradewegs hinein. Wegen gro\u00dfer und gef\u00e4hrlicher Spalten kehren wir um und umrunden den Bruch links der Spaltenzone, bis wir den Einstieg in den Felsteil an P2535 erreichen. \u00dcber einen schmalen Pfad mit kurzen Klettersteigpassagen schl\u00e4ngeln wir uns langsam bergauf.<\/p>\n<div class=\"tiled-gallery type-rectangular tiled-gallery-unresized\" data-original-width=\"1220\" data-carousel-extra='null' itemscope itemtype=\"http:\/\/schema.org\/ImageGallery\" > <div class=\"gallery-row\" style=\"width: 1220px; height: 614px;\" data-original-width=\"1220\" data-original-height=\"614\" > <div class=\"gallery-group images-1\" style=\"width: 814px; height: 614px;\" data-original-width=\"814\" data-original-height=\"614\" > <div class=\"tiled-gallery-item tiled-gallery-item-large\" itemprop=\"associatedMedia\" itemscope itemtype=\"http:\/\/schema.org\/ImageObject\"> <a href=\"https:\/\/i0.wp.com\/www.abenteuersuechtig.de\/wp-content\/uploads\/2018\/04\/mont_blanc_zustieg_1.jpg?ssl=1\" border=\"0\" itemprop=\"url\"> <meta itemprop=\"width\" content=\"810\"> <meta itemprop=\"height\" content=\"610\"> <img decoding=\"async\" class=\"\" data-attachment-id=\"11009\" data-orig-file=\"https:\/\/www.abenteuersuechtig.de\/wp-content\/uploads\/2018\/04\/mont_blanc_zustieg_1.jpg\" data-orig-size=\"2028,1528\" data-comments-opened=\"1\" data-image-meta=\"{&quot;aperture&quot;:&quot;0&quot;,&quot;credit&quot;:&quot;&quot;,&quot;camera&quot;:&quot;&quot;,&quot;caption&quot;:&quot;&quot;,&quot;created_timestamp&quot;:&quot;0&quot;,&quot;copyright&quot;:&quot;&quot;,&quot;focal_length&quot;:&quot;0&quot;,&quot;iso&quot;:&quot;0&quot;,&quot;shutter_speed&quot;:&quot;0&quot;,&quot;title&quot;:&quot;&quot;,&quot;orientation&quot;:&quot;0&quot;}\" data-image-title=\"Los geht&amp;#8217;s, vor uns liegt ein langer Marsch.\" data-image-description=\"\" data-medium-file=\"https:\/\/www.abenteuersuechtig.de\/wp-content\/uploads\/2018\/04\/mont_blanc_zustieg_1-300x226.jpg\" data-large-file=\"https:\/\/www.abenteuersuechtig.de\/wp-content\/uploads\/2018\/04\/mont_blanc_zustieg_1-1024x772.jpg\" src=\"https:\/\/i0.wp.com\/www.abenteuersuechtig.de\/wp-content\/uploads\/2018\/04\/mont_blanc_zustieg_1.jpg?w=810&#038;h=610&#038;ssl=1\" srcset=\"https:\/\/www.abenteuersuechtig.de\/wp-content\/uploads\/2018\/04\/mont_blanc_zustieg_1.jpg 2028w, https:\/\/www.abenteuersuechtig.de\/wp-content\/uploads\/2018\/04\/mont_blanc_zustieg_1-300x226.jpg 300w, https:\/\/www.abenteuersuechtig.de\/wp-content\/uploads\/2018\/04\/mont_blanc_zustieg_1-768x579.jpg 768w, https:\/\/www.abenteuersuechtig.de\/wp-content\/uploads\/2018\/04\/mont_blanc_zustieg_1-1024x772.jpg 1024w, https:\/\/www.abenteuersuechtig.de\/wp-content\/uploads\/2018\/04\/mont_blanc_zustieg_1-194x146.jpg 194w, https:\/\/www.abenteuersuechtig.de\/wp-content\/uploads\/2018\/04\/mont_blanc_zustieg_1-50x38.jpg 50w, https:\/\/www.abenteuersuechtig.de\/wp-content\/uploads\/2018\/04\/mont_blanc_zustieg_1-100x75.jpg 100w, https:\/\/www.abenteuersuechtig.de\/wp-content\/uploads\/2018\/04\/mont_blanc_zustieg_1-150x113.jpg 150w\" width=\"810\" height=\"610\" loading=\"lazy\" data-original-width=\"810\" data-original-height=\"610\" itemprop=\"http:\/\/schema.org\/image\" title=\"Los geht&#039;s, vor uns liegt ein langer Marsch.\" alt=\"Los geht&#039;s, vor uns liegt ein langer Marsch.\" style=\"width: 810px; height: 610px;\" \/> <\/a> <\/div> <\/div> <!-- close group --> <div class=\"gallery-group images-2\" style=\"width: 406px; height: 614px;\" data-original-width=\"406\" data-original-height=\"614\" > <div class=\"tiled-gallery-item tiled-gallery-item-large\" itemprop=\"associatedMedia\" itemscope itemtype=\"http:\/\/schema.org\/ImageObject\"> <a href=\"https:\/\/i0.wp.com\/www.abenteuersuechtig.de\/wp-content\/uploads\/2018\/04\/mont_blanc_zustieg_5.jpg?ssl=1\" border=\"0\" itemprop=\"url\"> <meta itemprop=\"width\" content=\"402\"> <meta itemprop=\"height\" content=\"303\"> <img decoding=\"async\" class=\"\" data-attachment-id=\"11013\" data-orig-file=\"https:\/\/www.abenteuersuechtig.de\/wp-content\/uploads\/2018\/04\/mont_blanc_zustieg_5.jpg\" data-orig-size=\"2028,1528\" data-comments-opened=\"1\" data-image-meta=\"{&quot;aperture&quot;:&quot;0&quot;,&quot;credit&quot;:&quot;&quot;,&quot;camera&quot;:&quot;&quot;,&quot;caption&quot;:&quot;&quot;,&quot;created_timestamp&quot;:&quot;0&quot;,&quot;copyright&quot;:&quot;&quot;,&quot;focal_length&quot;:&quot;0&quot;,&quot;iso&quot;:&quot;0&quot;,&quot;shutter_speed&quot;:&quot;0&quot;,&quot;title&quot;:&quot;&quot;,&quot;orientation&quot;:&quot;0&quot;}\" data-image-title=\"Gro\u00dfe und unsch\u00f6ne Gletscherspalten verwehren uns den Weg.\" data-image-description=\"\" data-medium-file=\"https:\/\/www.abenteuersuechtig.de\/wp-content\/uploads\/2018\/04\/mont_blanc_zustieg_5-300x226.jpg\" data-large-file=\"https:\/\/www.abenteuersuechtig.de\/wp-content\/uploads\/2018\/04\/mont_blanc_zustieg_5-1024x772.jpg\" src=\"https:\/\/i0.wp.com\/www.abenteuersuechtig.de\/wp-content\/uploads\/2018\/04\/mont_blanc_zustieg_5.jpg?w=402&#038;h=303&#038;ssl=1\" srcset=\"https:\/\/www.abenteuersuechtig.de\/wp-content\/uploads\/2018\/04\/mont_blanc_zustieg_5.jpg 2028w, https:\/\/www.abenteuersuechtig.de\/wp-content\/uploads\/2018\/04\/mont_blanc_zustieg_5-300x226.jpg 300w, https:\/\/www.abenteuersuechtig.de\/wp-content\/uploads\/2018\/04\/mont_blanc_zustieg_5-768x579.jpg 768w, https:\/\/www.abenteuersuechtig.de\/wp-content\/uploads\/2018\/04\/mont_blanc_zustieg_5-1024x772.jpg 1024w, https:\/\/www.abenteuersuechtig.de\/wp-content\/uploads\/2018\/04\/mont_blanc_zustieg_5-194x146.jpg 194w, https:\/\/www.abenteuersuechtig.de\/wp-content\/uploads\/2018\/04\/mont_blanc_zustieg_5-50x38.jpg 50w, https:\/\/www.abenteuersuechtig.de\/wp-content\/uploads\/2018\/04\/mont_blanc_zustieg_5-100x75.jpg 100w, https:\/\/www.abenteuersuechtig.de\/wp-content\/uploads\/2018\/04\/mont_blanc_zustieg_5-150x113.jpg 150w\" width=\"402\" height=\"303\" loading=\"lazy\" data-original-width=\"402\" data-original-height=\"303\" itemprop=\"http:\/\/schema.org\/image\" title=\"Gro\u00dfe und unsch\u00f6ne Gletscherspalten verwehren uns den Weg.\" alt=\"Gro\u00dfe und unsch\u00f6ne Gletscherspalten verwehren uns den Weg.\" style=\"width: 402px; height: 303px;\" \/> <\/a> <\/div> <div class=\"tiled-gallery-item tiled-gallery-item-large\" itemprop=\"associatedMedia\" itemscope itemtype=\"http:\/\/schema.org\/ImageObject\"> <a href=\"https:\/\/i0.wp.com\/www.abenteuersuechtig.de\/wp-content\/uploads\/2018\/04\/mont_blanc_zustieg_4.jpg?ssl=1\" border=\"0\" itemprop=\"url\"> <meta itemprop=\"width\" content=\"402\"> <meta itemprop=\"height\" content=\"303\"> <img decoding=\"async\" class=\"\" data-attachment-id=\"11012\" data-orig-file=\"https:\/\/www.abenteuersuechtig.de\/wp-content\/uploads\/2018\/04\/mont_blanc_zustieg_4.jpg\" data-orig-size=\"2028,1528\" data-comments-opened=\"1\" data-image-meta=\"{&quot;aperture&quot;:&quot;0&quot;,&quot;credit&quot;:&quot;&quot;,&quot;camera&quot;:&quot;&quot;,&quot;caption&quot;:&quot;&quot;,&quot;created_timestamp&quot;:&quot;0&quot;,&quot;copyright&quot;:&quot;&quot;,&quot;focal_length&quot;:&quot;0&quot;,&quot;iso&quot;:&quot;0&quot;,&quot;shutter_speed&quot;:&quot;0&quot;,&quot;title&quot;:&quot;&quot;,&quot;orientation&quot;:&quot;0&quot;}\" data-image-title=\"Hier h\u00e4lt man sich am besten schon einmal weiter links, damit man die Gletscherspalten weil\u00e4ufig umgehen kann.\" data-image-description=\"\" data-medium-file=\"https:\/\/www.abenteuersuechtig.de\/wp-content\/uploads\/2018\/04\/mont_blanc_zustieg_4-300x226.jpg\" data-large-file=\"https:\/\/www.abenteuersuechtig.de\/wp-content\/uploads\/2018\/04\/mont_blanc_zustieg_4-1024x772.jpg\" src=\"https:\/\/i0.wp.com\/www.abenteuersuechtig.de\/wp-content\/uploads\/2018\/04\/mont_blanc_zustieg_4.jpg?w=402&#038;h=303&#038;ssl=1\" srcset=\"https:\/\/www.abenteuersuechtig.de\/wp-content\/uploads\/2018\/04\/mont_blanc_zustieg_4.jpg 2028w, https:\/\/www.abenteuersuechtig.de\/wp-content\/uploads\/2018\/04\/mont_blanc_zustieg_4-300x226.jpg 300w, https:\/\/www.abenteuersuechtig.de\/wp-content\/uploads\/2018\/04\/mont_blanc_zustieg_4-768x579.jpg 768w, https:\/\/www.abenteuersuechtig.de\/wp-content\/uploads\/2018\/04\/mont_blanc_zustieg_4-1024x772.jpg 1024w, https:\/\/www.abenteuersuechtig.de\/wp-content\/uploads\/2018\/04\/mont_blanc_zustieg_4-194x146.jpg 194w, https:\/\/www.abenteuersuechtig.de\/wp-content\/uploads\/2018\/04\/mont_blanc_zustieg_4-50x38.jpg 50w, https:\/\/www.abenteuersuechtig.de\/wp-content\/uploads\/2018\/04\/mont_blanc_zustieg_4-100x75.jpg 100w, https:\/\/www.abenteuersuechtig.de\/wp-content\/uploads\/2018\/04\/mont_blanc_zustieg_4-150x113.jpg 150w\" width=\"402\" height=\"303\" loading=\"lazy\" data-original-width=\"402\" data-original-height=\"303\" itemprop=\"http:\/\/schema.org\/image\" title=\"Hier h\u00e4lt man sich am besten schon einmal weiter links, damit man die Gletscherspalten weil\u00e4ufig umgehen kann.\" alt=\"Hier h\u00e4lt man sich am besten schon einmal weiter links, damit man die Gletscherspalten weil\u00e4ufig umgehen kann.\" style=\"width: 402px; height: 303px;\" \/> <\/a> <\/div> <\/div> <!-- close group --> <\/div> <!-- close row --> <div class=\"gallery-row\" style=\"width: 1220px; height: 461px;\" data-original-width=\"1220\" data-original-height=\"461\" > <div class=\"gallery-group images-1\" style=\"width: 610px; height: 461px;\" data-original-width=\"610\" data-original-height=\"461\" > <div class=\"tiled-gallery-item tiled-gallery-item-large\" itemprop=\"associatedMedia\" itemscope itemtype=\"http:\/\/schema.org\/ImageObject\"> <a href=\"https:\/\/i0.wp.com\/www.abenteuersuechtig.de\/wp-content\/uploads\/2018\/04\/mont_blanc_zustieg_3.jpg?ssl=1\" border=\"0\" itemprop=\"url\"> <meta itemprop=\"width\" content=\"606\"> <meta itemprop=\"height\" content=\"457\"> <img decoding=\"async\" class=\"\" data-attachment-id=\"11011\" data-orig-file=\"https:\/\/www.abenteuersuechtig.de\/wp-content\/uploads\/2018\/04\/mont_blanc_zustieg_3.jpg\" data-orig-size=\"2028,1528\" data-comments-opened=\"1\" data-image-meta=\"{&quot;aperture&quot;:&quot;0&quot;,&quot;credit&quot;:&quot;&quot;,&quot;camera&quot;:&quot;&quot;,&quot;caption&quot;:&quot;&quot;,&quot;created_timestamp&quot;:&quot;0&quot;,&quot;copyright&quot;:&quot;&quot;,&quot;focal_length&quot;:&quot;0&quot;,&quot;iso&quot;:&quot;0&quot;,&quot;shutter_speed&quot;:&quot;0&quot;,&quot;title&quot;:&quot;&quot;,&quot;orientation&quot;:&quot;0&quot;}\" data-image-title=\"Viel Spa\u00df bei der Wegfindung in dieser steinigen Ein\u00f6de.\" data-image-description=\"\" data-medium-file=\"https:\/\/www.abenteuersuechtig.de\/wp-content\/uploads\/2018\/04\/mont_blanc_zustieg_3-300x226.jpg\" data-large-file=\"https:\/\/www.abenteuersuechtig.de\/wp-content\/uploads\/2018\/04\/mont_blanc_zustieg_3-1024x772.jpg\" src=\"https:\/\/i0.wp.com\/www.abenteuersuechtig.de\/wp-content\/uploads\/2018\/04\/mont_blanc_zustieg_3.jpg?w=606&#038;h=457&#038;ssl=1\" srcset=\"https:\/\/www.abenteuersuechtig.de\/wp-content\/uploads\/2018\/04\/mont_blanc_zustieg_3.jpg 2028w, https:\/\/www.abenteuersuechtig.de\/wp-content\/uploads\/2018\/04\/mont_blanc_zustieg_3-300x226.jpg 300w, https:\/\/www.abenteuersuechtig.de\/wp-content\/uploads\/2018\/04\/mont_blanc_zustieg_3-768x579.jpg 768w, https:\/\/www.abenteuersuechtig.de\/wp-content\/uploads\/2018\/04\/mont_blanc_zustieg_3-1024x772.jpg 1024w, https:\/\/www.abenteuersuechtig.de\/wp-content\/uploads\/2018\/04\/mont_blanc_zustieg_3-194x146.jpg 194w, https:\/\/www.abenteuersuechtig.de\/wp-content\/uploads\/2018\/04\/mont_blanc_zustieg_3-50x38.jpg 50w, https:\/\/www.abenteuersuechtig.de\/wp-content\/uploads\/2018\/04\/mont_blanc_zustieg_3-100x75.jpg 100w, https:\/\/www.abenteuersuechtig.de\/wp-content\/uploads\/2018\/04\/mont_blanc_zustieg_3-150x113.jpg 150w\" width=\"606\" height=\"457\" loading=\"lazy\" data-original-width=\"606\" data-original-height=\"457\" itemprop=\"http:\/\/schema.org\/image\" title=\"Viel Spa\u00df bei der Wegfindung in dieser steinigen Ein\u00f6de.\" alt=\"Viel Spa\u00df bei der Wegfindung in dieser steinigen Ein\u00f6de.\" style=\"width: 606px; height: 457px;\" \/> <\/a> <\/div> <\/div> <!-- close group --> <div class=\"gallery-group images-1\" style=\"width: 610px; height: 461px;\" data-original-width=\"610\" data-original-height=\"461\" > <div class=\"tiled-gallery-item tiled-gallery-item-large\" itemprop=\"associatedMedia\" itemscope itemtype=\"http:\/\/schema.org\/ImageObject\"> <a href=\"https:\/\/i0.wp.com\/www.abenteuersuechtig.de\/wp-content\/uploads\/2018\/04\/mont_blanc_zustieg_2.jpg?ssl=1\" border=\"0\" itemprop=\"url\"> <meta itemprop=\"width\" content=\"606\"> <meta itemprop=\"height\" content=\"457\"> <img decoding=\"async\" class=\"\" data-attachment-id=\"11010\" data-orig-file=\"https:\/\/www.abenteuersuechtig.de\/wp-content\/uploads\/2018\/04\/mont_blanc_zustieg_2.jpg\" data-orig-size=\"2028,1528\" data-comments-opened=\"1\" data-image-meta=\"{&quot;aperture&quot;:&quot;0&quot;,&quot;credit&quot;:&quot;&quot;,&quot;camera&quot;:&quot;&quot;,&quot;caption&quot;:&quot;&quot;,&quot;created_timestamp&quot;:&quot;0&quot;,&quot;copyright&quot;:&quot;&quot;,&quot;focal_length&quot;:&quot;0&quot;,&quot;iso&quot;:&quot;0&quot;,&quot;shutter_speed&quot;:&quot;0&quot;,&quot;title&quot;:&quot;&quot;,&quot;orientation&quot;:&quot;0&quot;}\" data-image-title=\"Landschaftlich sch\u00f6n ist der Zustieg, bevor es auf das Schotterfeld geht.\" data-image-description=\"\" data-medium-file=\"https:\/\/www.abenteuersuechtig.de\/wp-content\/uploads\/2018\/04\/mont_blanc_zustieg_2-300x226.jpg\" data-large-file=\"https:\/\/www.abenteuersuechtig.de\/wp-content\/uploads\/2018\/04\/mont_blanc_zustieg_2-1024x772.jpg\" src=\"https:\/\/i0.wp.com\/www.abenteuersuechtig.de\/wp-content\/uploads\/2018\/04\/mont_blanc_zustieg_2.jpg?w=606&#038;h=457&#038;ssl=1\" srcset=\"https:\/\/www.abenteuersuechtig.de\/wp-content\/uploads\/2018\/04\/mont_blanc_zustieg_2.jpg 2028w, https:\/\/www.abenteuersuechtig.de\/wp-content\/uploads\/2018\/04\/mont_blanc_zustieg_2-300x226.jpg 300w, https:\/\/www.abenteuersuechtig.de\/wp-content\/uploads\/2018\/04\/mont_blanc_zustieg_2-768x579.jpg 768w, https:\/\/www.abenteuersuechtig.de\/wp-content\/uploads\/2018\/04\/mont_blanc_zustieg_2-1024x772.jpg 1024w, https:\/\/www.abenteuersuechtig.de\/wp-content\/uploads\/2018\/04\/mont_blanc_zustieg_2-194x146.jpg 194w, https:\/\/www.abenteuersuechtig.de\/wp-content\/uploads\/2018\/04\/mont_blanc_zustieg_2-50x38.jpg 50w, https:\/\/www.abenteuersuechtig.de\/wp-content\/uploads\/2018\/04\/mont_blanc_zustieg_2-100x75.jpg 100w, https:\/\/www.abenteuersuechtig.de\/wp-content\/uploads\/2018\/04\/mont_blanc_zustieg_2-150x113.jpg 150w\" width=\"606\" height=\"457\" loading=\"lazy\" data-original-width=\"606\" data-original-height=\"457\" itemprop=\"http:\/\/schema.org\/image\" title=\"Landschaftlich sch\u00f6n ist der Zustieg, bevor es auf das Schotterfeld geht.\" alt=\"Landschaftlich sch\u00f6n ist der Zustieg, bevor es auf das Schotterfeld geht.\" style=\"width: 606px; height: 457px;\" \/> <\/a> <\/div> <\/div> <!-- close group --> <\/div> <!-- close row --> <\/div>\n<p>Quasi von jetzt auf gleich f\u00fchle ich mich v\u00f6llig ausgelaugt und kraftlos. Ich brauche dringend eine Pause. Flo vermutet, dass ich mir einen leichten Sonnenstich eingefangen habe. Was auch immer es ist, die restliche Strecke bis zur H\u00fctte ist f\u00fcr mich einfach nur noch anstrengend.<\/p>\n<h3>Endlich auf der H\u00fctte angekommen<\/h3>\n<p>Nach 8 Stunden (aufgrund des gro\u00dfen Verhauers) erreichen wir gegen halb sieben die Gonella H\u00fctte auf 3072m. Die halbe Stunde, bis um sieben das Abendessen serviert wird verbringen wir noch im Lager. Wir sind mehr als positiv \u00fcberrascht von der Gonella! Die 2013 erbaute H\u00fctte ist echt schick, die beiden Wirtinnen super nett und das Essen mit das beste, das wir bisher auf einer Bergh\u00fctte bekommen haben. Thomas spricht noch mit Steffen, der deutlich sp\u00e4ter in Z\u00fcrich los gekommen ist, als geplant. Direkt danach verkriechen wir uns ins Lager, es wird eine kurze Nacht&#8230;<\/p>\n<h2>Der Monarch &#8211; Gipfeltag Mont Blanc<\/h2>\n<h3>Eine kurze Nacht und der Glacier du D\u00f4me<\/h3>\n<p>Flo&#8217;s Wecker klingelt um halb eins morgens. Im Bett waren wir gegen halb neun, aber trotz meiner Ersch\u00f6pfung konnte ich kaum einschlafen. Am End&#8216; waren&#8217;s wohl etwa 3,5 Stunden Schlaf, die ich abbekommen habe. Flo muss mich auch erst mal ordentlich sch\u00fctteln, bis ich aus meinem wirren Traumland erwache. Wir sch\u00e4len uns aus den Betten und hinunter zum Fr\u00fchst\u00fcck. Im Gegensatz zum Abendessen f\u00e4llt es recht sp\u00e4rlich aus, aber gut tut es trotzdem.<\/p>\n<p>Steffen hat den Zustieg erst um 23:30 Uhr begonnen und ist demnach noch beim Aufstieg zur H\u00fctte. Thomas beschlie\u00dft, die rund 500 H\u00f6henmeter bis zum Gletscher hinunter abzusteigen, um ihm entgegen zu gehen. So muss er den nicht ganz einfach zu findenden Weg hinauf zur H\u00fctte nicht allein gehen.<\/p>\n<p>Flo und ich beeilen uns etwas und h\u00e4ngen uns um kurz vor halb zwei an eine Gruppe Schweizer mit ihrem Bergf\u00fchrer. Denn es ist klar, dass wir oben am Grat spuren m\u00fcssen und das wollen wir dann doch nicht nur zu zweit. Zwar laufen wir alleine als unabh\u00e4ngige Seilschaft, aber andere Bergsteiger in der N\u00e4he zu haben hat seine Vorteile, auch zur Orientierung. Hinter der Gonella H\u00fctte f\u00fchrt ein kurzer Pfad direkt auf den Glacier du D\u00f4me, dem wir immer am westlichen Rand steil hinauf folgen. Es ist beinahe be\u00e4ngstigend nach unten zu gucken.In der&nbsp; pechschwarzen Nacht verliert sich selbst die st\u00e4rkste Stirnlampe nach wenigen Metern in der Dunkelheit. Man schaut auf eine steil ins Dunkle abfallende, wei\u00dfe Schneedecke. In den n\u00e4chsten Stunden Dunkelheit finden wir bzw. Flo den Weg durch das wirre und komplexe Spaltenlabyrinth des oberen Glacier du D\u00f4me. Dabei m\u00fcssen wir den ein oder anderen tiefschwarzen Spaltenschlund oder ein 45 Grad steiles Firnst\u00fcck \u00fcber einem solchen \u00fcberwinden. In der Nacht, nur mit Stirnlampe, wirkt das Ganze noch viel gespenstischer und monstr\u00f6ser als am Tag.<\/p>\n<p>Gut 1000 H\u00f6henmeter schl\u00e4ngeln wir uns \u00fcber den Gletscher, mal schneller, mal langsamer. Vor uns immer Schweizern Seilschaft. Nach knapp vier Stunden kommen wir oben auf dem Grat und damit ziemlich genau 4000 Meter \u00fcber null an. Wir gehen weiter Richtung Osten und endlich wird es ganz langsam hell. Wir folgen dem Grat, der anfangs schmal, felsig und sehr ausgesetzt ist. Sp\u00e4ter, weiter Richtung&nbsp;D\u00f4me de Go\u00fbter, wird er aber etwas breiter und schneebedeckt.<\/p>\n<p>Irgendwo zwischendurch haben wir nach einer kurzen Pause die Schweizer Gruppe verloren, also laufen wir zu zweit weiter. Eigentlich wollen wir noch vor dem D\u00f4me de Go\u00fbter direkt rechts Richtung Mont Blanc abbiegen. Versehentlich folgen aber im Nebel einer alten Spur und landen kurze Zeit sp\u00e4ter unbeabsichtigterweise beinahe auf dem Gipfel des D\u00f4me du Go\u00fbter. Kurze Gratulation f\u00fcr diesen 4000er, wieder zur\u00fcck und selbst die Spur in die richtige Richtung legen. Kurz darauf kommen wir dann auch auf dem echt weitl\u00e4ufigen Col du Go\u00fbter an. Hier m\u00f6chte ich mich tats\u00e4chlich nicht im Nebel verirren! Wir folgen dann wieder einer kleinen Firnspur knappe 100 H\u00f6henmeter Richtung Osten bis zum <a href=\"http:\/\/www.geofinder.ch\/ort.php?id=204\" target=\"_blank\" rel=\"noopener\">Vallot Biwak<\/a>.<\/p>\n<div class=\"tiled-gallery type-rectangular tiled-gallery-unresized\" data-original-width=\"1220\" data-carousel-extra='null' itemscope itemtype=\"http:\/\/schema.org\/ImageGallery\" > <div class=\"gallery-row\" style=\"width: 1220px; height: 614px;\" data-original-width=\"1220\" data-original-height=\"614\" > <div class=\"gallery-group images-1\" style=\"width: 814px; height: 614px;\" data-original-width=\"814\" data-original-height=\"614\" > <div class=\"tiled-gallery-item tiled-gallery-item-large\" itemprop=\"associatedMedia\" itemscope itemtype=\"http:\/\/schema.org\/ImageObject\"> <a href=\"https:\/\/i0.wp.com\/www.abenteuersuechtig.de\/wp-content\/uploads\/2018\/04\/mont_blanc_gipfeltag_09.jpg?ssl=1\" border=\"0\" itemprop=\"url\"> <meta itemprop=\"width\" content=\"810\"> <meta itemprop=\"height\" content=\"610\"> <img decoding=\"async\" class=\"\" data-attachment-id=\"11024\" data-orig-file=\"https:\/\/www.abenteuersuechtig.de\/wp-content\/uploads\/2018\/04\/mont_blanc_gipfeltag_09.jpg\" data-orig-size=\"2028,1528\" data-comments-opened=\"1\" data-image-meta=\"{&quot;aperture&quot;:&quot;0&quot;,&quot;credit&quot;:&quot;&quot;,&quot;camera&quot;:&quot;&quot;,&quot;caption&quot;:&quot;&quot;,&quot;created_timestamp&quot;:&quot;0&quot;,&quot;copyright&quot;:&quot;&quot;,&quot;focal_length&quot;:&quot;0&quot;,&quot;iso&quot;:&quot;0&quot;,&quot;shutter_speed&quot;:&quot;0&quot;,&quot;title&quot;:&quot;&quot;,&quot;orientation&quot;:&quot;0&quot;}\" data-image-title=\"Nur wenige Meter erhellen unsere Stirnlampen die Dunkelheit.\" data-image-description=\"\" data-medium-file=\"https:\/\/www.abenteuersuechtig.de\/wp-content\/uploads\/2018\/04\/mont_blanc_gipfeltag_09-300x226.jpg\" data-large-file=\"https:\/\/www.abenteuersuechtig.de\/wp-content\/uploads\/2018\/04\/mont_blanc_gipfeltag_09-1024x772.jpg\" src=\"https:\/\/i0.wp.com\/www.abenteuersuechtig.de\/wp-content\/uploads\/2018\/04\/mont_blanc_gipfeltag_09.jpg?w=810&#038;h=610&#038;ssl=1\" srcset=\"https:\/\/www.abenteuersuechtig.de\/wp-content\/uploads\/2018\/04\/mont_blanc_gipfeltag_09.jpg 2028w, https:\/\/www.abenteuersuechtig.de\/wp-content\/uploads\/2018\/04\/mont_blanc_gipfeltag_09-300x226.jpg 300w, https:\/\/www.abenteuersuechtig.de\/wp-content\/uploads\/2018\/04\/mont_blanc_gipfeltag_09-768x579.jpg 768w, https:\/\/www.abenteuersuechtig.de\/wp-content\/uploads\/2018\/04\/mont_blanc_gipfeltag_09-1024x772.jpg 1024w, https:\/\/www.abenteuersuechtig.de\/wp-content\/uploads\/2018\/04\/mont_blanc_gipfeltag_09-194x146.jpg 194w, https:\/\/www.abenteuersuechtig.de\/wp-content\/uploads\/2018\/04\/mont_blanc_gipfeltag_09-50x38.jpg 50w, https:\/\/www.abenteuersuechtig.de\/wp-content\/uploads\/2018\/04\/mont_blanc_gipfeltag_09-100x75.jpg 100w, https:\/\/www.abenteuersuechtig.de\/wp-content\/uploads\/2018\/04\/mont_blanc_gipfeltag_09-150x113.jpg 150w\" width=\"810\" height=\"610\" loading=\"lazy\" data-original-width=\"810\" data-original-height=\"610\" itemprop=\"http:\/\/schema.org\/image\" title=\"Nur wenige Meter erhellen unsere Stirnlampen die Dunkelheit.\" alt=\"Nur wenige Meter erhellen unsere Stirnlampen die Dunkelheit.\" style=\"width: 810px; height: 610px;\" \/> <\/a> <\/div> <\/div> <!-- close group --> <div class=\"gallery-group images-2\" style=\"width: 406px; height: 614px;\" data-original-width=\"406\" data-original-height=\"614\" > <div class=\"tiled-gallery-item tiled-gallery-item-large\" itemprop=\"associatedMedia\" itemscope itemtype=\"http:\/\/schema.org\/ImageObject\"> <a href=\"https:\/\/i0.wp.com\/www.abenteuersuechtig.de\/wp-content\/uploads\/2018\/04\/mont_blanc_gipfeltag_11.jpg?ssl=1\" border=\"0\" itemprop=\"url\"> <meta itemprop=\"width\" content=\"402\"> <meta itemprop=\"height\" content=\"303\"> <img decoding=\"async\" class=\"\" data-attachment-id=\"11026\" data-orig-file=\"https:\/\/www.abenteuersuechtig.de\/wp-content\/uploads\/2018\/04\/mont_blanc_gipfeltag_11.jpg\" data-orig-size=\"2028,1528\" data-comments-opened=\"1\" data-image-meta=\"{&quot;aperture&quot;:&quot;0&quot;,&quot;credit&quot;:&quot;&quot;,&quot;camera&quot;:&quot;&quot;,&quot;caption&quot;:&quot;&quot;,&quot;created_timestamp&quot;:&quot;0&quot;,&quot;copyright&quot;:&quot;&quot;,&quot;focal_length&quot;:&quot;0&quot;,&quot;iso&quot;:&quot;0&quot;,&quot;shutter_speed&quot;:&quot;0&quot;,&quot;title&quot;:&quot;&quot;,&quot;orientation&quot;:&quot;0&quot;}\" data-image-title=\"Sieht aus wie der Mann vom Mond, ist aber nur Dennis im Sommerurlaub.\" data-image-description=\"\" data-medium-file=\"https:\/\/www.abenteuersuechtig.de\/wp-content\/uploads\/2018\/04\/mont_blanc_gipfeltag_11-300x226.jpg\" data-large-file=\"https:\/\/www.abenteuersuechtig.de\/wp-content\/uploads\/2018\/04\/mont_blanc_gipfeltag_11-1024x772.jpg\" src=\"https:\/\/i0.wp.com\/www.abenteuersuechtig.de\/wp-content\/uploads\/2018\/04\/mont_blanc_gipfeltag_11.jpg?w=402&#038;h=303&#038;ssl=1\" srcset=\"https:\/\/www.abenteuersuechtig.de\/wp-content\/uploads\/2018\/04\/mont_blanc_gipfeltag_11.jpg 2028w, https:\/\/www.abenteuersuechtig.de\/wp-content\/uploads\/2018\/04\/mont_blanc_gipfeltag_11-300x226.jpg 300w, https:\/\/www.abenteuersuechtig.de\/wp-content\/uploads\/2018\/04\/mont_blanc_gipfeltag_11-768x579.jpg 768w, https:\/\/www.abenteuersuechtig.de\/wp-content\/uploads\/2018\/04\/mont_blanc_gipfeltag_11-1024x772.jpg 1024w, https:\/\/www.abenteuersuechtig.de\/wp-content\/uploads\/2018\/04\/mont_blanc_gipfeltag_11-194x146.jpg 194w, https:\/\/www.abenteuersuechtig.de\/wp-content\/uploads\/2018\/04\/mont_blanc_gipfeltag_11-50x38.jpg 50w, https:\/\/www.abenteuersuechtig.de\/wp-content\/uploads\/2018\/04\/mont_blanc_gipfeltag_11-100x75.jpg 100w, https:\/\/www.abenteuersuechtig.de\/wp-content\/uploads\/2018\/04\/mont_blanc_gipfeltag_11-150x113.jpg 150w\" width=\"402\" height=\"303\" loading=\"lazy\" data-original-width=\"402\" data-original-height=\"303\" itemprop=\"http:\/\/schema.org\/image\" title=\"Sieht aus wie der Mann vom Mond, ist aber nur Dennis im Sommerurlaub.\" alt=\"Sieht aus wie der Mann vom Mond, ist aber nur Dennis im Sommerurlaub.\" style=\"width: 402px; height: 303px;\" \/> <\/a> <\/div> <div class=\"tiled-gallery-item tiled-gallery-item-large\" itemprop=\"associatedMedia\" itemscope itemtype=\"http:\/\/schema.org\/ImageObject\"> <a href=\"https:\/\/i0.wp.com\/www.abenteuersuechtig.de\/wp-content\/uploads\/2018\/04\/mont_blanc_gipfeltag_13.jpg?ssl=1\" border=\"0\" itemprop=\"url\"> <meta itemprop=\"width\" content=\"402\"> <meta itemprop=\"height\" content=\"303\"> <img decoding=\"async\" class=\"\" data-attachment-id=\"11028\" data-orig-file=\"https:\/\/www.abenteuersuechtig.de\/wp-content\/uploads\/2018\/04\/mont_blanc_gipfeltag_13.jpg\" data-orig-size=\"2028,1528\" data-comments-opened=\"1\" data-image-meta=\"{&quot;aperture&quot;:&quot;0&quot;,&quot;credit&quot;:&quot;&quot;,&quot;camera&quot;:&quot;&quot;,&quot;caption&quot;:&quot;&quot;,&quot;created_timestamp&quot;:&quot;0&quot;,&quot;copyright&quot;:&quot;&quot;,&quot;focal_length&quot;:&quot;0&quot;,&quot;iso&quot;:&quot;0&quot;,&quot;shutter_speed&quot;:&quot;0&quot;,&quot;title&quot;:&quot;&quot;,&quot;orientation&quot;:&quot;0&quot;}\" data-image-title=\"Endlich zeigt sich die Sonne.\" data-image-description=\"\" data-medium-file=\"https:\/\/www.abenteuersuechtig.de\/wp-content\/uploads\/2018\/04\/mont_blanc_gipfeltag_13-300x226.jpg\" data-large-file=\"https:\/\/www.abenteuersuechtig.de\/wp-content\/uploads\/2018\/04\/mont_blanc_gipfeltag_13-1024x772.jpg\" src=\"https:\/\/i0.wp.com\/www.abenteuersuechtig.de\/wp-content\/uploads\/2018\/04\/mont_blanc_gipfeltag_13.jpg?w=402&#038;h=303&#038;ssl=1\" srcset=\"https:\/\/www.abenteuersuechtig.de\/wp-content\/uploads\/2018\/04\/mont_blanc_gipfeltag_13.jpg 2028w, https:\/\/www.abenteuersuechtig.de\/wp-content\/uploads\/2018\/04\/mont_blanc_gipfeltag_13-300x226.jpg 300w, https:\/\/www.abenteuersuechtig.de\/wp-content\/uploads\/2018\/04\/mont_blanc_gipfeltag_13-768x579.jpg 768w, https:\/\/www.abenteuersuechtig.de\/wp-content\/uploads\/2018\/04\/mont_blanc_gipfeltag_13-1024x772.jpg 1024w, https:\/\/www.abenteuersuechtig.de\/wp-content\/uploads\/2018\/04\/mont_blanc_gipfeltag_13-194x146.jpg 194w, https:\/\/www.abenteuersuechtig.de\/wp-content\/uploads\/2018\/04\/mont_blanc_gipfeltag_13-50x38.jpg 50w, https:\/\/www.abenteuersuechtig.de\/wp-content\/uploads\/2018\/04\/mont_blanc_gipfeltag_13-100x75.jpg 100w, https:\/\/www.abenteuersuechtig.de\/wp-content\/uploads\/2018\/04\/mont_blanc_gipfeltag_13-150x113.jpg 150w\" width=\"402\" height=\"303\" loading=\"lazy\" data-original-width=\"402\" data-original-height=\"303\" itemprop=\"http:\/\/schema.org\/image\" title=\"Endlich zeigt sich die Sonne.\" alt=\"Endlich zeigt sich die Sonne.\" style=\"width: 402px; height: 303px;\" \/> <\/a> <\/div> <\/div> <!-- close group --> <\/div> <!-- close row --> <div class=\"gallery-row\" style=\"width: 1220px; height: 920px;\" data-original-width=\"1220\" data-original-height=\"920\" > <div class=\"gallery-group images-1\" style=\"width: 1220px; height: 920px;\" data-original-width=\"1220\" data-original-height=\"920\" > <div class=\"tiled-gallery-item tiled-gallery-item-large\" itemprop=\"associatedMedia\" itemscope itemtype=\"http:\/\/schema.org\/ImageObject\"> <a href=\"https:\/\/i0.wp.com\/www.abenteuersuechtig.de\/wp-content\/uploads\/2018\/04\/mont_blanc_gipfeltag_10.jpg?ssl=1\" border=\"0\" itemprop=\"url\"> <meta itemprop=\"width\" content=\"1216\"> <meta itemprop=\"height\" content=\"916\"> <img decoding=\"async\" class=\"\" data-attachment-id=\"11025\" data-orig-file=\"https:\/\/www.abenteuersuechtig.de\/wp-content\/uploads\/2018\/04\/mont_blanc_gipfeltag_10.jpg\" data-orig-size=\"2028,1528\" data-comments-opened=\"1\" data-image-meta=\"{&quot;aperture&quot;:&quot;0&quot;,&quot;credit&quot;:&quot;&quot;,&quot;camera&quot;:&quot;&quot;,&quot;caption&quot;:&quot;&quot;,&quot;created_timestamp&quot;:&quot;0&quot;,&quot;copyright&quot;:&quot;&quot;,&quot;focal_length&quot;:&quot;0&quot;,&quot;iso&quot;:&quot;0&quot;,&quot;shutter_speed&quot;:&quot;0&quot;,&quot;title&quot;:&quot;&quot;,&quot;orientation&quot;:&quot;0&quot;}\" data-image-title=\"Auf rund 4100m, endlich wird es hell.\" data-image-description=\"\" data-medium-file=\"https:\/\/www.abenteuersuechtig.de\/wp-content\/uploads\/2018\/04\/mont_blanc_gipfeltag_10-300x226.jpg\" data-large-file=\"https:\/\/www.abenteuersuechtig.de\/wp-content\/uploads\/2018\/04\/mont_blanc_gipfeltag_10-1024x772.jpg\" src=\"https:\/\/i0.wp.com\/www.abenteuersuechtig.de\/wp-content\/uploads\/2018\/04\/mont_blanc_gipfeltag_10.jpg?w=1216&#038;h=916&#038;ssl=1\" srcset=\"https:\/\/www.abenteuersuechtig.de\/wp-content\/uploads\/2018\/04\/mont_blanc_gipfeltag_10.jpg 2028w, https:\/\/www.abenteuersuechtig.de\/wp-content\/uploads\/2018\/04\/mont_blanc_gipfeltag_10-300x226.jpg 300w, https:\/\/www.abenteuersuechtig.de\/wp-content\/uploads\/2018\/04\/mont_blanc_gipfeltag_10-768x579.jpg 768w, https:\/\/www.abenteuersuechtig.de\/wp-content\/uploads\/2018\/04\/mont_blanc_gipfeltag_10-1024x772.jpg 1024w, https:\/\/www.abenteuersuechtig.de\/wp-content\/uploads\/2018\/04\/mont_blanc_gipfeltag_10-194x146.jpg 194w, https:\/\/www.abenteuersuechtig.de\/wp-content\/uploads\/2018\/04\/mont_blanc_gipfeltag_10-50x38.jpg 50w, https:\/\/www.abenteuersuechtig.de\/wp-content\/uploads\/2018\/04\/mont_blanc_gipfeltag_10-100x75.jpg 100w, https:\/\/www.abenteuersuechtig.de\/wp-content\/uploads\/2018\/04\/mont_blanc_gipfeltag_10-150x113.jpg 150w\" width=\"1216\" height=\"916\" loading=\"lazy\" data-original-width=\"1216\" data-original-height=\"916\" itemprop=\"http:\/\/schema.org\/image\" title=\"Auf rund 4100m, endlich wird es hell.\" alt=\"Auf rund 4100m, endlich wird es hell.\" style=\"width: 1216px; height: 916px;\" \/> <\/a> <\/div> <\/div> <!-- close group --> <\/div> <!-- close row --> <\/div>\n<h3>Ersch\u00f6pfung und Zweifel im Vallot Biwak<\/h3>\n<p>Als wir das Biwak erreichen kommen die Schweizer gerade raus und machen sich auf den Weiterweg zum Gipfel. Wir krabbeln die Stahlleiter hinauf und durch die K\u00e4ltefalle hinein in die Biwakschachtel. Das Vallot Biwak hat einen echt schlechten Ruf, aber so schlimm war es dort drin gar nicht. Zwar lag einiges an M\u00fcll und jede Menge Rettungsdecken drin, aber es hat wenigstens nicht gestunken.<\/p>\n<p>Als wir so dasitzen ereilt mich meine Ersch\u00f6pfung vom Vortag wieder so richtig. Schon seit einer Weile war ich etwas platt, aber nun bin ich wirklich fix und fertig. Das erste Mal spiele insgeheim mit dem Gedanken, die Bergrettung zu rufen. In meine Kraftlosigkeit mischt sich Nachdenklichkeit und Entt\u00e4uschung. Sollte unsere Tour hier und jetzt enden? Nat\u00fcrlich will ich rauf auf den Gipfel! Aber manchmal muss eben doch die Vernunft siegen, um kein unn\u00f6tiges Risiko einzugehen, denke ich mir.<\/p>\n<p>Nach unseren vielen gemeinsamen Touren sieht mir Flo sofort an, dass etwas nicht stimmt. Wie sich das unter Freunden und Bergkameraden geh\u00f6rt bin ich ehrlich und erz\u00e4hle ihm, dass ich mir aktuell wirklich nicht vorstellen kann, weitere 500 H\u00f6henmeter aufzusteigen. Vor allen Dingen folgt dann ja noch der Abstieg, egal ob zur\u00fcck nach Italien (Gonella) oder wie geplant hin\u00fcber nach Frankreich (Cosmique). Da wir insgesamt noch gut in der Zeit liegen beschlie\u00dfen wir, eine l\u00e4ngere Pause einzulegen und ich st\u00e4rke mich mit jeder Menge Tee, Studentenfutter und einem Energiegel von Flo. Nach einer guten Stunde habe ich das Gef\u00fchl, dass es langsam besser wird und ich die restlichen 500 H\u00f6henmeter angehen kann. Ich gehe noch mal tief in mich und horche in meinen K\u00f6rper hinein.<\/p>\n<h3>Langsamer Gipfelsturm<\/h3>\n<p>Einen Moment sp\u00e4ter machen machen wir uns wieder auf den Weg. Im Gegensatz zur bisherigen Strecke \u00fcbernehme ich die F\u00fchrung, um etwas besser das Tempo vorgeben zu k\u00f6nnen. Langsam aber stetig schrauben wir uns \u00fcber den Bossesgrat weiter nach oben. Es st\u00fcrmt ordentlich hier oben auf etwa 4500m und wir legen uns mit unserem Oberk\u00f6rper gegen den Wind, w\u00e4hrend wir den Gipfel immer n\u00e4her kommen. Immer direkt auf der Grenze zwischen Italien und Frankreich folgen wir dem sch\u00f6nen und schmalen Firngrat, welcher wohl normalerweise eine Autobahn sein muss. Heute aber nicht, denn der Normalweg \u00fcber die Go\u00fbterh\u00fctte ist gesperrt. Aus diesem Grund haben viele Bergsteiger davon abgesehen, den Monarchen zu besteigen.<\/p>\n<p>Undankbar bei der Besteigung des Mont Blanc \u00fcber den Bossesgrat ist, dass dieser immer wieder Aufschw\u00fcnge hat, die erst einmal nicht als solche zu erkennen sind. St\u00e4ndig denkst du &#8222;Jetzt hab ich&#8217;s gleich geschafft, da oben ist der Gipfel&#8220;. Dann kommst du auf den n\u00e4chsten Absatz und siehst wiederum den n\u00e4chsten Aufschwung. Aber mit mehreren kleinen Pausen und etwas Geduld von Flo haben wir auch diese letzte Herausforderung gemeistert und schlie\u00dflich war es geschafft!<\/p>\n<div class=\"tiled-gallery type-rectangular tiled-gallery-unresized\" data-original-width=\"1220\" data-carousel-extra='null' itemscope itemtype=\"http:\/\/schema.org\/ImageGallery\" > <div class=\"gallery-row\" style=\"width: 1220px; height: 587px;\" data-original-width=\"1220\" data-original-height=\"587\" > <div class=\"gallery-group images-1\" style=\"width: 778px; height: 587px;\" data-original-width=\"778\" data-original-height=\"587\" > <div class=\"tiled-gallery-item tiled-gallery-item-large\" itemprop=\"associatedMedia\" itemscope itemtype=\"http:\/\/schema.org\/ImageObject\"> <a href=\"https:\/\/i0.wp.com\/www.abenteuersuechtig.de\/wp-content\/uploads\/2018\/04\/mont_blanc_gipfeltag_12.jpg?ssl=1\" border=\"0\" itemprop=\"url\"> <meta itemprop=\"width\" content=\"774\"> <meta itemprop=\"height\" content=\"583\"> <img decoding=\"async\" class=\"\" data-attachment-id=\"11027\" data-orig-file=\"https:\/\/www.abenteuersuechtig.de\/wp-content\/uploads\/2018\/04\/mont_blanc_gipfeltag_12.jpg\" data-orig-size=\"2028,1528\" data-comments-opened=\"1\" data-image-meta=\"{&quot;aperture&quot;:&quot;0&quot;,&quot;credit&quot;:&quot;&quot;,&quot;camera&quot;:&quot;&quot;,&quot;caption&quot;:&quot;&quot;,&quot;created_timestamp&quot;:&quot;0&quot;,&quot;copyright&quot;:&quot;&quot;,&quot;focal_length&quot;:&quot;0&quot;,&quot;iso&quot;:&quot;0&quot;,&quot;shutter_speed&quot;:&quot;0&quot;,&quot;title&quot;:&quot;&quot;,&quot;orientation&quot;:&quot;0&quot;}\" data-image-title=\"Noch rund 600 H\u00f6henmeter fehlen uns bis hoch auf den Gipfel.\" data-image-description=\"\" data-medium-file=\"https:\/\/www.abenteuersuechtig.de\/wp-content\/uploads\/2018\/04\/mont_blanc_gipfeltag_12-300x226.jpg\" data-large-file=\"https:\/\/www.abenteuersuechtig.de\/wp-content\/uploads\/2018\/04\/mont_blanc_gipfeltag_12-1024x772.jpg\" src=\"https:\/\/i0.wp.com\/www.abenteuersuechtig.de\/wp-content\/uploads\/2018\/04\/mont_blanc_gipfeltag_12.jpg?w=774&#038;h=583&#038;ssl=1\" srcset=\"https:\/\/www.abenteuersuechtig.de\/wp-content\/uploads\/2018\/04\/mont_blanc_gipfeltag_12.jpg 2028w, https:\/\/www.abenteuersuechtig.de\/wp-content\/uploads\/2018\/04\/mont_blanc_gipfeltag_12-300x226.jpg 300w, https:\/\/www.abenteuersuechtig.de\/wp-content\/uploads\/2018\/04\/mont_blanc_gipfeltag_12-768x579.jpg 768w, https:\/\/www.abenteuersuechtig.de\/wp-content\/uploads\/2018\/04\/mont_blanc_gipfeltag_12-1024x772.jpg 1024w, https:\/\/www.abenteuersuechtig.de\/wp-content\/uploads\/2018\/04\/mont_blanc_gipfeltag_12-194x146.jpg 194w, https:\/\/www.abenteuersuechtig.de\/wp-content\/uploads\/2018\/04\/mont_blanc_gipfeltag_12-50x38.jpg 50w, https:\/\/www.abenteuersuechtig.de\/wp-content\/uploads\/2018\/04\/mont_blanc_gipfeltag_12-100x75.jpg 100w, https:\/\/www.abenteuersuechtig.de\/wp-content\/uploads\/2018\/04\/mont_blanc_gipfeltag_12-150x113.jpg 150w\" width=\"774\" height=\"583\" loading=\"lazy\" data-original-width=\"774\" data-original-height=\"583\" itemprop=\"http:\/\/schema.org\/image\" title=\"Noch rund 600 H\u00f6henmeter fehlen uns bis hoch auf den Gipfel.\" alt=\"Noch rund 600 H\u00f6henmeter fehlen uns bis hoch auf den Gipfel.\" style=\"width: 774px; height: 583px;\" \/> <\/a> <\/div> <\/div> <!-- close group --> <div class=\"gallery-group images-2\" style=\"width: 442px; height: 587px;\" data-original-width=\"442\" data-original-height=\"587\" > <div class=\"tiled-gallery-item tiled-gallery-item-large\" itemprop=\"associatedMedia\" itemscope itemtype=\"http:\/\/schema.org\/ImageObject\"> <a href=\"https:\/\/i0.wp.com\/www.abenteuersuechtig.de\/wp-content\/uploads\/2018\/04\/mont_blanc_gipfeltag_22.jpg?ssl=1\" border=\"0\" itemprop=\"url\"> <meta itemprop=\"width\" content=\"438\"> <meta itemprop=\"height\" content=\"249\"> <img decoding=\"async\" class=\"\" data-attachment-id=\"11037\" data-orig-file=\"https:\/\/www.abenteuersuechtig.de\/wp-content\/uploads\/2018\/04\/mont_blanc_gipfeltag_22.jpg\" data-orig-size=\"1946,1106\" data-comments-opened=\"1\" data-image-meta=\"{&quot;aperture&quot;:&quot;0&quot;,&quot;credit&quot;:&quot;&quot;,&quot;camera&quot;:&quot;&quot;,&quot;caption&quot;:&quot;&quot;,&quot;created_timestamp&quot;:&quot;0&quot;,&quot;copyright&quot;:&quot;&quot;,&quot;focal_length&quot;:&quot;0&quot;,&quot;iso&quot;:&quot;0&quot;,&quot;shutter_speed&quot;:&quot;0&quot;,&quot;title&quot;:&quot;&quot;,&quot;orientation&quot;:&quot;0&quot;}\" data-image-title=\"Wolkenfahnen \u00fcber dem Gipfel des Mont Blanc.\" data-image-description=\"\" data-medium-file=\"https:\/\/www.abenteuersuechtig.de\/wp-content\/uploads\/2018\/04\/mont_blanc_gipfeltag_22-300x171.jpg\" data-large-file=\"https:\/\/www.abenteuersuechtig.de\/wp-content\/uploads\/2018\/04\/mont_blanc_gipfeltag_22-1024x582.jpg\" src=\"https:\/\/i0.wp.com\/www.abenteuersuechtig.de\/wp-content\/uploads\/2018\/04\/mont_blanc_gipfeltag_22.jpg?w=438&#038;h=249&#038;ssl=1\" srcset=\"https:\/\/www.abenteuersuechtig.de\/wp-content\/uploads\/2018\/04\/mont_blanc_gipfeltag_22.jpg 1946w, https:\/\/www.abenteuersuechtig.de\/wp-content\/uploads\/2018\/04\/mont_blanc_gipfeltag_22-300x171.jpg 300w, https:\/\/www.abenteuersuechtig.de\/wp-content\/uploads\/2018\/04\/mont_blanc_gipfeltag_22-768x436.jpg 768w, https:\/\/www.abenteuersuechtig.de\/wp-content\/uploads\/2018\/04\/mont_blanc_gipfeltag_22-1024x582.jpg 1024w, https:\/\/www.abenteuersuechtig.de\/wp-content\/uploads\/2018\/04\/mont_blanc_gipfeltag_22-257x146.jpg 257w, https:\/\/www.abenteuersuechtig.de\/wp-content\/uploads\/2018\/04\/mont_blanc_gipfeltag_22-50x28.jpg 50w, https:\/\/www.abenteuersuechtig.de\/wp-content\/uploads\/2018\/04\/mont_blanc_gipfeltag_22-132x75.jpg 132w, https:\/\/www.abenteuersuechtig.de\/wp-content\/uploads\/2018\/04\/mont_blanc_gipfeltag_22-150x85.jpg 150w\" width=\"438\" height=\"249\" loading=\"lazy\" data-original-width=\"438\" data-original-height=\"249\" itemprop=\"http:\/\/schema.org\/image\" title=\"Wolkenfahnen \u00fcber dem Gipfel des Mont Blanc.\" alt=\"Wolkenfahnen \u00fcber dem Gipfel des Mont Blanc.\" style=\"width: 438px; height: 249px;\" \/> <\/a> <\/div> <div class=\"tiled-gallery-item tiled-gallery-item-large\" itemprop=\"associatedMedia\" itemscope itemtype=\"http:\/\/schema.org\/ImageObject\"> <a href=\"https:\/\/i0.wp.com\/www.abenteuersuechtig.de\/wp-content\/uploads\/2018\/04\/mont_blanc_gipfeltag_14.jpg?ssl=1\" border=\"0\" itemprop=\"url\"> <meta itemprop=\"width\" content=\"438\"> <meta itemprop=\"height\" content=\"330\"> <img decoding=\"async\" class=\"\" data-attachment-id=\"11029\" data-orig-file=\"https:\/\/www.abenteuersuechtig.de\/wp-content\/uploads\/2018\/04\/mont_blanc_gipfeltag_14.jpg\" data-orig-size=\"2028,1528\" data-comments-opened=\"1\" data-image-meta=\"{&quot;aperture&quot;:&quot;0&quot;,&quot;credit&quot;:&quot;&quot;,&quot;camera&quot;:&quot;&quot;,&quot;caption&quot;:&quot;&quot;,&quot;created_timestamp&quot;:&quot;0&quot;,&quot;copyright&quot;:&quot;&quot;,&quot;focal_length&quot;:&quot;0&quot;,&quot;iso&quot;:&quot;0&quot;,&quot;shutter_speed&quot;:&quot;0&quot;,&quot;title&quot;:&quot;&quot;,&quot;orientation&quot;:&quot;0&quot;}\" data-image-title=\"Fast oben. Flo auf dem Bossesgrat.\" data-image-description=\"\" data-medium-file=\"https:\/\/www.abenteuersuechtig.de\/wp-content\/uploads\/2018\/04\/mont_blanc_gipfeltag_14-300x226.jpg\" data-large-file=\"https:\/\/www.abenteuersuechtig.de\/wp-content\/uploads\/2018\/04\/mont_blanc_gipfeltag_14-1024x772.jpg\" src=\"https:\/\/i0.wp.com\/www.abenteuersuechtig.de\/wp-content\/uploads\/2018\/04\/mont_blanc_gipfeltag_14.jpg?w=438&#038;h=330&#038;ssl=1\" srcset=\"https:\/\/www.abenteuersuechtig.de\/wp-content\/uploads\/2018\/04\/mont_blanc_gipfeltag_14.jpg 2028w, https:\/\/www.abenteuersuechtig.de\/wp-content\/uploads\/2018\/04\/mont_blanc_gipfeltag_14-300x226.jpg 300w, https:\/\/www.abenteuersuechtig.de\/wp-content\/uploads\/2018\/04\/mont_blanc_gipfeltag_14-768x579.jpg 768w, https:\/\/www.abenteuersuechtig.de\/wp-content\/uploads\/2018\/04\/mont_blanc_gipfeltag_14-1024x772.jpg 1024w, https:\/\/www.abenteuersuechtig.de\/wp-content\/uploads\/2018\/04\/mont_blanc_gipfeltag_14-194x146.jpg 194w, https:\/\/www.abenteuersuechtig.de\/wp-content\/uploads\/2018\/04\/mont_blanc_gipfeltag_14-50x38.jpg 50w, https:\/\/www.abenteuersuechtig.de\/wp-content\/uploads\/2018\/04\/mont_blanc_gipfeltag_14-100x75.jpg 100w, https:\/\/www.abenteuersuechtig.de\/wp-content\/uploads\/2018\/04\/mont_blanc_gipfeltag_14-150x113.jpg 150w\" width=\"438\" height=\"330\" loading=\"lazy\" data-original-width=\"438\" data-original-height=\"330\" itemprop=\"http:\/\/schema.org\/image\" title=\"Fast oben. Flo auf dem Bossesgrat.\" alt=\"Fast oben. Flo auf dem Bossesgrat.\" style=\"width: 438px; height: 330px;\" \/> <\/a> <\/div> <\/div> <!-- close group --> <\/div> <!-- close row --> <div class=\"gallery-row\" style=\"width: 1220px; height: 920px;\" data-original-width=\"1220\" data-original-height=\"920\" > <div class=\"gallery-group images-1\" style=\"width: 1220px; height: 920px;\" data-original-width=\"1220\" data-original-height=\"920\" > <div class=\"tiled-gallery-item tiled-gallery-item-large\" itemprop=\"associatedMedia\" itemscope itemtype=\"http:\/\/schema.org\/ImageObject\"> <a href=\"https:\/\/i0.wp.com\/www.abenteuersuechtig.de\/wp-content\/uploads\/2018\/04\/mont_blanc_gipfeltag_04.jpg?ssl=1\" border=\"0\" itemprop=\"url\"> <meta itemprop=\"width\" content=\"1216\"> <meta itemprop=\"height\" content=\"916\"> <img decoding=\"async\" class=\"\" data-attachment-id=\"11019\" data-orig-file=\"https:\/\/www.abenteuersuechtig.de\/wp-content\/uploads\/2018\/04\/mont_blanc_gipfeltag_04.jpg\" data-orig-size=\"2028,1528\" data-comments-opened=\"1\" data-image-meta=\"{&quot;aperture&quot;:&quot;0&quot;,&quot;credit&quot;:&quot;&quot;,&quot;camera&quot;:&quot;&quot;,&quot;caption&quot;:&quot;&quot;,&quot;created_timestamp&quot;:&quot;0&quot;,&quot;copyright&quot;:&quot;&quot;,&quot;focal_length&quot;:&quot;0&quot;,&quot;iso&quot;:&quot;0&quot;,&quot;shutter_speed&quot;:&quot;0&quot;,&quot;title&quot;:&quot;&quot;,&quot;orientation&quot;:&quot;0&quot;}\" data-image-title=\"Dennis stapft den Bossegrat hinauf.\" data-image-description=\"\" data-medium-file=\"https:\/\/www.abenteuersuechtig.de\/wp-content\/uploads\/2018\/04\/mont_blanc_gipfeltag_04-300x226.jpg\" data-large-file=\"https:\/\/www.abenteuersuechtig.de\/wp-content\/uploads\/2018\/04\/mont_blanc_gipfeltag_04-1024x772.jpg\" src=\"https:\/\/i0.wp.com\/www.abenteuersuechtig.de\/wp-content\/uploads\/2018\/04\/mont_blanc_gipfeltag_04.jpg?w=1216&#038;h=916&#038;ssl=1\" srcset=\"https:\/\/www.abenteuersuechtig.de\/wp-content\/uploads\/2018\/04\/mont_blanc_gipfeltag_04.jpg 2028w, https:\/\/www.abenteuersuechtig.de\/wp-content\/uploads\/2018\/04\/mont_blanc_gipfeltag_04-300x226.jpg 300w, https:\/\/www.abenteuersuechtig.de\/wp-content\/uploads\/2018\/04\/mont_blanc_gipfeltag_04-768x579.jpg 768w, https:\/\/www.abenteuersuechtig.de\/wp-content\/uploads\/2018\/04\/mont_blanc_gipfeltag_04-1024x772.jpg 1024w, https:\/\/www.abenteuersuechtig.de\/wp-content\/uploads\/2018\/04\/mont_blanc_gipfeltag_04-194x146.jpg 194w, https:\/\/www.abenteuersuechtig.de\/wp-content\/uploads\/2018\/04\/mont_blanc_gipfeltag_04-50x38.jpg 50w, https:\/\/www.abenteuersuechtig.de\/wp-content\/uploads\/2018\/04\/mont_blanc_gipfeltag_04-100x75.jpg 100w, https:\/\/www.abenteuersuechtig.de\/wp-content\/uploads\/2018\/04\/mont_blanc_gipfeltag_04-150x113.jpg 150w\" width=\"1216\" height=\"916\" loading=\"lazy\" data-original-width=\"1216\" data-original-height=\"916\" itemprop=\"http:\/\/schema.org\/image\" title=\"Dennis stapft den Bossegrat hinauf.\" alt=\"Dennis stapft den Bossegrat hinauf.\" style=\"width: 1216px; height: 916px;\" \/> <\/a> <\/div> <\/div> <!-- close group --> <\/div> <!-- close row --> <\/div>\n<h3>Der Gipfel des Mont Blanc &#8211; Auf dem Dach der Alpen<\/h3>\n<p>Mit kleinen Schritten stapfen wir die letzten H\u00f6henmeter hinauf zum Gipfel. Pl\u00f6tzlich geschieht das, was f\u00fcr mich mit am sch\u00f6nsten beim Bergsteigen ist. All die Anspannung, all die Ersch\u00f6pfung und alle Zweifel sind von einem auf den anderen Moment vergessen. Sie sind nicht mehr existent! Ich stehe hier oben auf dem Mont Blanc, mit seinen 4810m dem h\u00f6chsten Berg der Alpen und schaue nicht nur sprichw\u00f6rtlich, sondern buchst\u00e4blich auf alles andere hinab.<\/p>\n<p>Die Gipfel der letzten Tage liegen gef\u00fchlt zig Kilometer unter mir, weit weg, in einem anderen Universum. Mir schie\u00dfen die Tr\u00e4nen in die Augen, als ich begreife, dass ich bzw. wir es tats\u00e4chlich geschafft haben! Wir stehen oben, auf dem Gipfel des Mont Blanc! H\u00f6her geht es hier in den Alpen nicht und mit der \u00dcberschreitung &#8222;by fair means&#8220; haben wir den Mont Blanc nicht nur einfach bestiegen, sondern \u00fcber die Gonella H\u00fctte tats\u00e4chlich vom Tal aus komplett ohne technische Hilfsmittel wie Bergbahnen bezwungen! H\u00e4tte mir nach meinem B\u00e4nderriss vor sechs Wochen jemand gesagt, dass ich jetzt hier stehen w\u00fcrde, ich h\u00e4tte ihm wohl nicht wirklich geglaubt, auch wenn ich es insgeheim nat\u00fcrlich gehofft hatte.<\/p>\n<div class=\"tiled-gallery type-rectangular tiled-gallery-unresized\" data-original-width=\"1220\" data-carousel-extra='null' itemscope itemtype=\"http:\/\/schema.org\/ImageGallery\" > <div class=\"gallery-row\" style=\"width: 1220px; height: 278px;\" data-original-width=\"1220\" data-original-height=\"278\" > <div class=\"gallery-group images-1\" style=\"width: 486px; height: 278px;\" data-original-width=\"486\" data-original-height=\"278\" > <div class=\"tiled-gallery-item tiled-gallery-item-large\" itemprop=\"associatedMedia\" itemscope itemtype=\"http:\/\/schema.org\/ImageObject\"> <a href=\"https:\/\/i0.wp.com\/www.abenteuersuechtig.de\/wp-content\/uploads\/2018\/04\/mont_blanc_gipfeltag_21.jpg?ssl=1\" border=\"0\" itemprop=\"url\"> <meta itemprop=\"width\" content=\"482\"> <meta itemprop=\"height\" content=\"274\"> <img decoding=\"async\" class=\"\" data-attachment-id=\"11036\" data-orig-file=\"https:\/\/www.abenteuersuechtig.de\/wp-content\/uploads\/2018\/04\/mont_blanc_gipfeltag_21.jpg\" data-orig-size=\"1946,1106\" data-comments-opened=\"1\" data-image-meta=\"{&quot;aperture&quot;:&quot;0&quot;,&quot;credit&quot;:&quot;&quot;,&quot;camera&quot;:&quot;&quot;,&quot;caption&quot;:&quot;&quot;,&quot;created_timestamp&quot;:&quot;0&quot;,&quot;copyright&quot;:&quot;&quot;,&quot;focal_length&quot;:&quot;0&quot;,&quot;iso&quot;:&quot;0&quot;,&quot;shutter_speed&quot;:&quot;0&quot;,&quot;title&quot;:&quot;&quot;,&quot;orientation&quot;:&quot;0&quot;}\" data-image-title=\"Gro\u00dfe Freude, als wir am Gipfel ankommen.\" data-image-description=\"\" data-medium-file=\"https:\/\/www.abenteuersuechtig.de\/wp-content\/uploads\/2018\/04\/mont_blanc_gipfeltag_21-300x171.jpg\" data-large-file=\"https:\/\/www.abenteuersuechtig.de\/wp-content\/uploads\/2018\/04\/mont_blanc_gipfeltag_21-1024x582.jpg\" src=\"https:\/\/i0.wp.com\/www.abenteuersuechtig.de\/wp-content\/uploads\/2018\/04\/mont_blanc_gipfeltag_21.jpg?w=482&#038;h=274&#038;ssl=1\" srcset=\"https:\/\/www.abenteuersuechtig.de\/wp-content\/uploads\/2018\/04\/mont_blanc_gipfeltag_21.jpg 1946w, https:\/\/www.abenteuersuechtig.de\/wp-content\/uploads\/2018\/04\/mont_blanc_gipfeltag_21-300x171.jpg 300w, https:\/\/www.abenteuersuechtig.de\/wp-content\/uploads\/2018\/04\/mont_blanc_gipfeltag_21-768x436.jpg 768w, https:\/\/www.abenteuersuechtig.de\/wp-content\/uploads\/2018\/04\/mont_blanc_gipfeltag_21-1024x582.jpg 1024w, https:\/\/www.abenteuersuechtig.de\/wp-content\/uploads\/2018\/04\/mont_blanc_gipfeltag_21-257x146.jpg 257w, https:\/\/www.abenteuersuechtig.de\/wp-content\/uploads\/2018\/04\/mont_blanc_gipfeltag_21-50x28.jpg 50w, https:\/\/www.abenteuersuechtig.de\/wp-content\/uploads\/2018\/04\/mont_blanc_gipfeltag_21-132x75.jpg 132w, https:\/\/www.abenteuersuechtig.de\/wp-content\/uploads\/2018\/04\/mont_blanc_gipfeltag_21-150x85.jpg 150w\" width=\"482\" height=\"274\" loading=\"lazy\" data-original-width=\"482\" data-original-height=\"274\" itemprop=\"http:\/\/schema.org\/image\" title=\"Gro\u00dfe Freude, als wir am Gipfel ankommen.\" alt=\"Gro\u00dfe Freude, als wir am Gipfel ankommen.\" style=\"width: 482px; height: 274px;\" \/> <\/a> <\/div> <\/div> <!-- close group --> <div class=\"gallery-group images-1\" style=\"width: 367px; height: 278px;\" data-original-width=\"367\" data-original-height=\"278\" > <div class=\"tiled-gallery-item tiled-gallery-item-large\" itemprop=\"associatedMedia\" itemscope itemtype=\"http:\/\/schema.org\/ImageObject\"> <a href=\"https:\/\/i0.wp.com\/www.abenteuersuechtig.de\/wp-content\/uploads\/2018\/04\/mont_blanc_gipfeltag_05.jpg?ssl=1\" border=\"0\" itemprop=\"url\"> <meta itemprop=\"width\" content=\"363\"> <meta itemprop=\"height\" content=\"274\"> <img decoding=\"async\" class=\"\" data-attachment-id=\"11020\" data-orig-file=\"https:\/\/www.abenteuersuechtig.de\/wp-content\/uploads\/2018\/04\/mont_blanc_gipfeltag_05.jpg\" data-orig-size=\"2028,1528\" data-comments-opened=\"1\" data-image-meta=\"{&quot;aperture&quot;:&quot;0&quot;,&quot;credit&quot;:&quot;&quot;,&quot;camera&quot;:&quot;&quot;,&quot;caption&quot;:&quot;&quot;,&quot;created_timestamp&quot;:&quot;0&quot;,&quot;copyright&quot;:&quot;&quot;,&quot;focal_length&quot;:&quot;0&quot;,&quot;iso&quot;:&quot;0&quot;,&quot;shutter_speed&quot;:&quot;0&quot;,&quot;title&quot;:&quot;&quot;,&quot;orientation&quot;:&quot;0&quot;}\" data-image-title=\"Ersch\u00f6pfung? Alles vergessen! Wir stehen auf dem Gipfel des Mont Blanc und nur das z\u00e4hlt!\" data-image-description=\"\" data-medium-file=\"https:\/\/www.abenteuersuechtig.de\/wp-content\/uploads\/2018\/04\/mont_blanc_gipfeltag_05-300x226.jpg\" data-large-file=\"https:\/\/www.abenteuersuechtig.de\/wp-content\/uploads\/2018\/04\/mont_blanc_gipfeltag_05-1024x772.jpg\" src=\"https:\/\/i0.wp.com\/www.abenteuersuechtig.de\/wp-content\/uploads\/2018\/04\/mont_blanc_gipfeltag_05.jpg?w=363&#038;h=274&#038;ssl=1\" srcset=\"https:\/\/www.abenteuersuechtig.de\/wp-content\/uploads\/2018\/04\/mont_blanc_gipfeltag_05.jpg 2028w, https:\/\/www.abenteuersuechtig.de\/wp-content\/uploads\/2018\/04\/mont_blanc_gipfeltag_05-300x226.jpg 300w, https:\/\/www.abenteuersuechtig.de\/wp-content\/uploads\/2018\/04\/mont_blanc_gipfeltag_05-768x579.jpg 768w, https:\/\/www.abenteuersuechtig.de\/wp-content\/uploads\/2018\/04\/mont_blanc_gipfeltag_05-1024x772.jpg 1024w, https:\/\/www.abenteuersuechtig.de\/wp-content\/uploads\/2018\/04\/mont_blanc_gipfeltag_05-194x146.jpg 194w, https:\/\/www.abenteuersuechtig.de\/wp-content\/uploads\/2018\/04\/mont_blanc_gipfeltag_05-50x38.jpg 50w, https:\/\/www.abenteuersuechtig.de\/wp-content\/uploads\/2018\/04\/mont_blanc_gipfeltag_05-100x75.jpg 100w, https:\/\/www.abenteuersuechtig.de\/wp-content\/uploads\/2018\/04\/mont_blanc_gipfeltag_05-150x113.jpg 150w\" width=\"363\" height=\"274\" loading=\"lazy\" data-original-width=\"363\" data-original-height=\"274\" itemprop=\"http:\/\/schema.org\/image\" title=\"Ersch\u00f6pfung? Alles vergessen! Wir stehen auf dem Gipfel des Mont Blanc und nur das z\u00e4hlt!\" alt=\"Ersch\u00f6pfung? Alles vergessen! Wir stehen auf dem Gipfel des Mont Blanc und nur das z\u00e4hlt!\" style=\"width: 363px; height: 274px;\" \/> <\/a> <\/div> <\/div> <!-- close group --> <div class=\"gallery-group images-1\" style=\"width: 367px; height: 278px;\" data-original-width=\"367\" data-original-height=\"278\" > <div class=\"tiled-gallery-item tiled-gallery-item-large\" itemprop=\"associatedMedia\" itemscope itemtype=\"http:\/\/schema.org\/ImageObject\"> <a href=\"https:\/\/i0.wp.com\/www.abenteuersuechtig.de\/wp-content\/uploads\/2018\/04\/mont_blanc_gipfeltag_16.jpg?ssl=1\" border=\"0\" itemprop=\"url\"> <meta itemprop=\"width\" content=\"363\"> <meta itemprop=\"height\" content=\"274\"> <img decoding=\"async\" class=\"\" data-attachment-id=\"11031\" data-orig-file=\"https:\/\/www.abenteuersuechtig.de\/wp-content\/uploads\/2018\/04\/mont_blanc_gipfeltag_16.jpg\" data-orig-size=\"2028,1528\" data-comments-opened=\"1\" data-image-meta=\"{&quot;aperture&quot;:&quot;0&quot;,&quot;credit&quot;:&quot;&quot;,&quot;camera&quot;:&quot;&quot;,&quot;caption&quot;:&quot;&quot;,&quot;created_timestamp&quot;:&quot;0&quot;,&quot;copyright&quot;:&quot;&quot;,&quot;focal_length&quot;:&quot;0&quot;,&quot;iso&quot;:&quot;0&quot;,&quot;shutter_speed&quot;:&quot;0&quot;,&quot;title&quot;:&quot;&quot;,&quot;orientation&quot;:&quot;0&quot;}\" data-image-title=\"Ausblick vom Mont Blanc auf die umliegenden Gipfel. Der Dent du G\u00e9ant in der Mitte sieht von hier ganz klein aus.\" data-image-description=\"\" data-medium-file=\"https:\/\/www.abenteuersuechtig.de\/wp-content\/uploads\/2018\/04\/mont_blanc_gipfeltag_16-300x226.jpg\" data-large-file=\"https:\/\/www.abenteuersuechtig.de\/wp-content\/uploads\/2018\/04\/mont_blanc_gipfeltag_16-1024x772.jpg\" src=\"https:\/\/i0.wp.com\/www.abenteuersuechtig.de\/wp-content\/uploads\/2018\/04\/mont_blanc_gipfeltag_16.jpg?w=363&#038;h=274&#038;ssl=1\" srcset=\"https:\/\/www.abenteuersuechtig.de\/wp-content\/uploads\/2018\/04\/mont_blanc_gipfeltag_16.jpg 2028w, https:\/\/www.abenteuersuechtig.de\/wp-content\/uploads\/2018\/04\/mont_blanc_gipfeltag_16-300x226.jpg 300w, https:\/\/www.abenteuersuechtig.de\/wp-content\/uploads\/2018\/04\/mont_blanc_gipfeltag_16-768x579.jpg 768w, https:\/\/www.abenteuersuechtig.de\/wp-content\/uploads\/2018\/04\/mont_blanc_gipfeltag_16-1024x772.jpg 1024w, https:\/\/www.abenteuersuechtig.de\/wp-content\/uploads\/2018\/04\/mont_blanc_gipfeltag_16-194x146.jpg 194w, https:\/\/www.abenteuersuechtig.de\/wp-content\/uploads\/2018\/04\/mont_blanc_gipfeltag_16-50x38.jpg 50w, https:\/\/www.abenteuersuechtig.de\/wp-content\/uploads\/2018\/04\/mont_blanc_gipfeltag_16-100x75.jpg 100w, https:\/\/www.abenteuersuechtig.de\/wp-content\/uploads\/2018\/04\/mont_blanc_gipfeltag_16-150x113.jpg 150w\" width=\"363\" height=\"274\" loading=\"lazy\" data-original-width=\"363\" data-original-height=\"274\" itemprop=\"http:\/\/schema.org\/image\" title=\"Ausblick vom Mont Blanc auf die umliegenden Gipfel. Der Dent du G\u00e9ant in der Mitte sieht von hier ganz klein aus.\" alt=\"Ausblick vom Mont Blanc auf die umliegenden Gipfel. Der Dent du G\u00e9ant in der Mitte sieht von hier ganz klein aus.\" style=\"width: 363px; height: 274px;\" \/> <\/a> <\/div> <\/div> <!-- close group --> <\/div> <!-- close row --> <div class=\"gallery-row\" style=\"width: 1220px; height: 392px;\" data-original-width=\"1220\" data-original-height=\"392\" > <div class=\"gallery-group images-1\" style=\"width: 519px; height: 392px;\" data-original-width=\"519\" data-original-height=\"392\" > <div class=\"tiled-gallery-item tiled-gallery-item-large\" itemprop=\"associatedMedia\" itemscope itemtype=\"http:\/\/schema.org\/ImageObject\"> <a href=\"https:\/\/i0.wp.com\/www.abenteuersuechtig.de\/wp-content\/uploads\/2018\/04\/mont_blanc_gipfeltag_15.jpg?ssl=1\" border=\"0\" itemprop=\"url\"> <meta itemprop=\"width\" content=\"515\"> <meta itemprop=\"height\" content=\"388\"> <img decoding=\"async\" class=\"\" data-attachment-id=\"11030\" data-orig-file=\"https:\/\/www.abenteuersuechtig.de\/wp-content\/uploads\/2018\/04\/mont_blanc_gipfeltag_15.jpg\" data-orig-size=\"2028,1528\" data-comments-opened=\"1\" data-image-meta=\"{&quot;aperture&quot;:&quot;0&quot;,&quot;credit&quot;:&quot;&quot;,&quot;camera&quot;:&quot;&quot;,&quot;caption&quot;:&quot;&quot;,&quot;created_timestamp&quot;:&quot;0&quot;,&quot;copyright&quot;:&quot;&quot;,&quot;focal_length&quot;:&quot;0&quot;,&quot;iso&quot;:&quot;0&quot;,&quot;shutter_speed&quot;:&quot;0&quot;,&quot;title&quot;:&quot;&quot;,&quot;orientation&quot;:&quot;0&quot;}\" data-image-title=\"Auf der Spitze dort in der Mitte standen wir noch drei Tage vorher. Und selbst der ist 4000 Meter hoch. Sieht verschwindend klein aus!\" data-image-description=\"\" data-medium-file=\"https:\/\/www.abenteuersuechtig.de\/wp-content\/uploads\/2018\/04\/mont_blanc_gipfeltag_15-300x226.jpg\" data-large-file=\"https:\/\/www.abenteuersuechtig.de\/wp-content\/uploads\/2018\/04\/mont_blanc_gipfeltag_15-1024x772.jpg\" src=\"https:\/\/i0.wp.com\/www.abenteuersuechtig.de\/wp-content\/uploads\/2018\/04\/mont_blanc_gipfeltag_15.jpg?w=515&#038;h=388&#038;ssl=1\" srcset=\"https:\/\/www.abenteuersuechtig.de\/wp-content\/uploads\/2018\/04\/mont_blanc_gipfeltag_15.jpg 2028w, https:\/\/www.abenteuersuechtig.de\/wp-content\/uploads\/2018\/04\/mont_blanc_gipfeltag_15-300x226.jpg 300w, https:\/\/www.abenteuersuechtig.de\/wp-content\/uploads\/2018\/04\/mont_blanc_gipfeltag_15-768x579.jpg 768w, https:\/\/www.abenteuersuechtig.de\/wp-content\/uploads\/2018\/04\/mont_blanc_gipfeltag_15-1024x772.jpg 1024w, https:\/\/www.abenteuersuechtig.de\/wp-content\/uploads\/2018\/04\/mont_blanc_gipfeltag_15-194x146.jpg 194w, https:\/\/www.abenteuersuechtig.de\/wp-content\/uploads\/2018\/04\/mont_blanc_gipfeltag_15-50x38.jpg 50w, https:\/\/www.abenteuersuechtig.de\/wp-content\/uploads\/2018\/04\/mont_blanc_gipfeltag_15-100x75.jpg 100w, https:\/\/www.abenteuersuechtig.de\/wp-content\/uploads\/2018\/04\/mont_blanc_gipfeltag_15-150x113.jpg 150w\" width=\"515\" height=\"388\" loading=\"lazy\" data-original-width=\"515\" data-original-height=\"388\" itemprop=\"http:\/\/schema.org\/image\" title=\"Auf der Spitze dort in der Mitte standen wir noch drei Tage vorher. Und selbst der ist 4000 Meter hoch. Sieht verschwindend klein aus!\" alt=\"Auf der Spitze dort in der Mitte standen wir noch drei Tage vorher. Und selbst der ist 4000 Meter hoch. Sieht verschwindend klein aus!\" style=\"width: 515px; height: 388px;\" \/> <\/a> <\/div> <\/div> <!-- close group --> <div class=\"gallery-group images-1\" style=\"width: 701px; height: 392px;\" data-original-width=\"701\" data-original-height=\"392\" > <div class=\"tiled-gallery-item tiled-gallery-item-large\" itemprop=\"associatedMedia\" itemscope itemtype=\"http:\/\/schema.org\/ImageObject\"> <a href=\"https:\/\/i0.wp.com\/www.abenteuersuechtig.de\/wp-content\/uploads\/2018\/04\/mont_blanc_gipfeltag_01.jpg?ssl=1\" border=\"0\" itemprop=\"url\"> <meta itemprop=\"width\" content=\"697\"> <meta itemprop=\"height\" content=\"388\"> <img decoding=\"async\" class=\"\" data-attachment-id=\"11016\" data-orig-file=\"https:\/\/www.abenteuersuechtig.de\/wp-content\/uploads\/2018\/04\/mont_blanc_gipfeltag_01.jpg\" data-orig-size=\"2028,1130\" data-comments-opened=\"1\" data-image-meta=\"{&quot;aperture&quot;:&quot;0&quot;,&quot;credit&quot;:&quot;&quot;,&quot;camera&quot;:&quot;&quot;,&quot;caption&quot;:&quot;&quot;,&quot;created_timestamp&quot;:&quot;0&quot;,&quot;copyright&quot;:&quot;&quot;,&quot;focal_length&quot;:&quot;0&quot;,&quot;iso&quot;:&quot;0&quot;,&quot;shutter_speed&quot;:&quot;0&quot;,&quot;title&quot;:&quot;&quot;,&quot;orientation&quot;:&quot;0&quot;}\" data-image-title=\"Auf dem Dach der Alpen, alle anderen Gipfel liegen unter uns.\" data-image-description=\"\" data-medium-file=\"https:\/\/www.abenteuersuechtig.de\/wp-content\/uploads\/2018\/04\/mont_blanc_gipfeltag_01-300x167.jpg\" data-large-file=\"https:\/\/www.abenteuersuechtig.de\/wp-content\/uploads\/2018\/04\/mont_blanc_gipfeltag_01-1024x571.jpg\" src=\"https:\/\/i0.wp.com\/www.abenteuersuechtig.de\/wp-content\/uploads\/2018\/04\/mont_blanc_gipfeltag_01.jpg?w=697&#038;h=388&#038;ssl=1\" srcset=\"https:\/\/www.abenteuersuechtig.de\/wp-content\/uploads\/2018\/04\/mont_blanc_gipfeltag_01.jpg 2028w, https:\/\/www.abenteuersuechtig.de\/wp-content\/uploads\/2018\/04\/mont_blanc_gipfeltag_01-300x167.jpg 300w, https:\/\/www.abenteuersuechtig.de\/wp-content\/uploads\/2018\/04\/mont_blanc_gipfeltag_01-768x428.jpg 768w, https:\/\/www.abenteuersuechtig.de\/wp-content\/uploads\/2018\/04\/mont_blanc_gipfeltag_01-1024x571.jpg 1024w, https:\/\/www.abenteuersuechtig.de\/wp-content\/uploads\/2018\/04\/mont_blanc_gipfeltag_01-260x146.jpg 260w, https:\/\/www.abenteuersuechtig.de\/wp-content\/uploads\/2018\/04\/mont_blanc_gipfeltag_01-50x28.jpg 50w, https:\/\/www.abenteuersuechtig.de\/wp-content\/uploads\/2018\/04\/mont_blanc_gipfeltag_01-135x75.jpg 135w, https:\/\/www.abenteuersuechtig.de\/wp-content\/uploads\/2018\/04\/mont_blanc_gipfeltag_01-150x84.jpg 150w\" width=\"697\" height=\"388\" loading=\"lazy\" data-original-width=\"697\" data-original-height=\"388\" itemprop=\"http:\/\/schema.org\/image\" title=\"Auf dem Dach der Alpen, alle anderen Gipfel liegen unter uns.\" alt=\"Auf dem Dach der Alpen, alle anderen Gipfel liegen unter uns.\" style=\"width: 697px; height: 388px;\" \/> <\/a> <\/div> <\/div> <!-- close group --> <\/div> <!-- close row --> <\/div>\n<p>Wir verlieren nicht viele Worte, fallen uns in die Arme und gratulieren uns zu unserer Leistung. Danach gehen wir beide erst einmal in uns, lassen den Gipfelmoment auf uns wirken und halten Inne. Der Wind pfeift uns eiskalte Luft um die Ohren und ein paar Wolkenfetzen ziehen in einem wahnsinnigen Tempo \u00fcber uns hinweg. Aber in diesem im Moment habe ich nur noch Augen f\u00fcr das gigantische Panorama! Der Himmel ist fast klar und die paar Wolken die wir sehen liegen weit unter uns. Gef\u00fchlt ist die Aussicht von hier oben grenzenlos! Ich bin immer noch v\u00f6llig \u00fcberw\u00e4ltigt. Kann es kaum fassen, dass wir es tats\u00e4chlich geschafft haben. Knapp neun Stunden (inklusive der guten Stunde Pause), \u00fcber 1700 H\u00f6henmeter und 7,5km Strecke liegen hinter uns.<\/p>\n<blockquote>\n<header><i>Erg\u00e4nzung von Flo<\/i><\/header>\n<p>Wir stehen alleine auf dem Gipfel! Kein Bergsteiger ist weit und breit zu sehen, was f\u00fcr ein Moment! Als ich 2009\/2010 wieder das Bergsteigen f\u00fcr mich entdeckte, hatte beim Weg \u00fcbers H\u00f6llental auf die Zugspitze ein Ziel gefasst. Ich wollte innerhalb der n\u00e4chsten 5 Jahre ein so selbstst\u00e4ndiger Bergsteiger werden, dass ich aus eigener Kraft den Mont Blanc besteigen kann. Stolz kommt auf, dass ich dies durch Training und sukzessiv schwierigere Touren geschafft habe. Und sogar mit Dennis noch einen guten Freund auf diesen Berg \u201ef\u00fchren\u201c konnte. Ich gehe in mich.<\/p>\n<p>Meine Gedanken sind bei meinem 2001 am <a href=\"https:\/\/de.wikipedia.org\/wiki\/Strahlhorn\" target=\"_blank\" rel=\"noopener\">Strahlhorn<\/a> verungl\u00fcckten Onkel. Er war mir immer ein Vorbild und stand auch schon genau hier oben, wo ich nun stehe. Weiter schweifen sie zu meiner Familie, meiner Schwester, welche auch gerne hier oben stehen w\u00fcrde und das sicher auch noch irgendwann schafft. Auf einmal denke ich an meine Kindheit, die endlosen Wandertouren mit meinen Gro\u00dfeltern in die Berge. Touren von M\u00fcnchen nach Venedig, die Tour de Mont Blanc im Jahr 1998. Damals war ich auch voller Bewunderung f\u00fcr diesen Berg. Ich h\u00e4tte aber nicht einmal zu tr\u00e4umen gewagt, dass ich diesen jemals selbstst\u00e4ndig besteigen w\u00fcrde. Ich denke an meine Freundin, welche mir die Freiheit gibt, mich so oft in den Bergen und alleine im Urlaub herumzutreiben. Auch wenn ihr das sicher nicht immer leicht f\u00e4llt, mich gehen zu lassen und um die Gefahren in den Bergen zu wissen. Aber sie vertraut mir und das gibt mir wiederum die notwendige St\u00e4rke und Freiheit, auch derartiges zu tun. So vieles geht mir durch den Kopf und ich bin \u00fcberw\u00e4ltigt von dem Panorama. Nichts in Mitteleuropa ist nun mehr h\u00f6her, kein Punkt in der Ferne gr\u00f6\u00dfer. Ich f\u00fchle mich unendlich frei!<\/p><\/blockquote>\n<h3>Abstieg Richtung Refuge des Cosmiques<\/h3>\n<p>Nach einigen Fotos und einer kurzen Pause mit Tee und Snacks machen wir uns langsam an den Abstieg. Mit der \u00dcberschreitung Richtung <a href=\"https:\/\/de.wikipedia.org\/wiki\/Refuge_des_Cosmiques\" target=\"_blank\" rel=\"noopener\">Refuge des Cosmiques<\/a> machen wir eine der ganz gro\u00dfen \u00dcberschreitungen im Mont Blanc Massiv perfekt. Wir steigen auf der breiten \u201ePiste\u201c langsam Richtung <a href=\"https:\/\/de.wikipedia.org\/wiki\/Mont_Maudit\" target=\"_blank\" rel=\"noopener\">Mont Maudit<\/a> ab, um rund 200 H\u00f6henmeter unterhalb des Gipfels an einer etwas windgesch\u00fctzteren Stelle auf Thomas und Steffen zu warten. Die beiden haben ziemlich weit aufgeholt und d\u00fcrften nicht mehr lange bis auf den Gipfel brauchen. Es dauert auch nur gut 15 Minuten, bis die beiden bei uns ankommen. Ich dachte ja immer, dass ich zumindest halbwegs fit bin. Aber was die beiden Jungs da an Tempo und Kondition an den Start bringen ist eigentlich unmenschlich und erinnert mich eher an eine Maschine, als an einen Sportler \ud83d\ude42<\/p>\n<p>Nach einer kurzen Rast und einem gemeinsamen \u201eGipfelfoto\u201c steigen wir weiter ab. Schlie\u00dflich liegen noch einige H\u00f6henmeter und auch einiges an Strecke bis zum Refuge des Cosmiques vor uns. Wie so oft macht sich beim Abstieg dann wieder die Ersch\u00f6pfung bemerkbar und man muss sich zusammenrei\u00dfen, bei voller Konzentration zu bleiben. Ja keinen Mist machen, denn der Abstieg zum Refuge des Cosmiques hat durchaus einige anspruchsvollere und steile Querungen, welche zudem noch recht eisig waren. Thomas und Flo sind in diesem Moment die beiden perfekten Begleiter und f\u00fchren die beiden Seilschaften an. Steffen und ich sind ziemlich fertig und folgen eher, immer mal wieder mit der einen oder anderen Pause.<\/p>\n<p>Unser Abstieg erfolgt quasi \u00fcber den Mont Maudit, mit dessen 4465m wir gleich den dritten 4000er an diesem Tag abhaken h\u00e4tten k\u00f6nnen. Aufgrund der M\u00fcdigkeit und Kr\u00e4fteeinteilung entscheiden wir uns aber dagegen, die Vernunft obsiegt. Zwischendurch bin ich fast etwas sauer auf Flo, weil er teils so viel Tempo macht. Aber wie so oft wei\u00df er genau, was er tut, denn erstens schreitet der Tag immer weiter voran und zweitens wird das Wetter langsam instabiler. Als wir den Aufschwung Richtung <a href=\"https:\/\/de.wikipedia.org\/wiki\/Mont_Blanc_du_Tacul\" target=\"_blank\" rel=\"noopener\">Mont Blanc du Tacul<\/a> ein gutes St\u00fcck nach dem Col du Mont Maudit erreichen, ziehen links von uns dunkelgraue, fast schwarze Wolken auf. Die ersten Blitze sind zu sehen und der Donner liegt in unseren Ohren. Kein sch\u00f6nes Gef\u00fchl, hier oben auf dem Gletscher zu stehen, wenn es nur wenige hundert Meter von uns entfernt gewittert&#8230; und ungef\u00e4hrlich schon mal gar nicht! Also ein letztes Mal Gas geben, um die vor uns liegende H\u00fctte so schnell wie m\u00f6glich zu erreichen.<\/p>\n<div class=\"tiled-gallery type-rectangular tiled-gallery-unresized\" data-original-width=\"1220\" data-carousel-extra='null' itemscope itemtype=\"http:\/\/schema.org\/ImageGallery\" > <div class=\"gallery-row\" style=\"width: 1220px; height: 614px;\" data-original-width=\"1220\" data-original-height=\"614\" > <div class=\"gallery-group images-1\" style=\"width: 814px; height: 614px;\" data-original-width=\"814\" data-original-height=\"614\" > <div class=\"tiled-gallery-item tiled-gallery-item-large\" itemprop=\"associatedMedia\" itemscope itemtype=\"http:\/\/schema.org\/ImageObject\"> <a href=\"https:\/\/www.abenteuersuechtig.de\/mont_blanc_gipfeltag_07\/\" border=\"0\" itemprop=\"url\"> <meta itemprop=\"width\" content=\"810\"> <meta itemprop=\"height\" content=\"610\"> <img decoding=\"async\" class=\"\" data-attachment-id=\"11022\" data-orig-file=\"https:\/\/www.abenteuersuechtig.de\/wp-content\/uploads\/2018\/04\/mont_blanc_gipfeltag_07.jpg\" data-orig-size=\"2028,1528\" data-comments-opened=\"1\" data-image-meta=\"{&quot;aperture&quot;:&quot;0&quot;,&quot;credit&quot;:&quot;&quot;,&quot;camera&quot;:&quot;&quot;,&quot;caption&quot;:&quot;&quot;,&quot;created_timestamp&quot;:&quot;0&quot;,&quot;copyright&quot;:&quot;&quot;,&quot;focal_length&quot;:&quot;0&quot;,&quot;iso&quot;:&quot;0&quot;,&quot;shutter_speed&quot;:&quot;0&quot;,&quot;title&quot;:&quot;&quot;,&quot;orientation&quot;:&quot;0&quot;}\" data-image-title=\"\u00dcber die breite &amp;#8222;Piste&amp;#8220; laufen wir hinab Richtung Refuge des Cosmiques.\" data-image-description=\"\" data-medium-file=\"https:\/\/www.abenteuersuechtig.de\/wp-content\/uploads\/2018\/04\/mont_blanc_gipfeltag_07-300x226.jpg\" data-large-file=\"https:\/\/www.abenteuersuechtig.de\/wp-content\/uploads\/2018\/04\/mont_blanc_gipfeltag_07-1024x772.jpg\" src=\"https:\/\/i0.wp.com\/www.abenteuersuechtig.de\/wp-content\/uploads\/2018\/04\/mont_blanc_gipfeltag_07.jpg?w=810&#038;h=610&#038;ssl=1\" srcset=\"https:\/\/www.abenteuersuechtig.de\/wp-content\/uploads\/2018\/04\/mont_blanc_gipfeltag_07.jpg 2028w, https:\/\/www.abenteuersuechtig.de\/wp-content\/uploads\/2018\/04\/mont_blanc_gipfeltag_07-300x226.jpg 300w, https:\/\/www.abenteuersuechtig.de\/wp-content\/uploads\/2018\/04\/mont_blanc_gipfeltag_07-768x579.jpg 768w, https:\/\/www.abenteuersuechtig.de\/wp-content\/uploads\/2018\/04\/mont_blanc_gipfeltag_07-1024x772.jpg 1024w, https:\/\/www.abenteuersuechtig.de\/wp-content\/uploads\/2018\/04\/mont_blanc_gipfeltag_07-194x146.jpg 194w, https:\/\/www.abenteuersuechtig.de\/wp-content\/uploads\/2018\/04\/mont_blanc_gipfeltag_07-50x38.jpg 50w, https:\/\/www.abenteuersuechtig.de\/wp-content\/uploads\/2018\/04\/mont_blanc_gipfeltag_07-100x75.jpg 100w, https:\/\/www.abenteuersuechtig.de\/wp-content\/uploads\/2018\/04\/mont_blanc_gipfeltag_07-150x113.jpg 150w\" width=\"810\" height=\"610\" loading=\"lazy\" data-original-width=\"810\" data-original-height=\"610\" itemprop=\"http:\/\/schema.org\/image\" title=\"\u00dcber die breite &quot;Piste&quot; laufen wir hinab Richtung Refuge des Cosmiques.\" alt=\"\u00dcber die breite &quot;Piste&quot; laufen wir hinab Richtung Refuge des Cosmiques.\" style=\"width: 810px; height: 610px;\" \/> <\/a> <\/div> <\/div> <!-- close group --> <div class=\"gallery-group images-2\" style=\"width: 406px; height: 614px;\" data-original-width=\"406\" data-original-height=\"614\" > <div class=\"tiled-gallery-item tiled-gallery-item-large\" itemprop=\"associatedMedia\" itemscope itemtype=\"http:\/\/schema.org\/ImageObject\"> <a href=\"https:\/\/www.abenteuersuechtig.de\/mont_blanc_gipfeltag_17\/\" border=\"0\" itemprop=\"url\"> <meta itemprop=\"width\" content=\"402\"> <meta itemprop=\"height\" content=\"303\"> <img decoding=\"async\" class=\"\" data-attachment-id=\"11032\" data-orig-file=\"https:\/\/www.abenteuersuechtig.de\/wp-content\/uploads\/2018\/04\/mont_blanc_gipfeltag_17.jpg\" data-orig-size=\"2028,1528\" data-comments-opened=\"1\" data-image-meta=\"{&quot;aperture&quot;:&quot;0&quot;,&quot;credit&quot;:&quot;&quot;,&quot;camera&quot;:&quot;&quot;,&quot;caption&quot;:&quot;&quot;,&quot;created_timestamp&quot;:&quot;0&quot;,&quot;copyright&quot;:&quot;&quot;,&quot;focal_length&quot;:&quot;0&quot;,&quot;iso&quot;:&quot;0&quot;,&quot;shutter_speed&quot;:&quot;0&quot;,&quot;title&quot;:&quot;&quot;,&quot;orientation&quot;:&quot;0&quot;}\" data-image-title=\"R\u00fcckblick auf das Vallot Biwak w\u00e4hrend des Abstiegs.\" data-image-description=\"\" data-medium-file=\"https:\/\/www.abenteuersuechtig.de\/wp-content\/uploads\/2018\/04\/mont_blanc_gipfeltag_17-300x226.jpg\" data-large-file=\"https:\/\/www.abenteuersuechtig.de\/wp-content\/uploads\/2018\/04\/mont_blanc_gipfeltag_17-1024x772.jpg\" src=\"https:\/\/i0.wp.com\/www.abenteuersuechtig.de\/wp-content\/uploads\/2018\/04\/mont_blanc_gipfeltag_17.jpg?w=402&#038;h=303&#038;ssl=1\" srcset=\"https:\/\/www.abenteuersuechtig.de\/wp-content\/uploads\/2018\/04\/mont_blanc_gipfeltag_17.jpg 2028w, https:\/\/www.abenteuersuechtig.de\/wp-content\/uploads\/2018\/04\/mont_blanc_gipfeltag_17-300x226.jpg 300w, https:\/\/www.abenteuersuechtig.de\/wp-content\/uploads\/2018\/04\/mont_blanc_gipfeltag_17-768x579.jpg 768w, https:\/\/www.abenteuersuechtig.de\/wp-content\/uploads\/2018\/04\/mont_blanc_gipfeltag_17-1024x772.jpg 1024w, https:\/\/www.abenteuersuechtig.de\/wp-content\/uploads\/2018\/04\/mont_blanc_gipfeltag_17-194x146.jpg 194w, https:\/\/www.abenteuersuechtig.de\/wp-content\/uploads\/2018\/04\/mont_blanc_gipfeltag_17-50x38.jpg 50w, https:\/\/www.abenteuersuechtig.de\/wp-content\/uploads\/2018\/04\/mont_blanc_gipfeltag_17-100x75.jpg 100w, https:\/\/www.abenteuersuechtig.de\/wp-content\/uploads\/2018\/04\/mont_blanc_gipfeltag_17-150x113.jpg 150w\" width=\"402\" height=\"303\" loading=\"lazy\" data-original-width=\"402\" data-original-height=\"303\" itemprop=\"http:\/\/schema.org\/image\" title=\"R\u00fcckblick auf das Vallot Biwak w\u00e4hrend des Abstiegs.\" alt=\"R\u00fcckblick auf das Vallot Biwak w\u00e4hrend des Abstiegs.\" style=\"width: 402px; height: 303px;\" \/> <\/a> <\/div> <div class=\"tiled-gallery-item tiled-gallery-item-large\" itemprop=\"associatedMedia\" itemscope itemtype=\"http:\/\/schema.org\/ImageObject\"> <a href=\"https:\/\/www.abenteuersuechtig.de\/mont_blanc_gipfeltag_08\/\" border=\"0\" itemprop=\"url\"> <meta itemprop=\"width\" content=\"402\"> <meta itemprop=\"height\" content=\"303\"> <img decoding=\"async\" class=\"\" data-attachment-id=\"11023\" data-orig-file=\"https:\/\/www.abenteuersuechtig.de\/wp-content\/uploads\/2018\/04\/mont_blanc_gipfeltag_08.jpg\" data-orig-size=\"2028,1528\" data-comments-opened=\"1\" data-image-meta=\"{&quot;aperture&quot;:&quot;0&quot;,&quot;credit&quot;:&quot;&quot;,&quot;camera&quot;:&quot;&quot;,&quot;caption&quot;:&quot;&quot;,&quot;created_timestamp&quot;:&quot;0&quot;,&quot;copyright&quot;:&quot;&quot;,&quot;focal_length&quot;:&quot;0&quot;,&quot;iso&quot;:&quot;0&quot;,&quot;shutter_speed&quot;:&quot;0&quot;,&quot;title&quot;:&quot;&quot;,&quot;orientation&quot;:&quot;0&quot;}\" data-image-title=\"Unser gemeinsames &amp;#8222;Gipfelfoto&amp;#8220;, nachdem wir uns 200 H\u00f6henmeter darunter getroffen haben.\" data-image-description=\"\" data-medium-file=\"https:\/\/www.abenteuersuechtig.de\/wp-content\/uploads\/2018\/04\/mont_blanc_gipfeltag_08-300x226.jpg\" data-large-file=\"https:\/\/www.abenteuersuechtig.de\/wp-content\/uploads\/2018\/04\/mont_blanc_gipfeltag_08-1024x772.jpg\" src=\"https:\/\/i0.wp.com\/www.abenteuersuechtig.de\/wp-content\/uploads\/2018\/04\/mont_blanc_gipfeltag_08.jpg?w=402&#038;h=303&#038;ssl=1\" srcset=\"https:\/\/www.abenteuersuechtig.de\/wp-content\/uploads\/2018\/04\/mont_blanc_gipfeltag_08.jpg 2028w, https:\/\/www.abenteuersuechtig.de\/wp-content\/uploads\/2018\/04\/mont_blanc_gipfeltag_08-300x226.jpg 300w, https:\/\/www.abenteuersuechtig.de\/wp-content\/uploads\/2018\/04\/mont_blanc_gipfeltag_08-768x579.jpg 768w, https:\/\/www.abenteuersuechtig.de\/wp-content\/uploads\/2018\/04\/mont_blanc_gipfeltag_08-1024x772.jpg 1024w, https:\/\/www.abenteuersuechtig.de\/wp-content\/uploads\/2018\/04\/mont_blanc_gipfeltag_08-194x146.jpg 194w, https:\/\/www.abenteuersuechtig.de\/wp-content\/uploads\/2018\/04\/mont_blanc_gipfeltag_08-50x38.jpg 50w, https:\/\/www.abenteuersuechtig.de\/wp-content\/uploads\/2018\/04\/mont_blanc_gipfeltag_08-100x75.jpg 100w, https:\/\/www.abenteuersuechtig.de\/wp-content\/uploads\/2018\/04\/mont_blanc_gipfeltag_08-150x113.jpg 150w\" width=\"402\" height=\"303\" loading=\"lazy\" data-original-width=\"402\" data-original-height=\"303\" itemprop=\"http:\/\/schema.org\/image\" title=\"Unser gemeinsames &quot;Gipfelfoto&quot;, nachdem wir uns 200 H\u00f6henmeter darunter getroffen haben.\" alt=\"Unser gemeinsames &quot;Gipfelfoto&quot;, nachdem wir uns 200 H\u00f6henmeter darunter getroffen haben.\" style=\"width: 402px; height: 303px;\" \/> <\/a> <\/div> <\/div> <!-- close group --> <\/div> <!-- close row --> <div class=\"gallery-row\" style=\"width: 1220px; height: 231px;\" data-original-width=\"1220\" data-original-height=\"231\" > <div class=\"gallery-group images-1\" style=\"width: 305px; height: 231px;\" data-original-width=\"305\" data-original-height=\"231\" > <div class=\"tiled-gallery-item tiled-gallery-item-large\" itemprop=\"associatedMedia\" itemscope itemtype=\"http:\/\/schema.org\/ImageObject\"> <a href=\"https:\/\/www.abenteuersuechtig.de\/mont_blanc_gipfeltag_06\/\" border=\"0\" itemprop=\"url\"> <meta itemprop=\"width\" content=\"301\"> <meta itemprop=\"height\" content=\"227\"> <img decoding=\"async\" class=\"\" data-attachment-id=\"11021\" data-orig-file=\"https:\/\/www.abenteuersuechtig.de\/wp-content\/uploads\/2018\/04\/mont_blanc_gipfeltag_06.jpg\" data-orig-size=\"2028,1528\" data-comments-opened=\"1\" data-image-meta=\"{&quot;aperture&quot;:&quot;0&quot;,&quot;credit&quot;:&quot;&quot;,&quot;camera&quot;:&quot;&quot;,&quot;caption&quot;:&quot;&quot;,&quot;created_timestamp&quot;:&quot;0&quot;,&quot;copyright&quot;:&quot;&quot;,&quot;focal_length&quot;:&quot;0&quot;,&quot;iso&quot;:&quot;0&quot;,&quot;shutter_speed&quot;:&quot;0&quot;,&quot;title&quot;:&quot;&quot;,&quot;orientation&quot;:&quot;0&quot;}\" data-image-title=\"Ein Unwetter zieht auf.\" data-image-description=\"\" data-medium-file=\"https:\/\/www.abenteuersuechtig.de\/wp-content\/uploads\/2018\/04\/mont_blanc_gipfeltag_06-300x226.jpg\" data-large-file=\"https:\/\/www.abenteuersuechtig.de\/wp-content\/uploads\/2018\/04\/mont_blanc_gipfeltag_06-1024x772.jpg\" src=\"https:\/\/i0.wp.com\/www.abenteuersuechtig.de\/wp-content\/uploads\/2018\/04\/mont_blanc_gipfeltag_06.jpg?w=301&#038;h=227&#038;ssl=1\" srcset=\"https:\/\/www.abenteuersuechtig.de\/wp-content\/uploads\/2018\/04\/mont_blanc_gipfeltag_06.jpg 2028w, https:\/\/www.abenteuersuechtig.de\/wp-content\/uploads\/2018\/04\/mont_blanc_gipfeltag_06-300x226.jpg 300w, https:\/\/www.abenteuersuechtig.de\/wp-content\/uploads\/2018\/04\/mont_blanc_gipfeltag_06-768x579.jpg 768w, https:\/\/www.abenteuersuechtig.de\/wp-content\/uploads\/2018\/04\/mont_blanc_gipfeltag_06-1024x772.jpg 1024w, https:\/\/www.abenteuersuechtig.de\/wp-content\/uploads\/2018\/04\/mont_blanc_gipfeltag_06-194x146.jpg 194w, https:\/\/www.abenteuersuechtig.de\/wp-content\/uploads\/2018\/04\/mont_blanc_gipfeltag_06-50x38.jpg 50w, https:\/\/www.abenteuersuechtig.de\/wp-content\/uploads\/2018\/04\/mont_blanc_gipfeltag_06-100x75.jpg 100w, https:\/\/www.abenteuersuechtig.de\/wp-content\/uploads\/2018\/04\/mont_blanc_gipfeltag_06-150x113.jpg 150w\" width=\"301\" height=\"227\" loading=\"lazy\" data-original-width=\"301\" data-original-height=\"227\" itemprop=\"http:\/\/schema.org\/image\" title=\"Ein Unwetter zieht auf.\" alt=\"Ein Unwetter zieht auf.\" style=\"width: 301px; height: 227px;\" \/> <\/a> <\/div> <\/div> <!-- close group --> <div class=\"gallery-group images-1\" style=\"width: 305px; height: 231px;\" data-original-width=\"305\" data-original-height=\"231\" > <div class=\"tiled-gallery-item tiled-gallery-item-large\" itemprop=\"associatedMedia\" itemscope itemtype=\"http:\/\/schema.org\/ImageObject\"> <a href=\"https:\/\/www.abenteuersuechtig.de\/mont_blanc_gipfeltag_18\/\" border=\"0\" itemprop=\"url\"> <meta itemprop=\"width\" content=\"301\"> <meta itemprop=\"height\" content=\"227\"> <img decoding=\"async\" class=\"\" data-attachment-id=\"11033\" data-orig-file=\"https:\/\/www.abenteuersuechtig.de\/wp-content\/uploads\/2018\/04\/mont_blanc_gipfeltag_18.jpg\" data-orig-size=\"2028,1528\" data-comments-opened=\"1\" data-image-meta=\"{&quot;aperture&quot;:&quot;0&quot;,&quot;credit&quot;:&quot;&quot;,&quot;camera&quot;:&quot;&quot;,&quot;caption&quot;:&quot;&quot;,&quot;created_timestamp&quot;:&quot;0&quot;,&quot;copyright&quot;:&quot;&quot;,&quot;focal_length&quot;:&quot;0&quot;,&quot;iso&quot;:&quot;0&quot;,&quot;shutter_speed&quot;:&quot;0&quot;,&quot;title&quot;:&quot;&quot;,&quot;orientation&quot;:&quot;0&quot;}\" data-image-title=\"Den Abstieg bew\u00e4ltigen wir endlich in der Vierer-Seilschaft.\" data-image-description=\"\" data-medium-file=\"https:\/\/www.abenteuersuechtig.de\/wp-content\/uploads\/2018\/04\/mont_blanc_gipfeltag_18-300x226.jpg\" data-large-file=\"https:\/\/www.abenteuersuechtig.de\/wp-content\/uploads\/2018\/04\/mont_blanc_gipfeltag_18-1024x772.jpg\" src=\"https:\/\/i0.wp.com\/www.abenteuersuechtig.de\/wp-content\/uploads\/2018\/04\/mont_blanc_gipfeltag_18.jpg?w=301&#038;h=227&#038;ssl=1\" srcset=\"https:\/\/www.abenteuersuechtig.de\/wp-content\/uploads\/2018\/04\/mont_blanc_gipfeltag_18.jpg 2028w, https:\/\/www.abenteuersuechtig.de\/wp-content\/uploads\/2018\/04\/mont_blanc_gipfeltag_18-300x226.jpg 300w, https:\/\/www.abenteuersuechtig.de\/wp-content\/uploads\/2018\/04\/mont_blanc_gipfeltag_18-768x579.jpg 768w, https:\/\/www.abenteuersuechtig.de\/wp-content\/uploads\/2018\/04\/mont_blanc_gipfeltag_18-1024x772.jpg 1024w, https:\/\/www.abenteuersuechtig.de\/wp-content\/uploads\/2018\/04\/mont_blanc_gipfeltag_18-194x146.jpg 194w, https:\/\/www.abenteuersuechtig.de\/wp-content\/uploads\/2018\/04\/mont_blanc_gipfeltag_18-50x38.jpg 50w, https:\/\/www.abenteuersuechtig.de\/wp-content\/uploads\/2018\/04\/mont_blanc_gipfeltag_18-100x75.jpg 100w, https:\/\/www.abenteuersuechtig.de\/wp-content\/uploads\/2018\/04\/mont_blanc_gipfeltag_18-150x113.jpg 150w\" width=\"301\" height=\"227\" loading=\"lazy\" data-original-width=\"301\" data-original-height=\"227\" itemprop=\"http:\/\/schema.org\/image\" title=\"Den Abstieg bew\u00e4ltigen wir endlich in der Vierer-Seilschaft.\" alt=\"Den Abstieg bew\u00e4ltigen wir endlich in der Vierer-Seilschaft.\" style=\"width: 301px; height: 227px;\" \/> <\/a> <\/div> <\/div> <!-- close group --> <div class=\"gallery-group images-1\" style=\"width: 305px; height: 231px;\" data-original-width=\"305\" data-original-height=\"231\" > <div class=\"tiled-gallery-item tiled-gallery-item-large\" itemprop=\"associatedMedia\" itemscope itemtype=\"http:\/\/schema.org\/ImageObject\"> <a href=\"https:\/\/www.abenteuersuechtig.de\/mont_blanc_gipfeltag_19\/\" border=\"0\" itemprop=\"url\"> <meta itemprop=\"width\" content=\"301\"> <meta itemprop=\"height\" content=\"227\"> <img decoding=\"async\" class=\"\" data-attachment-id=\"11034\" data-orig-file=\"https:\/\/www.abenteuersuechtig.de\/wp-content\/uploads\/2018\/04\/mont_blanc_gipfeltag_19.jpg\" data-orig-size=\"2028,1528\" data-comments-opened=\"1\" data-image-meta=\"{&quot;aperture&quot;:&quot;0&quot;,&quot;credit&quot;:&quot;&quot;,&quot;camera&quot;:&quot;&quot;,&quot;caption&quot;:&quot;&quot;,&quot;created_timestamp&quot;:&quot;0&quot;,&quot;copyright&quot;:&quot;&quot;,&quot;focal_length&quot;:&quot;0&quot;,&quot;iso&quot;:&quot;0&quot;,&quot;shutter_speed&quot;:&quot;0&quot;,&quot;title&quot;:&quot;&quot;,&quot;orientation&quot;:&quot;0&quot;}\" data-image-title=\"Ein paar steile Querungen mussten wir noch passieren.\" data-image-description=\"\" data-medium-file=\"https:\/\/www.abenteuersuechtig.de\/wp-content\/uploads\/2018\/04\/mont_blanc_gipfeltag_19-300x226.jpg\" data-large-file=\"https:\/\/www.abenteuersuechtig.de\/wp-content\/uploads\/2018\/04\/mont_blanc_gipfeltag_19-1024x772.jpg\" src=\"https:\/\/i0.wp.com\/www.abenteuersuechtig.de\/wp-content\/uploads\/2018\/04\/mont_blanc_gipfeltag_19.jpg?w=301&#038;h=227&#038;ssl=1\" srcset=\"https:\/\/www.abenteuersuechtig.de\/wp-content\/uploads\/2018\/04\/mont_blanc_gipfeltag_19.jpg 2028w, https:\/\/www.abenteuersuechtig.de\/wp-content\/uploads\/2018\/04\/mont_blanc_gipfeltag_19-300x226.jpg 300w, https:\/\/www.abenteuersuechtig.de\/wp-content\/uploads\/2018\/04\/mont_blanc_gipfeltag_19-768x579.jpg 768w, https:\/\/www.abenteuersuechtig.de\/wp-content\/uploads\/2018\/04\/mont_blanc_gipfeltag_19-1024x772.jpg 1024w, https:\/\/www.abenteuersuechtig.de\/wp-content\/uploads\/2018\/04\/mont_blanc_gipfeltag_19-194x146.jpg 194w, https:\/\/www.abenteuersuechtig.de\/wp-content\/uploads\/2018\/04\/mont_blanc_gipfeltag_19-50x38.jpg 50w, https:\/\/www.abenteuersuechtig.de\/wp-content\/uploads\/2018\/04\/mont_blanc_gipfeltag_19-100x75.jpg 100w, https:\/\/www.abenteuersuechtig.de\/wp-content\/uploads\/2018\/04\/mont_blanc_gipfeltag_19-150x113.jpg 150w\" width=\"301\" height=\"227\" loading=\"lazy\" data-original-width=\"301\" data-original-height=\"227\" itemprop=\"http:\/\/schema.org\/image\" title=\"Ein paar steile Querungen mussten wir noch passieren.\" alt=\"Ein paar steile Querungen mussten wir noch passieren.\" style=\"width: 301px; height: 227px;\" \/> <\/a> <\/div> <\/div> <!-- close group --> <div class=\"gallery-group images-1\" style=\"width: 305px; height: 231px;\" data-original-width=\"305\" data-original-height=\"231\" > <div class=\"tiled-gallery-item tiled-gallery-item-large\" itemprop=\"associatedMedia\" itemscope itemtype=\"http:\/\/schema.org\/ImageObject\"> <a href=\"https:\/\/www.abenteuersuechtig.de\/mont_blanc_gipfeltag_20\/\" border=\"0\" itemprop=\"url\"> <meta itemprop=\"width\" content=\"301\"> <meta itemprop=\"height\" content=\"227\"> <img decoding=\"async\" class=\"\" data-attachment-id=\"11035\" data-orig-file=\"https:\/\/www.abenteuersuechtig.de\/wp-content\/uploads\/2018\/04\/mont_blanc_gipfeltag_20.jpg\" data-orig-size=\"2028,1528\" data-comments-opened=\"1\" data-image-meta=\"{&quot;aperture&quot;:&quot;0&quot;,&quot;credit&quot;:&quot;&quot;,&quot;camera&quot;:&quot;&quot;,&quot;caption&quot;:&quot;&quot;,&quot;created_timestamp&quot;:&quot;0&quot;,&quot;copyright&quot;:&quot;&quot;,&quot;focal_length&quot;:&quot;0&quot;,&quot;iso&quot;:&quot;0&quot;,&quot;shutter_speed&quot;:&quot;0&quot;,&quot;title&quot;:&quot;&quot;,&quot;orientation&quot;:&quot;0&quot;}\" data-image-title=\"Da ist unser Ziel, das Refuge des Cosmiques\" data-image-description=\"\" data-medium-file=\"https:\/\/www.abenteuersuechtig.de\/wp-content\/uploads\/2018\/04\/mont_blanc_gipfeltag_20-300x226.jpg\" data-large-file=\"https:\/\/www.abenteuersuechtig.de\/wp-content\/uploads\/2018\/04\/mont_blanc_gipfeltag_20-1024x772.jpg\" src=\"https:\/\/i0.wp.com\/www.abenteuersuechtig.de\/wp-content\/uploads\/2018\/04\/mont_blanc_gipfeltag_20.jpg?w=301&#038;h=227&#038;ssl=1\" srcset=\"https:\/\/www.abenteuersuechtig.de\/wp-content\/uploads\/2018\/04\/mont_blanc_gipfeltag_20.jpg 2028w, https:\/\/www.abenteuersuechtig.de\/wp-content\/uploads\/2018\/04\/mont_blanc_gipfeltag_20-300x226.jpg 300w, https:\/\/www.abenteuersuechtig.de\/wp-content\/uploads\/2018\/04\/mont_blanc_gipfeltag_20-768x579.jpg 768w, https:\/\/www.abenteuersuechtig.de\/wp-content\/uploads\/2018\/04\/mont_blanc_gipfeltag_20-1024x772.jpg 1024w, https:\/\/www.abenteuersuechtig.de\/wp-content\/uploads\/2018\/04\/mont_blanc_gipfeltag_20-194x146.jpg 194w, https:\/\/www.abenteuersuechtig.de\/wp-content\/uploads\/2018\/04\/mont_blanc_gipfeltag_20-50x38.jpg 50w, https:\/\/www.abenteuersuechtig.de\/wp-content\/uploads\/2018\/04\/mont_blanc_gipfeltag_20-100x75.jpg 100w, https:\/\/www.abenteuersuechtig.de\/wp-content\/uploads\/2018\/04\/mont_blanc_gipfeltag_20-150x113.jpg 150w\" width=\"301\" height=\"227\" loading=\"lazy\" data-original-width=\"301\" data-original-height=\"227\" itemprop=\"http:\/\/schema.org\/image\" title=\"Da ist unser Ziel, das Refuge des Cosmiques\" alt=\"Da ist unser Ziel, das Refuge des Cosmiques\" style=\"width: 301px; height: 227px;\" \/> <\/a> <\/div> <\/div> <!-- close group --> <\/div> <!-- close row --> <\/div>\n<h3>Endlich Feierabend!<\/h3>\n<p>Nach 15 Stunden, 14km, 2600m Aufstieg und 2100m Abstieg erreichen wir endlich das Refuge des Cosmiques! Wir legen unser Material ab und treten in den beheizten Aufenthaltsraum. Zwei Minuten zuvor begann es, heftig zu hageln. Wenn das mal kein Timing war!<\/p>\n<p>Wir melden uns an, bringen die Rucks\u00e4cke ins Lager und verbringen den restlichen Abend im Aufenthaltsraum. Ein selbst f\u00fcr Bergh\u00fctten v\u00f6llig \u00fcberteuertes 0,33er Radler f\u00fcr 5,50\u20ac genehmigen wir uns zur Feier des Tages. Trotzdem muss ich sagen, dass ich nicht gerade begeistert bin von der H\u00fctte. Sie ist wahnsinnig teuer und nicht wirklich gem\u00fctlich. Und auch das Personal ist bei weitem nicht so nett wie auf den meisten H\u00fctten, auf denen ich bisher war. Immerhin bekommen wir mehr Essen als wir brauchen. Das verleiht unseren m\u00fcden K\u00f6rpern wieder etwas Kraft.<\/p>\n<p>W\u00e4hrend dem Abendessen werden wir noch Zeuge eines beeindruckenden und angsteinfl\u00f6\u00dfenden Ereignisses! Ein riesiger <a href=\"https:\/\/de.wikipedia.org\/wiki\/S%C3%A9rac_%28Gletschererscheinung%29\" target=\"_blank\" rel=\"noopener\">S\u00e9rac<\/a> bricht ab und st\u00fcrzt als Lawine hinunter ins Col du Midi. Genau durch die Spur, \u00fcber die wir noch vor gut zwei Stunden abgestiegen sind. Ein seltsames Gef\u00fchl beschleicht mich, als ich wieder einmal sehe, wie nah Erfolg und Trag\u00f6die am Berg beieinander liegen k\u00f6nnen. Gl\u00fccklicherweise sollten um diese Zeit keine Bergsteiger mehr unterwegs sein. Auch mit den Ferngl\u00e4sern k\u00f6nnen die H\u00fcttenangestellten nichts entdecken. Der restliche Abend ist kurz, denn direkt nach dem Essen gehen wir einer nach dem anderen ins Bett. Der Tag war anstrengend genug und morgen steht uns noch der Abstieg bevor&#8230;<\/p>\n<h2>Samstag &#8211; Abstieg zur\u00fcck nach Italien<\/h2>\n<p>Als unser Wecker am n\u00e4chsten Morgen klingelt hat es fast etwas von ausschlafen. Es ist etwa 7:30 Uhr.<\/p>\n<p>Nach dem Fr\u00fchst\u00fcck packen wir unsere Rucks\u00e4cke und verlassen das Refuge des Cosmiques um zwanzig nach neun in Richtung Col du Midi und Glacier du G\u00e9ant. Der Schlaf hat mehr als nur gut getan und ich bin wieder relativ fit. Nach genau drei Stunden erreichen wir die <a href=\"https:\/\/de.wikipedia.org\/wiki\/Pointe_Helbronner\" target=\"_blank\" rel=\"noopener\">Pointe Helbronner<\/a>, welche wir ja bereits bestens kennen und legen am <a href=\"https:\/\/de.wikipedia.org\/wiki\/Rifugio_Torino\" target=\"_blank\" rel=\"noopener\">Rif. Torino<\/a> eine Pause ein. Nach zwei Stunden, Kaffee, Kuchen und einem Radler machen wir uns auf den Weiterweg hinab ins Tal. Knapp drei Stunden ben\u00f6tigen wir f\u00fcr die gut 2100 H\u00f6henmeter. Zuerst \u00fcber Ger\u00f6ll, danach \u00fcber Wanderwege und durch W\u00e4lder wieder zur\u00fcck in die Zivilisation.<\/p>\n<p>Es ist immer wieder ein Erlebnis, nach einer solch \u201elangen\u201c Zeit nur in Fels und Eis, sich langsam die Vegetationsstufen zu erschlie\u00dfen. Erst wachsen die ersten Gr\u00e4ser und Mose, dann kommen kleine Blumen hinzu, die sich \u00fcber Jahrtausende perfekt an das Wetter im Hochgebirge angepasst haben. Schon stehen die ersten Zirbelkiefern vor einem und dichte, rauschende W\u00e4lder folgen bald. Wie oft blicke ich an diesem Tage zur\u00fcck auf den Monarchen und kann es immer noch nicht fassen, dass wir 24 Stunden vorher noch auf diesem nun gut 3000 Meter h\u00f6heren Gipfel standen. Die st\u00fcrmische Gipfelwolkenfahne scheint so weit entfernt. Ich kann mir leicht vorstellen, wie dies wohl im <a href=\"https:\/\/de.wikipedia.org\/wiki\/Himalaya\" target=\"_blank\" rel=\"noopener\">Himalaya<\/a> ist, wenn man sich einen hohen Berg \u00fcber wochenlanges Trekking und Bergsteigen erschlie\u00dft.<\/p>\n<blockquote>\n<header><i>Erg\u00e4nzung von Flo<\/i><\/header>\n<p>Ich sauge jedes Tierger\u00e4usch auf und atme die klare, warme Luft ein. Irgendwie hat das immer wieder etwas davon, zur\u00fcck im Leben und au\u00dferhalb des Risikos und der Gefahren von Fels und Eis anzukommen. In diesem Moment begreife ich das Geleistete und der ganze Druck der Tour f\u00e4llt von mir ab. Ich bin innerhalb der letzten f\u00fcnf Jahre an Erfahrung und Technik gewachsen. Schlie\u00dflich konnte ich mit Dennis tats\u00e4chlich selbstst\u00e4ndig den Mont Blanc ersteigen und ihn f\u00fchren. Nochmals f\u00fchren mich meine Gedanken an meinen in den Bergen verungl\u00fcckten Onkel, an meine Familie, an meine Kindheit in den Bergen mit meinen Gro\u00dfeltern. Dann kehre ich in das Hier und Jetzt zur\u00fcck. Wir haben es tats\u00e4chlich geschafft. Zur\u00fcck in die Sicherheit der Zivilisation und doch denke ich schon an den n\u00e4chsten Berg\u2026<\/p><\/blockquote>\n<div class=\"tiled-gallery type-rectangular tiled-gallery-unresized\" data-original-width=\"1220\" data-carousel-extra='null' itemscope itemtype=\"http:\/\/schema.org\/ImageGallery\" > <div class=\"gallery-row\" style=\"width: 1220px; height: 614px;\" data-original-width=\"1220\" data-original-height=\"614\" > <div class=\"gallery-group images-1\" style=\"width: 814px; height: 614px;\" data-original-width=\"814\" data-original-height=\"614\" > <div class=\"tiled-gallery-item tiled-gallery-item-large\" itemprop=\"associatedMedia\" itemscope itemtype=\"http:\/\/schema.org\/ImageObject\"> <a href=\"https:\/\/i0.wp.com\/www.abenteuersuechtig.de\/wp-content\/uploads\/2018\/04\/mont_blanc_abstieg-1.jpg?ssl=1\" border=\"0\" itemprop=\"url\"> <meta itemprop=\"width\" content=\"810\"> <meta itemprop=\"height\" content=\"610\"> <img decoding=\"async\" class=\"\" data-attachment-id=\"11040\" data-orig-file=\"https:\/\/www.abenteuersuechtig.de\/wp-content\/uploads\/2018\/04\/mont_blanc_abstieg-1.jpg\" data-orig-size=\"2028,1528\" data-comments-opened=\"1\" data-image-meta=\"{&quot;aperture&quot;:&quot;0&quot;,&quot;credit&quot;:&quot;&quot;,&quot;camera&quot;:&quot;&quot;,&quot;caption&quot;:&quot;&quot;,&quot;created_timestamp&quot;:&quot;0&quot;,&quot;copyright&quot;:&quot;&quot;,&quot;focal_length&quot;:&quot;0&quot;,&quot;iso&quot;:&quot;0&quot;,&quot;shutter_speed&quot;:&quot;0&quot;,&quot;title&quot;:&quot;&quot;,&quot;orientation&quot;:&quot;0&quot;}\" data-image-title=\"Der Mont Blanc du Tacul.\" data-image-description=\"\" data-medium-file=\"https:\/\/www.abenteuersuechtig.de\/wp-content\/uploads\/2018\/04\/mont_blanc_abstieg-1-300x226.jpg\" data-large-file=\"https:\/\/www.abenteuersuechtig.de\/wp-content\/uploads\/2018\/04\/mont_blanc_abstieg-1-1024x772.jpg\" src=\"https:\/\/i0.wp.com\/www.abenteuersuechtig.de\/wp-content\/uploads\/2018\/04\/mont_blanc_abstieg-1.jpg?w=810&#038;h=610&#038;ssl=1\" srcset=\"https:\/\/www.abenteuersuechtig.de\/wp-content\/uploads\/2018\/04\/mont_blanc_abstieg-1.jpg 2028w, https:\/\/www.abenteuersuechtig.de\/wp-content\/uploads\/2018\/04\/mont_blanc_abstieg-1-300x226.jpg 300w, https:\/\/www.abenteuersuechtig.de\/wp-content\/uploads\/2018\/04\/mont_blanc_abstieg-1-768x579.jpg 768w, https:\/\/www.abenteuersuechtig.de\/wp-content\/uploads\/2018\/04\/mont_blanc_abstieg-1-1024x772.jpg 1024w, https:\/\/www.abenteuersuechtig.de\/wp-content\/uploads\/2018\/04\/mont_blanc_abstieg-1-194x146.jpg 194w, https:\/\/www.abenteuersuechtig.de\/wp-content\/uploads\/2018\/04\/mont_blanc_abstieg-1-50x38.jpg 50w, https:\/\/www.abenteuersuechtig.de\/wp-content\/uploads\/2018\/04\/mont_blanc_abstieg-1-100x75.jpg 100w, https:\/\/www.abenteuersuechtig.de\/wp-content\/uploads\/2018\/04\/mont_blanc_abstieg-1-150x113.jpg 150w\" width=\"810\" height=\"610\" loading=\"lazy\" data-original-width=\"810\" data-original-height=\"610\" itemprop=\"http:\/\/schema.org\/image\" title=\"Der Mont Blanc du Tacul.\" alt=\"Der Mont Blanc du Tacul.\" style=\"width: 810px; height: 610px;\" \/> <\/a> <\/div> <\/div> <!-- close group --> <div class=\"gallery-group images-2\" style=\"width: 406px; height: 614px;\" data-original-width=\"406\" data-original-height=\"614\" > <div class=\"tiled-gallery-item tiled-gallery-item-large\" itemprop=\"associatedMedia\" itemscope itemtype=\"http:\/\/schema.org\/ImageObject\"> <a href=\"https:\/\/i0.wp.com\/www.abenteuersuechtig.de\/wp-content\/uploads\/2018\/04\/mont_blanc_abstieg-3.jpg?ssl=1\" border=\"0\" itemprop=\"url\"> <meta itemprop=\"width\" content=\"402\"> <meta itemprop=\"height\" content=\"303\"> <img decoding=\"async\" class=\"\" data-attachment-id=\"11042\" data-orig-file=\"https:\/\/www.abenteuersuechtig.de\/wp-content\/uploads\/2018\/04\/mont_blanc_abstieg-3.jpg\" data-orig-size=\"2028,1528\" data-comments-opened=\"1\" data-image-meta=\"{&quot;aperture&quot;:&quot;0&quot;,&quot;credit&quot;:&quot;&quot;,&quot;camera&quot;:&quot;&quot;,&quot;caption&quot;:&quot;&quot;,&quot;created_timestamp&quot;:&quot;0&quot;,&quot;copyright&quot;:&quot;&quot;,&quot;focal_length&quot;:&quot;0&quot;,&quot;iso&quot;:&quot;0&quot;,&quot;shutter_speed&quot;:&quot;0&quot;,&quot;title&quot;:&quot;&quot;,&quot;orientation&quot;:&quot;0&quot;}\" data-image-title=\"Auf dem Weg zum Rif. Torino. Thomas am Rande des Gletscherbruches.\" data-image-description=\"\" data-medium-file=\"https:\/\/www.abenteuersuechtig.de\/wp-content\/uploads\/2018\/04\/mont_blanc_abstieg-3-300x226.jpg\" data-large-file=\"https:\/\/www.abenteuersuechtig.de\/wp-content\/uploads\/2018\/04\/mont_blanc_abstieg-3-1024x772.jpg\" src=\"https:\/\/i0.wp.com\/www.abenteuersuechtig.de\/wp-content\/uploads\/2018\/04\/mont_blanc_abstieg-3.jpg?w=402&#038;h=303&#038;ssl=1\" srcset=\"https:\/\/www.abenteuersuechtig.de\/wp-content\/uploads\/2018\/04\/mont_blanc_abstieg-3.jpg 2028w, https:\/\/www.abenteuersuechtig.de\/wp-content\/uploads\/2018\/04\/mont_blanc_abstieg-3-300x226.jpg 300w, https:\/\/www.abenteuersuechtig.de\/wp-content\/uploads\/2018\/04\/mont_blanc_abstieg-3-768x579.jpg 768w, https:\/\/www.abenteuersuechtig.de\/wp-content\/uploads\/2018\/04\/mont_blanc_abstieg-3-1024x772.jpg 1024w, https:\/\/www.abenteuersuechtig.de\/wp-content\/uploads\/2018\/04\/mont_blanc_abstieg-3-194x146.jpg 194w, https:\/\/www.abenteuersuechtig.de\/wp-content\/uploads\/2018\/04\/mont_blanc_abstieg-3-50x38.jpg 50w, https:\/\/www.abenteuersuechtig.de\/wp-content\/uploads\/2018\/04\/mont_blanc_abstieg-3-100x75.jpg 100w, https:\/\/www.abenteuersuechtig.de\/wp-content\/uploads\/2018\/04\/mont_blanc_abstieg-3-150x113.jpg 150w\" width=\"402\" height=\"303\" loading=\"lazy\" data-original-width=\"402\" data-original-height=\"303\" itemprop=\"http:\/\/schema.org\/image\" title=\"Auf dem Weg zum Rif. Torino. Thomas am Rande des Gletscherbruches.\" alt=\"Auf dem Weg zum Rif. Torino. Thomas am Rande des Gletscherbruches.\" style=\"width: 402px; height: 303px;\" \/> <\/a> <\/div> <div class=\"tiled-gallery-item tiled-gallery-item-large\" itemprop=\"associatedMedia\" itemscope itemtype=\"http:\/\/schema.org\/ImageObject\"> <a href=\"https:\/\/i0.wp.com\/www.abenteuersuechtig.de\/wp-content\/uploads\/2018\/04\/mont_blanc_abstieg-4.jpg?ssl=1\" border=\"0\" itemprop=\"url\"> <meta itemprop=\"width\" content=\"402\"> <meta itemprop=\"height\" content=\"303\"> <img decoding=\"async\" class=\"\" data-attachment-id=\"11043\" data-orig-file=\"https:\/\/www.abenteuersuechtig.de\/wp-content\/uploads\/2018\/04\/mont_blanc_abstieg-4.jpg\" data-orig-size=\"2028,1528\" data-comments-opened=\"1\" data-image-meta=\"{&quot;aperture&quot;:&quot;0&quot;,&quot;credit&quot;:&quot;&quot;,&quot;camera&quot;:&quot;&quot;,&quot;caption&quot;:&quot;&quot;,&quot;created_timestamp&quot;:&quot;0&quot;,&quot;copyright&quot;:&quot;&quot;,&quot;focal_length&quot;:&quot;0&quot;,&quot;iso&quot;:&quot;0&quot;,&quot;shutter_speed&quot;:&quot;0&quot;,&quot;title&quot;:&quot;&quot;,&quot;orientation&quot;:&quot;0&quot;}\" data-image-title=\"\u00dcbergang Richtung Italien. Links sieht man die Bahn und den Dent du G\u00e9ant.\" data-image-description=\"\" data-medium-file=\"https:\/\/www.abenteuersuechtig.de\/wp-content\/uploads\/2018\/04\/mont_blanc_abstieg-4-300x226.jpg\" data-large-file=\"https:\/\/www.abenteuersuechtig.de\/wp-content\/uploads\/2018\/04\/mont_blanc_abstieg-4-1024x772.jpg\" src=\"https:\/\/i0.wp.com\/www.abenteuersuechtig.de\/wp-content\/uploads\/2018\/04\/mont_blanc_abstieg-4.jpg?w=402&#038;h=303&#038;ssl=1\" srcset=\"https:\/\/www.abenteuersuechtig.de\/wp-content\/uploads\/2018\/04\/mont_blanc_abstieg-4.jpg 2028w, https:\/\/www.abenteuersuechtig.de\/wp-content\/uploads\/2018\/04\/mont_blanc_abstieg-4-300x226.jpg 300w, https:\/\/www.abenteuersuechtig.de\/wp-content\/uploads\/2018\/04\/mont_blanc_abstieg-4-768x579.jpg 768w, https:\/\/www.abenteuersuechtig.de\/wp-content\/uploads\/2018\/04\/mont_blanc_abstieg-4-1024x772.jpg 1024w, https:\/\/www.abenteuersuechtig.de\/wp-content\/uploads\/2018\/04\/mont_blanc_abstieg-4-194x146.jpg 194w, https:\/\/www.abenteuersuechtig.de\/wp-content\/uploads\/2018\/04\/mont_blanc_abstieg-4-50x38.jpg 50w, https:\/\/www.abenteuersuechtig.de\/wp-content\/uploads\/2018\/04\/mont_blanc_abstieg-4-100x75.jpg 100w, https:\/\/www.abenteuersuechtig.de\/wp-content\/uploads\/2018\/04\/mont_blanc_abstieg-4-150x113.jpg 150w\" width=\"402\" height=\"303\" loading=\"lazy\" data-original-width=\"402\" data-original-height=\"303\" itemprop=\"http:\/\/schema.org\/image\" title=\"\u00dcbergang Richtung Italien. Links sieht man die Bahn und den Dent du G\u00e9ant.\" alt=\"\u00dcbergang Richtung Italien. Links sieht man die Bahn und den Dent du G\u00e9ant.\" style=\"width: 402px; height: 303px;\" \/> <\/a> <\/div> <\/div> <!-- close group --> <\/div> <!-- close row --> <div class=\"gallery-row\" style=\"width: 1220px; height: 307px;\" data-original-width=\"1220\" data-original-height=\"307\" > <div class=\"gallery-group images-1\" style=\"width: 407px; height: 307px;\" data-original-width=\"407\" data-original-height=\"307\" > <div class=\"tiled-gallery-item tiled-gallery-item-large\" itemprop=\"associatedMedia\" itemscope itemtype=\"http:\/\/schema.org\/ImageObject\"> <a href=\"https:\/\/i0.wp.com\/www.abenteuersuechtig.de\/wp-content\/uploads\/2018\/04\/mont_blanc_abstieg-2.jpg?ssl=1\" border=\"0\" itemprop=\"url\"> <meta itemprop=\"width\" content=\"403\"> <meta itemprop=\"height\" content=\"303\"> <img decoding=\"async\" class=\"\" data-attachment-id=\"11041\" data-orig-file=\"https:\/\/www.abenteuersuechtig.de\/wp-content\/uploads\/2018\/04\/mont_blanc_abstieg-2.jpg\" data-orig-size=\"2028,1528\" data-comments-opened=\"1\" data-image-meta=\"{&quot;aperture&quot;:&quot;0&quot;,&quot;credit&quot;:&quot;&quot;,&quot;camera&quot;:&quot;&quot;,&quot;caption&quot;:&quot;&quot;,&quot;created_timestamp&quot;:&quot;0&quot;,&quot;copyright&quot;:&quot;&quot;,&quot;focal_length&quot;:&quot;0&quot;,&quot;iso&quot;:&quot;0&quot;,&quot;shutter_speed&quot;:&quot;0&quot;,&quot;title&quot;:&quot;&quot;,&quot;orientation&quot;:&quot;0&quot;}\" data-image-title=\"\u00dcber den weitl\u00e4ufigen Glacier du G\u00e9ant geht es zur\u00fcck nach Italien.\" data-image-description=\"\" data-medium-file=\"https:\/\/www.abenteuersuechtig.de\/wp-content\/uploads\/2018\/04\/mont_blanc_abstieg-2-300x226.jpg\" data-large-file=\"https:\/\/www.abenteuersuechtig.de\/wp-content\/uploads\/2018\/04\/mont_blanc_abstieg-2-1024x772.jpg\" src=\"https:\/\/i0.wp.com\/www.abenteuersuechtig.de\/wp-content\/uploads\/2018\/04\/mont_blanc_abstieg-2.jpg?w=403&#038;h=303&#038;ssl=1\" srcset=\"https:\/\/www.abenteuersuechtig.de\/wp-content\/uploads\/2018\/04\/mont_blanc_abstieg-2.jpg 2028w, https:\/\/www.abenteuersuechtig.de\/wp-content\/uploads\/2018\/04\/mont_blanc_abstieg-2-300x226.jpg 300w, https:\/\/www.abenteuersuechtig.de\/wp-content\/uploads\/2018\/04\/mont_blanc_abstieg-2-768x579.jpg 768w, https:\/\/www.abenteuersuechtig.de\/wp-content\/uploads\/2018\/04\/mont_blanc_abstieg-2-1024x772.jpg 1024w, https:\/\/www.abenteuersuechtig.de\/wp-content\/uploads\/2018\/04\/mont_blanc_abstieg-2-194x146.jpg 194w, https:\/\/www.abenteuersuechtig.de\/wp-content\/uploads\/2018\/04\/mont_blanc_abstieg-2-50x38.jpg 50w, https:\/\/www.abenteuersuechtig.de\/wp-content\/uploads\/2018\/04\/mont_blanc_abstieg-2-100x75.jpg 100w, https:\/\/www.abenteuersuechtig.de\/wp-content\/uploads\/2018\/04\/mont_blanc_abstieg-2-150x113.jpg 150w\" width=\"403\" height=\"303\" loading=\"lazy\" data-original-width=\"403\" data-original-height=\"303\" itemprop=\"http:\/\/schema.org\/image\" title=\"\u00dcber den weitl\u00e4ufigen Glacier du G\u00e9ant geht es zur\u00fcck nach Italien.\" alt=\"\u00dcber den weitl\u00e4ufigen Glacier du G\u00e9ant geht es zur\u00fcck nach Italien.\" style=\"width: 403px; height: 303px;\" \/> <\/a> <\/div> <\/div> <!-- close group --> <div class=\"gallery-group images-1\" style=\"width: 407px; height: 307px;\" data-original-width=\"407\" data-original-height=\"307\" > <div class=\"tiled-gallery-item tiled-gallery-item-large\" itemprop=\"associatedMedia\" itemscope itemtype=\"http:\/\/schema.org\/ImageObject\"> <a href=\"https:\/\/i0.wp.com\/www.abenteuersuechtig.de\/wp-content\/uploads\/2018\/04\/mont_blanc_abstieg-5.jpg?ssl=1\" border=\"0\" itemprop=\"url\"> <meta itemprop=\"width\" content=\"403\"> <meta itemprop=\"height\" content=\"303\"> <img decoding=\"async\" class=\"\" data-attachment-id=\"11044\" data-orig-file=\"https:\/\/www.abenteuersuechtig.de\/wp-content\/uploads\/2018\/04\/mont_blanc_abstieg-5.jpg\" data-orig-size=\"2028,1528\" data-comments-opened=\"1\" data-image-meta=\"{&quot;aperture&quot;:&quot;0&quot;,&quot;credit&quot;:&quot;&quot;,&quot;camera&quot;:&quot;&quot;,&quot;caption&quot;:&quot;&quot;,&quot;created_timestamp&quot;:&quot;0&quot;,&quot;copyright&quot;:&quot;&quot;,&quot;focal_length&quot;:&quot;0&quot;,&quot;iso&quot;:&quot;0&quot;,&quot;shutter_speed&quot;:&quot;0&quot;,&quot;title&quot;:&quot;&quot;,&quot;orientation&quot;:&quot;0&quot;}\" data-image-title=\"Zur\u00fcck in die Zivilisation. Der Peutereygrat und im Hintergrund der Mont Blanc.\" data-image-description=\"\" data-medium-file=\"https:\/\/www.abenteuersuechtig.de\/wp-content\/uploads\/2018\/04\/mont_blanc_abstieg-5-300x226.jpg\" data-large-file=\"https:\/\/www.abenteuersuechtig.de\/wp-content\/uploads\/2018\/04\/mont_blanc_abstieg-5-1024x772.jpg\" src=\"https:\/\/i0.wp.com\/www.abenteuersuechtig.de\/wp-content\/uploads\/2018\/04\/mont_blanc_abstieg-5.jpg?w=403&#038;h=303&#038;ssl=1\" srcset=\"https:\/\/www.abenteuersuechtig.de\/wp-content\/uploads\/2018\/04\/mont_blanc_abstieg-5.jpg 2028w, https:\/\/www.abenteuersuechtig.de\/wp-content\/uploads\/2018\/04\/mont_blanc_abstieg-5-300x226.jpg 300w, https:\/\/www.abenteuersuechtig.de\/wp-content\/uploads\/2018\/04\/mont_blanc_abstieg-5-768x579.jpg 768w, https:\/\/www.abenteuersuechtig.de\/wp-content\/uploads\/2018\/04\/mont_blanc_abstieg-5-1024x772.jpg 1024w, https:\/\/www.abenteuersuechtig.de\/wp-content\/uploads\/2018\/04\/mont_blanc_abstieg-5-194x146.jpg 194w, https:\/\/www.abenteuersuechtig.de\/wp-content\/uploads\/2018\/04\/mont_blanc_abstieg-5-50x38.jpg 50w, https:\/\/www.abenteuersuechtig.de\/wp-content\/uploads\/2018\/04\/mont_blanc_abstieg-5-100x75.jpg 100w, https:\/\/www.abenteuersuechtig.de\/wp-content\/uploads\/2018\/04\/mont_blanc_abstieg-5-150x113.jpg 150w\" width=\"403\" height=\"303\" loading=\"lazy\" data-original-width=\"403\" data-original-height=\"303\" itemprop=\"http:\/\/schema.org\/image\" title=\"Zur\u00fcck in die Zivilisation. Der Peutereygrat und im Hintergrund der Mont Blanc.\" alt=\"Zur\u00fcck in die Zivilisation. Der Peutereygrat und im Hintergrund der Mont Blanc.\" style=\"width: 403px; height: 303px;\" \/> <\/a> <\/div> <\/div> <!-- close group --> <div class=\"gallery-group images-1\" style=\"width: 406px; height: 307px;\" data-original-width=\"406\" data-original-height=\"307\" > <div class=\"tiled-gallery-item tiled-gallery-item-large\" itemprop=\"associatedMedia\" itemscope itemtype=\"http:\/\/schema.org\/ImageObject\"> <a href=\"https:\/\/i0.wp.com\/www.abenteuersuechtig.de\/wp-content\/uploads\/2018\/04\/mont_blanc_abstieg-6.jpg?ssl=1\" border=\"0\" itemprop=\"url\"> <meta itemprop=\"width\" content=\"402\"> <meta itemprop=\"height\" content=\"303\"> <img decoding=\"async\" class=\"\" data-attachment-id=\"11045\" data-orig-file=\"https:\/\/www.abenteuersuechtig.de\/wp-content\/uploads\/2018\/04\/mont_blanc_abstieg-6.jpg\" data-orig-size=\"2028,1528\" data-comments-opened=\"1\" data-image-meta=\"{&quot;aperture&quot;:&quot;0&quot;,&quot;credit&quot;:&quot;&quot;,&quot;camera&quot;:&quot;&quot;,&quot;caption&quot;:&quot;&quot;,&quot;created_timestamp&quot;:&quot;0&quot;,&quot;copyright&quot;:&quot;&quot;,&quot;focal_length&quot;:&quot;0&quot;,&quot;iso&quot;:&quot;0&quot;,&quot;shutter_speed&quot;:&quot;0&quot;,&quot;title&quot;:&quot;&quot;,&quot;orientation&quot;:&quot;0&quot;}\" data-image-title=\"Mission accomplished! Mont Blanc by fair means.\" data-image-description=\"\" data-medium-file=\"https:\/\/www.abenteuersuechtig.de\/wp-content\/uploads\/2018\/04\/mont_blanc_abstieg-6-300x226.jpg\" data-large-file=\"https:\/\/www.abenteuersuechtig.de\/wp-content\/uploads\/2018\/04\/mont_blanc_abstieg-6-1024x772.jpg\" src=\"https:\/\/i0.wp.com\/www.abenteuersuechtig.de\/wp-content\/uploads\/2018\/04\/mont_blanc_abstieg-6.jpg?w=402&#038;h=303&#038;ssl=1\" srcset=\"https:\/\/www.abenteuersuechtig.de\/wp-content\/uploads\/2018\/04\/mont_blanc_abstieg-6.jpg 2028w, https:\/\/www.abenteuersuechtig.de\/wp-content\/uploads\/2018\/04\/mont_blanc_abstieg-6-300x226.jpg 300w, https:\/\/www.abenteuersuechtig.de\/wp-content\/uploads\/2018\/04\/mont_blanc_abstieg-6-768x579.jpg 768w, https:\/\/www.abenteuersuechtig.de\/wp-content\/uploads\/2018\/04\/mont_blanc_abstieg-6-1024x772.jpg 1024w, https:\/\/www.abenteuersuechtig.de\/wp-content\/uploads\/2018\/04\/mont_blanc_abstieg-6-194x146.jpg 194w, https:\/\/www.abenteuersuechtig.de\/wp-content\/uploads\/2018\/04\/mont_blanc_abstieg-6-50x38.jpg 50w, https:\/\/www.abenteuersuechtig.de\/wp-content\/uploads\/2018\/04\/mont_blanc_abstieg-6-100x75.jpg 100w, https:\/\/www.abenteuersuechtig.de\/wp-content\/uploads\/2018\/04\/mont_blanc_abstieg-6-150x113.jpg 150w\" width=\"402\" height=\"303\" loading=\"lazy\" data-original-width=\"402\" data-original-height=\"303\" itemprop=\"http:\/\/schema.org\/image\" title=\"Mission accomplished! Mont Blanc by fair means.\" alt=\"Mission accomplished! Mont Blanc by fair means.\" style=\"width: 402px; height: 303px;\" \/> <\/a> <\/div> <\/div> <!-- close group --> <\/div> <!-- close row --> <\/div>\n<p>Angekommen in <a href=\"https:\/\/de.wikipedia.org\/wiki\/Courmayeur\" target=\"_blank\" rel=\"noopener\">Courmayeur<\/a> nehmen wir den Bus zur\u00fcck zu unseren Autos und organisieren uns einen Zeltplatz f\u00fcr die Nacht. Wir gehen in die angeblich beste Pizzeria des Ortes, in der wir wahrlich nicht entt\u00e4uscht wurden \ud83d\ude09<\/p>\n<h2>Epilog<\/h2>\n<p>Knapp zwei Monate liegt unsere Mont Blanc \u00dcberschreitung nun zur\u00fcck. Ich sitze daheim an meinem Computer, schreibe diesen Artikel und suche die dazu passenden Fotos zusammen. Beim Durchst\u00f6bern der Bilder und Videos sp\u00fcre ich wieder fast das gleiche Gef\u00fchl von Stolz und Gl\u00fcck in mir, wie an diesem unvergesslichen Tag. Manche m\u00f6gen es vielleicht sentimental nennen, aber von eben solchen Momenten k\u00f6nnen wir Ewigkeiten lang zehren. Wir versetzen uns wieder in den Augenblick hinein und erleben die Situation beinahe noch einmal. Diese Erlebnisse, die unvergesslichen Momente und einmaligen Trips sind es, warum wir uns immer wieder auf die <a href=\"https:\/\/www.abenteuersuechtig.de\/index.php\/reiz-des-abenteuers-leben-am-limit\/\" target=\"_blank\" rel=\"noopener\">Suche nach neuen Abenteuern<\/a> begeben. Um mehr und mehr solcher Erinnerungen zu sammeln und in unserem Ged\u00e4chtnis zu konservieren&#8230; f\u00fcr die Ewigkeit.<\/p>\n<h2>Tourdaten<\/h2>\n<p>Mont Blanc \u00dcberschreitung von Val Veny aus \u00fcber Rifugio Francesco Gonella zum&nbsp;Refuge des Cosmiques und zur\u00fcck nach Courmayeur.<\/p>\n<p>Zeit gesamt: 29 Stunden<\/p>\n<p>Aufstieg gesamt: 4622m<\/p>\n<p>Abstieg gesamt: 5007m<\/p>\n<p>Distanz gesamt: 38,1km<\/p>\n<h2>GPS-Tracks<\/h2>\n\r\n\t\t<div id=\"wpgpxmaps_5326_1347722\" class=\"wpgpxmaps\">\r\n\t\t\t<div id=\"map_5326_1347722_cont\" style=\"width:100%; height:450px;position:relative\" >\r\n\t\t\t\t<div id=\"map_5326_1347722\" style=\"width:100%; height:450px\"><\/div>\r\n\t\t\t\t<div id=\"wpgpxmaps_5326_1347722_osm_footer\" class=\"wpgpxmaps_osm_footer\" style=\"display:none;\"><span> &copy; <a href=\"http:\/\/www.openstreetmap.org\/copyright\">OpenStreetMap<\/a> contributors<\/span><\/div>\r\n\t\t\t<\/div>\r\n\t\t\t<canvas id=\"myChart_5326_1347722\" class=\"plot\" style=\"width:100%; height:200px\"><\/canvas>\r\n\t\t\t<div id=\"ngimages_5326_1347722\" class=\"ngimages\" style=\"display:none\"><\/div>\r\n\t\t\t<div id=\"report_5326_1347722\" class=\"report\"><\/div>\r\n\t\t<\/div>\r\n\t\t\r\n\t\t<script type=\"text\/javascript\">\r\n\r\n\t\t\tjQuery(document).ready(function() {\r\n\r\n\t\t\t\tjQuery( \"#wpgpxmaps_5326_1347722\" ).wpgpxmaps( {\r\n\t\t\t\t\ttargetId           : \"5326_1347722\",\r\n\t\t\t\t\tmapType            : \"OSM1\",\r\n\t\t\t\t\tmapData            : [[45.7899920,6.9018280],[45.7902660,6.9013810],[45.7904700,6.9007580],[45.7906460,6.9001330],[45.7907680,6.8996860],[45.7908040,6.8992150],[45.7907540,6.8985490],[45.7907620,6.8979640],[45.7907490,6.8974900],[45.7908340,6.8971210],[45.7909340,6.8966510],[45.7908580,6.8958700],[45.7908900,6.8953110],[45.7908940,6.8948680],[45.7909480,6.8943060],[45.7909230,6.8935180],[45.7909110,6.8927620],[45.7907810,6.8920040],[45.7907660,6.8912430],[45.7907080,6.8908020],[45.7906740,6.8903070],[45.7906430,6.8897920],[45.7905120,6.8891900],[45.7903540,6.8884060],[45.7900040,6.8873610],[45.7898160,6.8868540],[45.7897640,6.8862830],[45.7895130,6.8859290],[45.7893780,6.8852900],[45.7893660,6.8847110],[45.7892040,6.8842470],[45.7892000,6.8835500],[45.7890660,6.8828800],[45.7890650,6.8824870],[45.7889620,6.8820950],[45.7890760,6.8816810],[45.7891390,6.8811610],[45.7889760,6.8806060],[45.7890660,6.8797240],[45.7890220,6.8786990],[45.7887430,6.8777860],[45.7885680,6.8769290],[45.7880830,6.8761290],[45.7877340,6.8753580],[45.7872640,6.8747990],[45.7865520,6.8746000],[45.7861460,6.8738410],[45.7864080,6.8726310],[45.7864710,6.8718580],[45.7865300,6.8713730],[45.7864650,6.8709270],[45.7864800,6.8703260],[45.7866310,6.8698820],[45.7865950,6.8693100],[45.7867370,6.8688890],[45.7869820,6.8682730],[45.7869840,6.8678400],[45.7871930,6.8673490],[45.7873370,6.8670080],[45.7876240,6.8666060],[45.7877320,6.8661150],[45.7879660,6.8656410],[45.7882700,6.8649600],[45.7884740,6.8644470],[45.7889250,6.8638400],[45.7889820,6.8633420],[45.7893870,6.8627750],[45.7898150,6.8623730],[45.7893330,6.8632640],[45.7890090,6.8636160],[45.7887090,6.8639480],[45.7885000,6.8643050],[45.7883560,6.8649520],[45.7881520,6.8657610],[45.7877980,6.8666990],[45.7874840,6.8674950],[45.7872510,6.8681990],[45.7870360,6.8684380],[45.7871140,6.8688220],[45.7868560,6.8698890],[45.7863270,6.8703360],[45.7860100,6.8706870],[45.7858680,6.8710380],[45.7856750,6.8717050],[45.7855180,6.8721090],[45.7853970,6.8725120],[45.7851980,6.8728210],[45.7848660,6.8725330],[45.7846230,6.8720080],[45.7845130,6.8716080],[45.7840920,6.8716060],[45.7837570,6.8714910],[45.7836220,6.8710630],[45.7834290,6.8702500],[45.7832500,6.8694050],[45.7829870,6.8687180],[45.7827880,6.8681620],[45.7825710,6.8676990],[45.7821240,6.8668850],[45.7819490,6.8658060],[45.7818600,6.8653390],[45.7819380,6.8648430],[45.7820440,6.8641990],[45.7821130,6.8638190],[45.7823070,6.8632460],[45.7826720,6.8626860],[45.7830040,6.8622060],[45.7832380,6.8618110],[45.7833780,6.8613190],[45.7836220,6.8609980],[45.7838850,6.8604970],[45.7841930,6.8602480],[45.7841870,6.8607140],[45.7843630,6.8601300],[45.7843910,6.8595930],[45.7848590,6.8591960],[45.7854800,6.8588720],[45.7859210,6.8588390],[45.7863280,6.8588860],[45.7868070,6.8584610],[45.7871060,6.8582130],[45.7874660,6.8579820],[45.7878380,6.8575710],[45.7881100,6.8572760],[45.7885380,6.8567100],[45.7888850,6.8562580],[45.7891350,6.8559730],[45.7893530,6.8556460],[45.7897520,6.8551170],[45.7901550,6.8544260],[45.7906730,6.8541400],[45.7911670,6.8540040],[45.7916340,6.8537980],[45.7920400,6.8534690],[45.7922800,6.8532100],[45.7926560,6.8523170],[45.7931220,6.8516840],[45.7934960,6.8513040],[45.7937900,6.8507240],[45.7939980,6.8504110],[45.7944630,6.8506380],[45.7949320,6.8507350],[45.7954900,6.8504760],[45.7958330,6.8501720],[45.7962330,6.8496420],[45.7968640,6.8487690],[45.7971170,6.8484810],[45.7976140,6.8481670],[45.7978850,6.8479370],[45.7983220,6.8471350],[45.7985980,6.8465700],[45.7990920,6.8463770],[45.7994570,6.8459750],[45.7997370,6.8457560],[45.7999940,6.8453100],[45.8003320,6.8446910],[45.8008200,6.8440500],[45.8011510,6.8437060],[45.8017100,6.8432370],[45.8019980,6.8427780],[45.8024440,6.8424600],[45.8027680,6.8421400],[45.8030860,6.8414500],[45.8032760,6.8409990],[45.8035270,6.8408330],[45.8038580,6.8405940],[45.8041700,6.8402870],[45.8045540,6.8398350],[45.8049600,6.8396770],[45.8051110,6.8393480],[45.8052430,6.8389580],[45.8054420,6.8386660],[45.8058080,6.8383060],[45.8061970,6.8381050],[45.8064720,6.8378560],[45.8068040,6.8375620],[45.8071210,6.8371920],[45.8076100,6.8366110],[45.8079260,6.8362680],[45.8082270,6.8358000],[45.8087290,6.8351720],[45.8089170,6.8346590],[45.8093760,6.8343510],[45.8095850,6.8340310],[45.8099370,6.8335940],[45.8102060,6.8333250],[45.8106370,6.8324490],[45.8108840,6.8320450],[45.8113190,6.8312580],[45.8115700,6.8306760],[45.8115390,6.8302290],[45.8116960,6.8297400],[45.8119670,6.8293520],[45.8120370,6.8289110],[45.8121650,6.8284460],[45.8123520,6.8281230],[45.8125050,6.8276090],[45.8127110,6.8272190],[45.8129830,6.8271290],[45.8125080,6.8274790],[45.8122580,6.8277640],[45.8120210,6.8273520],[45.8118260,6.8270350],[45.8118600,6.8264200],[45.8120230,6.8259120],[45.8122850,6.8251300],[45.8125160,6.8246080],[45.8131720,6.8247370],[45.8136300,6.8250590],[45.8138840,6.8253680],[45.8142450,6.8257610],[45.8143930,6.8261790],[45.8144220,6.8265930],[45.8142760,6.8274140],[45.8141900,6.8278330],[45.8140260,6.8283130],[45.8139980,6.8290720],[45.8139840,6.8294780],[45.8140610,6.8298800],[45.8143750,6.8298910],[45.8145570,6.8301850],[45.8147320,6.8306530],[45.8150470,6.8309540],[45.8154240,6.8314410],[45.8158360,6.8316470],[45.8162230,6.8320300],[45.8167420,6.8325160],[45.8170310,6.8326700],[45.8173350,6.8327280],[45.8176110,6.8327700],[45.8178840,6.8327020],[45.8180650,6.8329980],[45.8183420,6.8331070],[45.8186700,6.8329310],[45.8189110,6.8326740],[45.8190640,6.8326200],null,[45.8198030,6.8321490],[45.8198570,6.8322570],[45.8199470,6.8322980],[45.8200260,6.8323780],[45.8200420,6.8325150],[45.8201210,6.8324440],[45.8205400,6.8328620],[45.8210020,6.8330010],[45.8212830,6.8329390],[45.8215700,6.8330550],[45.8219040,6.8330840],[45.8223180,6.8331990],[45.8225020,6.8327590],[45.8230350,6.8325400],[45.8232960,6.8323600],[45.8236560,6.8322540],[45.8238790,6.8318550],[45.8240330,6.8322330],[45.8240290,6.8318200],[45.8243180,6.8317540],[45.8246140,6.8314900],[45.8248720,6.8316920],[45.8251400,6.8320440],[45.8255010,6.8319610],[45.8258340,6.8318260],[45.8260290,6.8322380],[45.8263680,6.8320490],[45.8266910,6.8321080],[45.8269280,6.8319170],[45.8272210,6.8318050],[45.8275260,6.8321370],[45.8277750,6.8325160],[45.8279180,6.8328710],[45.8279910,6.8333350],[45.8283520,6.8336060],[45.8286460,6.8336600],[45.8287620,6.8332290],[45.8289820,6.8335600],[45.8292820,6.8338430],[45.8296170,6.8338760],[45.8299790,6.8338840],[45.8303200,6.8339710],[45.8305940,6.8340330],[45.8310100,6.8340480],[45.8313660,6.8342090],[45.8314640,6.8338120],[45.8317350,6.8339950],[45.8320530,6.8339590],[45.8321050,6.8335010],[45.8320130,6.8330510],[45.8318750,6.8326750],[45.8320370,6.8319990],[45.8322040,6.8316750],[45.8323040,6.8311760],[45.8325410,6.8309160],[45.8328340,6.8310900],[45.8332900,6.8311050],[45.8335890,6.8309680],[45.8339020,6.8309220],[45.8341800,6.8309010],[45.8344450,6.8306350],[45.8347310,6.8306500],[45.8347290,6.8301690],[45.8344820,6.8298200],[45.8347510,6.8296520],[45.8349210,6.8292510],[45.8351260,6.8289010],[45.8354800,6.8289710],[45.8357710,6.8293500],[45.8359770,6.8296620],[45.8362970,6.8298500],[45.8366840,6.8300080],[45.8369160,6.8302180],[45.8373040,6.8304720],[45.8372300,6.8308680],[45.8371840,6.8314500],[45.8372690,6.8320340],[45.8373330,6.8325510],[45.8373400,6.8329730],[45.8374210,6.8333690],[45.8375840,6.8337090],[45.8376310,6.8341200],[45.8377940,6.8345000],[45.8379220,6.8348670],[45.8379950,6.8353450],[45.8382470,6.8358500],[45.8383820,6.8363240],[45.8389910,6.8370670],[45.8389750,6.8376700],[45.8392790,6.8377860],[45.8394340,6.8381200],[45.8395800,6.8386470],[45.8397380,6.8390300],[45.8397100,6.8395600],[45.8397610,6.8399980],[45.8403720,6.8404580],[45.8406510,6.8409130],[45.8410010,6.8413700],[45.8415580,6.8415740],[45.8413030,6.8418090],[45.8416000,6.8418980],[45.8416240,6.8423290],[45.8416580,6.8427760],[45.8417270,6.8437120],[45.8420090,6.8436690],[45.8419560,6.8430800],[45.8418630,6.8423840],[45.8415290,6.8430670],[45.8414450,6.8438990],[45.8415750,6.8448980],[45.8416110,6.8456590],[45.8415320,6.8465470],[45.8414700,6.8471490],[45.8413350,6.8475570],[45.8411100,6.8483620],[45.8409820,6.8487960],[45.8409140,6.8493840],[45.8407430,6.8499890],[45.8406590,6.8506630],[45.8401820,6.8507910],[45.8401010,6.8511740],[45.8400570,6.8516950],[45.8400420,6.8521580],[45.8396620,6.8522400],[45.8393580,6.8524100],[45.8387780,6.8520680],[45.8389660,6.8523520],[45.8391730,6.8526260],[45.8391430,6.8521700],[45.8388000,6.8523380],[45.8392000,6.8522200],[45.8385760,6.8519750],[45.8390170,6.8522910],[45.8387580,6.8524560],[45.8383940,6.8514830],[45.8387920,6.8521760],[45.8390590,6.8519620],[45.8387090,6.8517840],[45.8384270,6.8513530],[45.8386400,6.8522190],[45.8382560,6.8518510],[45.8378120,6.8522440],[45.8374930,6.8524230],[45.8374240,6.8529140],[45.8371630,6.8532030],[45.8369570,6.8536150],[45.8366820,6.8541710],[45.8363560,6.8542250],[45.8359630,6.8542930],[45.8356890,6.8546570],[45.8353550,6.8550120],[45.8353870,6.8554040],[45.8351660,6.8558650],[45.8347620,6.8562180],[45.8345060,6.8568170],[45.8346240,6.8572410],[45.8339640,6.8571470],[45.8342900,6.8574450],[45.8341330,6.8577660],[45.8338740,6.8580510],[45.8337600,6.8584890],[45.8333590,6.8580760],[45.8336410,6.8587050],[45.8334280,6.8592370],[45.8331760,6.8595790],[45.8329240,6.8600360],[45.8332530,6.8598220],[45.8328260,6.8603860],[45.8330160,6.8607370],[45.8329570,6.8602660],[45.8327110,6.8607540],[45.8325480,6.8610840],[45.8328940,6.8609480],[45.8326770,6.8612580],[45.8325830,6.8618540],[45.8326460,6.8623910],[45.8325940,6.8627800],[45.8325550,6.8633640],[45.8326260,6.8637490],[45.8327240,6.8641880],[45.8326120,6.8649090],[45.8329220,6.8645010],[45.8330610,6.8651200],[45.8324870,6.8655840],[45.8325760,6.8651360],[45.8322820,6.8650780],[45.8325520,6.8649680],[45.8328480,6.8646640],[45.8325880,6.8650690],[45.8326910,6.8654330],[45.8330420,6.8655140],[45.8335010,6.8658610],[45.8337710,6.8657120],[45.8343240,6.8659090],[45.8347390,6.8664650],[45.8350610,6.8661860],[45.8355390,6.8662500],[45.8359940,6.8666480],[45.8364300,6.8665620],[45.8362860,6.8662300],[45.8363320,6.8666130],[45.8365520,6.8663850],[45.8369340,6.8665740],[45.8372700,6.8672280],[45.8375050,6.8680210],[45.8376190,6.8685580],[45.8383780,6.8692070],[45.8390820,6.8695540],[45.8394340,6.8701250],[45.8395550,6.8705740],[45.8393990,6.8711340],[45.8396510,6.8717140],[45.8395900,6.8721010],[45.8399500,6.8728100],[45.8405260,6.8731950],[45.8410610,6.8735680],[45.8415160,6.8738810],[45.8423500,6.8742230],[45.8426320,6.8741950],[45.8429250,6.8743430],[45.8437970,6.8741270],[45.8441440,6.8739710],[45.8445180,6.8738290],[45.8447000,6.8734640],[45.8450730,6.8732080],[45.8457850,6.8736600],[45.8460960,6.8733840],[45.8463940,6.8733440],[45.8469890,6.8737100],[45.8475280,6.8736250],[45.8479990,6.8735990],[45.8484590,6.8735370],[45.8487940,6.8734520],[45.8490780,6.8736910],[45.8490710,6.8741390],[45.8492240,6.8750280],[45.8494700,6.8751890],[45.8498710,6.8755130],[45.8501240,6.8752220],[45.8504550,6.8754550],[45.8505380,6.8758660],[45.8506170,6.8766180],[45.8507190,6.8770150],[45.8509640,6.8772200],[45.8512000,6.8774760],[45.8515500,6.8779480],[45.8515200,6.8783370],[45.8517690,6.8789720],[45.8520070,6.8791790],[45.8523650,6.8797350],[45.8525180,6.8800690],[45.8531060,6.8810180],[45.8534080,6.8812920],[45.8536270,6.8815410],[45.8540550,6.8821260],[45.8545280,6.8824730],[45.8548820,6.8826930],[45.8555960,6.8830840],[45.8559940,6.8834450],[45.8562960,6.8837600],[45.8566270,6.8840290],[45.8569110,6.8840340],[45.8571710,6.8845160],[45.8575350,6.8841970],[45.8579340,6.8845720],[45.8581820,6.8852410],[45.8583550,6.8855740],[45.8585810,6.8861860],[45.8587320,6.8865940],[45.8590100,6.8868350],[45.8592940,6.8865200],[45.8595580,6.8859790],[45.8593300,6.8855210],[45.8594310,6.8848380],[45.8601050,6.8849370],[45.8603990,6.8846640],[45.8609620,6.8846860],[45.8611090,6.8842870],[45.8615200,6.8841500],[45.8617870,6.8840500],[45.8624780,6.8837380],[45.8628550,6.8838600],[45.8629770,6.8835130],[45.8634550,6.8833520],[45.8637700,6.8836880],[45.8641450,6.8837050],[45.8648240,6.8840360],[45.8649750,6.8845930],[45.8652390,6.8846750],[45.8657460,6.8847410],[45.8660550,6.8847910],[45.8663180,6.8850670],[45.8668320,6.8852660],[45.8672280,6.8854200],[45.8676040,6.8855720],[45.8679950,6.8858040],[45.8685720,6.8859960],[45.8691720,6.8862490],[45.8694400,6.8863840],[45.8697330,6.8864570],[45.8704890,6.8868940],[45.8708150,6.8869670],[45.8713530,6.8871680],[45.8717590,6.8871300],[45.8720660,6.8873690],[45.8723420,6.8874320],[45.8732530,6.8875220],[45.8736070,6.8874870],[45.8741930,6.8865610],[45.8741540,6.8861260],[45.8738120,6.8860020],[45.8734660,6.8857780],[45.8733680,6.8859180],null,[45.8732180,6.8858520],[45.8733060,6.8858300],[45.8734010,6.8858310],[45.8734870,6.8858630],[45.8735710,6.8858990],[45.8736690,6.8859490],[45.8737470,6.8859940],[45.8738330,6.8860330],[45.8741270,6.8860730],[45.8740460,6.8870660],[45.8736470,6.8875550],[45.8734980,6.8879200],[45.8731370,6.8883280],[45.8727620,6.8891400],[45.8724120,6.8894980],[45.8722250,6.8897800],[45.8720410,6.8903650],[45.8714580,6.8909900],[45.8711230,6.8912390],[45.8704910,6.8915930],[45.8703340,6.8920300],[45.8700600,6.8926490],[45.8697460,6.8933320],[45.8695160,6.8935710],[45.8690190,6.8944000],[45.8687210,6.8949600],[45.8684730,6.8956420],[45.8683350,6.8965500],[45.8681510,6.8973740],[45.8683060,6.8982270],[45.8685140,6.8989310],[45.8685340,6.8996210],[45.8676360,6.9006470],[45.8667100,6.9009350],[45.8664420,6.9012450],[45.8662030,6.9015890],[45.8654190,6.9018520],[45.8651430,6.9019440],[45.8647520,6.9019180],[45.8637980,6.9019390],[45.8633540,6.9020630],[45.8626960,6.9023830],[45.8620780,6.9025830],[45.8616180,6.9029110],[45.8611710,6.9032560],[45.8608640,6.9034510],[45.8603580,6.9039430],[45.8600500,6.9039900],[45.8595280,6.9040160],[45.8591780,6.9038930],[45.8586760,6.9041430],[45.8584230,6.9044340],[45.8578300,6.9047690],[45.8574330,6.9047550],[45.8572870,6.9053360],[45.8570600,6.9061480],[45.8569440,6.9060580],[45.8566920,6.9064100],[45.8563110,6.9069190],[45.8561080,6.9071750],[45.8559760,6.9075760],[45.8557930,6.9085390],[45.8556440,6.9090300],[45.8557640,6.9097850],[45.8556520,6.9102510],[45.8555260,6.9108500],[45.8554270,6.9115950],[45.8552760,6.9119680],[45.8552920,6.9124460],[45.8551190,6.9128300],[45.8550400,6.9132000],[45.8552840,6.9130100],[45.8555460,6.9133740],[45.8557460,6.9142740],[45.8558990,6.9146380],[45.8560950,6.9149900],[45.8562950,6.9156380],[45.8559430,6.9164010],[45.8556580,6.9162280],[45.8551580,6.9162480],[45.8548620,6.9163730],[45.8544860,6.9168760],[45.8541470,6.9169540],[45.8537270,6.9175010],[45.8532030,6.9177450],[45.8527580,6.9175840],[45.8525160,6.9178290],[45.8522160,6.9181780],[45.8517890,6.9180020],[45.8516310,6.9183650],[45.8515030,6.9188750],[45.8514060,6.9193750],[45.8510860,6.9201320],[45.8509290,6.9208950],[45.8505680,6.9212620],[45.8504740,6.9217830],[45.8501400,6.9221700],[45.8501610,6.9226900],[45.8499760,6.9232020],[45.8500240,6.9236000],[45.8500370,6.9240740],[45.8500380,6.9249720],[45.8499640,6.9255690],[45.8499470,6.9260070],[45.8498730,6.9265140],[45.8498610,6.9271630],[45.8498630,6.9277850],[45.8494740,6.9281040],[45.8490970,6.9286150],[45.8488540,6.9290860],[45.8483660,6.9295200],[45.8481090,6.9300890],[45.8478960,6.9305910],[45.8476780,6.9312250],[45.8472600,6.9319960],[45.8466040,6.9325660],[45.8461160,6.9330330],[45.8459300,6.9331950],null,[45.8449980,6.9340630],[45.8450250,6.9341380],[45.8450290,6.9341790],[45.8451150,6.9342010],[45.8450790,6.9342490],[45.8451620,6.9342640],[45.8452580,6.9342380],[45.8452960,6.9342950],[45.8452360,6.9344090],[45.8451630,6.9345060],[45.8450640,6.9345230],[45.8449860,6.9344700],[45.8446170,6.9342280],[45.8444280,6.9337320],[45.8438140,6.9335940],[45.8434300,6.9335590],[45.8431520,6.9337200],[45.8427970,6.9336270],[45.8425820,6.9339700],[45.8422070,6.9342500],[45.8419450,6.9347120],[45.8415200,6.9352230],[45.8415520,6.9357080],[45.8413600,6.9362370],[45.8413090,6.9366740],[45.8410980,6.9371700],[45.8407880,6.9374010],[45.8404430,6.9377840],[45.8401310,6.9378050],[45.8399960,6.9384630],[45.8397240,6.9385420],[45.8393080,6.9391550],[45.8390020,6.9396130],[45.8387790,6.9400050],[45.8385210,6.9401840],[45.8382760,6.9399970],[45.8379000,6.9399480],[45.8376290,6.9399620],[45.8373130,6.9395680],[45.8369310,6.9389410],[45.8363870,6.9385370],[45.8358490,6.9389300],[45.8354680,6.9390580],[45.8354320,6.9397180],[45.8351530,6.9401260],[45.8348390,6.9404610],[45.8349060,6.9409730],[45.8343500,6.9413430],[45.8338110,6.9411070],[45.8336390,6.9418750],[45.8341380,6.9422750],[45.8341190,6.9429640],[45.8336920,6.9436230],[45.8334200,6.9445110],[45.8328980,6.9447990],[45.8325320,6.9450400],[45.8324590,6.9454700],[45.8319270,6.9460800],[45.8315600,6.9467630],[45.8311120,6.9473010],[45.8307840,6.9480750],[45.8304640,6.9483520],[45.8299870,6.9492420],[45.8298130,6.9497540],[45.8295190,6.9498640],[45.8292630,6.9499950],[45.8294550,6.9503870],[45.8290160,6.9508680],[45.8287260,6.9505000],[45.8285300,6.9508650],[45.8281760,6.9508630],[45.8276320,6.9514850],[45.8272780,6.9517820],[45.8267680,6.9520370],[45.8264940,6.9521910],[45.8259900,6.9526590],[45.8260460,6.9530820],[45.8256440,6.9536960],[45.8250380,6.9541640],[45.8246540,6.9544830],[45.8243180,6.9548400],[45.8240230,6.9555690],[45.8241110,6.9560180],[45.8239360,6.9564220],[45.8242810,6.9567830],[45.8242980,6.9574880],[45.8241310,6.9578560],[45.8239650,6.9583370],[45.8241310,6.9586800],[45.8236220,6.9587820],[45.8234790,6.9592820],[45.8232120,6.9594830],[45.8231350,6.9604830],[45.8228870,6.9610490],[45.8224110,6.9613440],[45.8220290,6.9618150],[45.8217660,6.9622070],[45.8213960,6.9624840],[45.8210150,6.9629230],[45.8209070,6.9637890],[45.8207820,6.9641340],[45.8207640,6.9648070],[45.8204900,6.9650650],[45.8202990,6.9656270],[45.8200850,6.9659310],[45.8195530,6.9655910],[45.8190310,6.9652490],[45.8188010,6.9649480],[45.8185790,6.9643910],[45.8181570,6.9640010],[45.8176970,6.9641830],[45.8169430,6.9647320],[45.8159840,6.9642790],[45.8152330,6.9640060],[45.8147470,6.9635260],[45.8137330,6.9632220],[45.8127490,6.9631590],[45.8123330,6.9625170],[45.8115870,6.9623380],[45.8113080,6.9621880],[45.8109120,6.9628880],[45.8104240,6.9635390],[45.8100270,6.9641090],[45.8095550,6.9639830],[45.8086860,6.9639860],[45.8083560,6.9639490],[45.8074750,6.9638440],[45.8070290,6.9637700],[45.8065110,6.9638010],[45.8059680,6.9641940],[45.8056590,6.9648550],[45.8052540,6.9649510],[45.8049040,6.9654920],[45.8046320,6.9655630],[45.8044060,6.9656750]],\r\n\t\t\t\t\tgraphDist          : [0.00,50.15,106.28,159.51,197.75,235.00,288.25,334.30,371.42,403.07,441.17,502.73,546.37,581.91,627.18,688.40,747.16,807.67,867.52,902.79,942.01,983.79,1032.95,1098.48,1189.56,1234.76,1281.92,1321.52,1375.97,1421.99,1463.42,1518.76,1573.60,1604.27,1639.77,1674.60,1716.47,1763.73,1832.84,1912.45,1989.73,2058.96,2141.19,2212.47,2280.39,2361.04,2435.20,2533.84,2596.82,2636.25,2672.97,2722.58,2761.10,2810.31,2847.93,2904.88,2938.97,2984.30,3015.62,3060.94,3101.78,3147.74,3212.65,3259.12,3328.33,3367.67,3430.74,3487.80,3576.20,3621.68,3665.75,3702.38,3756.12,3823.15,3909.43,3981.48,4042.59,4075.95,4108.38,4196.29,4264.75,4309.27,4340.75,4396.74,4432.64,4467.00,4500.35,4548.39,4597.58,4631.04,4678.25,4716.54,4753.01,4820.25,4888.88,4949.68,4998.29,5041.59,5121.92,5207.82,5245.46,5284.90,5336.94,5367.43,5417.20,5477.13,5529.57,5569.86,5611.07,5647.89,5696.73,5736.04,5777.15,5826.47,5868.22,5928.67,6003.86,6053.38,6099.20,6162.50,6201.88,6245.80,6298.19,6336.20,6401.03,6453.62,6489.34,6525.05,6585.79,6655.80,6718.89,6774.96,6829.39,6881.41,6914.80,6995.67,7067.38,7119.42,7176.29,7210.10,7264.78,7317.53,7382.92,7428.21,7489.07,7586.54,7622.79,7683.25,7718.50,7797.56,7851.24,7908.61,7959.86,7995.64,8040.71,8102.13,8175.89,8221.48,8293.48,8341.75,8397.12,8441.89,8506.48,8547.33,8578.07,8619.28,8661.34,8716.77,8764.14,8795.80,8829.42,8861.08,8910.67,8956.64,8993.46,9037.40,9082.93,9153.83,9198.09,9247.45,9321.59,9366.62,9423.06,9457.61,9509.36,9545.85,9629.49,9671.58,9750.63,9805.53,9840.55,9882.27,9927.72,9963.32,10004.42,10040.50,10084.82,10126.08,10157.13,10222.23,10260.03,10302.54,10335.37,10388.01,10431.85,10501.80,10549.88,10626.31,10684.36,10723.83,10775.01,10814.73,10847.93,10913.85,10949.16,10991.18,11051.18,11086.39,11118.71,11168.84,11206.44,11248.56,11293.58,11351.97,11403.50,11456.19,11525.09,11563.24,11598.05,11631.51,11666.71,11712.40,11759.01,11821.81,11863.34,11892.30,null,11892.30,11902.60,11913.10,11923.85,11936.64,11947.78,12004.75,12057.91,12089.58,12122.75,12159.95,12208.55,12249.68,12313.96,12347.15,12392.59,12434.45,12468.58,12500.83,12535.66,12577.41,12620.07,12662.36,12706.06,12749.52,12791.11,12832.58,12875.73,12908.07,12944.16,12988.51,13031.59,13063.54,13103.36,13155.19,13192.36,13229.42,13266.37,13307.65,13347.16,13391.27,13433.36,13467.12,13515.83,13559.57,13594.82,13633.07,13672.15,13708.68,13745.76,13778.68,13837.12,13870.69,13911.77,13945.49,13981.76,14034.75,14071.18,14109.46,14144.57,14182.46,14217.84,14255.38,14294.23,14333.02,14380.09,14421.82,14463.63,14514.18,14561.07,14601.88,14651.62,14691.74,14747.57,14779.42,14824.97,14871.30,14914.18,14951.54,14989.74,15023.70,15061.15,15096.52,15132.57,15174.53,15222.73,15262.48,15351.33,15398.52,15433.66,15466.01,15512.44,15547.34,15593.09,15631.49,15708.22,15756.48,15812.45,15876.80,15911.35,15945.19,15979.98,16015.23,16088.14,16119.76,16165.76,16220.93,16285.62,16350.80,16430.83,16491.00,16561.14,16608.31,16643.80,16711.25,16747.96,16794.34,16845.88,16900.26,16955.01,16987.78,17030.44,17075.71,17121.87,17159.01,17228.72,17259.06,17290.62,17326.22,17366.58,17411.98,17483.90,17538.70,17570.20,17655.74,17725.31,17759.32,17800.60,17846.39,17917.52,17968.94,18027.54,18071.17,18110.98,18151.51,18192.04,18249.59,18299.14,18349.75,18391.67,18437.94,18468.78,18514.40,18566.99,18621.97,18658.78,18732.65,18775.97,18810.55,18849.81,18888.06,18945.88,19004.67,19054.48,19100.19,19145.66,19186.20,19250.95,19286.93,19324.12,19371.28,19405.66,19446.00,19480.21,19530.64,19577.19,19608.76,19657.07,19691.82,19728.01,19785.27,19832.42,19882.79,19956.03,19992.12,20025.20,20056.42,20096.88,20139.55,20173.05,20213.19,20280.32,20314.52,20387.35,20461.53,20504.32,20568.39,20632.50,20683.05,20713.71,20744.14,20775.30,20835.13,20901.48,20971.06,21014.95,21113.50,21196.26,21256.41,21303.65,21360.10,21424.38,21455.12,21528.86,21601.23,21668.18,21724.58,21821.05,21852.93,21888.36,21988.39,22029.05,22073.04,22108.09,22154.23,22242.02,22289.87,22323.28,22395.62,22457.42,22510.12,22561.51,22599.54,22647.23,22691.64,22775.45,22817.66,22875.34,22916.69,22961.09,22996.11,23055.94,23098.52,23131.65,23165.77,23223.13,23253.52,23310.49,23342.20,23401.52,23432.62,23530.97,23570.85,23601.93,23667.90,23727.49,23771.52,23857.47,23911.39,23954.08,23997.77,24030.73,24080.12,24130.16,24183.77,24242.45,24274.62,24328.27,24364.12,24401.49,24453.19,24515.70,24563.60,24620.16,24702.03,24750.32,24830.84,24872.02,24926.65,24977.53,25062.38,25117.64,25154.99,25217.95,25281.81,25336.15,25418.59,25473.60,25511.63,25568.24,25602.84,25639.05,25698.74,25744.54,25788.01,25835.10,25900.97,25970.49,26002.08,26035.17,26125.80,26162.49,26224.30,26269.54,26308.42,26339.50,26441.02,26480.48,26581.03,26616.15,26660.54,26703.69,26719.90,null,26719.90,26729.92,26740.49,26750.82,26761.60,26773.26,26783.76,26794.85,26829.35,26912.60,26974.14,27007.30,27058.59,27134.26,27182.05,27212.20,27262.52,27343.53,27385.49,27460.92,27499.15,27555.97,27619.32,27650.88,27735.58,27790.22,27850.32,27922.70,27990.49,28060.33,28120.79,28176.88,28311.70,28418.57,28457.62,28498.31,28588.90,28621.79,28670.39,28778.13,28830.08,28907.70,28978.37,29035.66,29092.28,29129.69,29197.99,29233.11,29291.46,29331.53,29390.90,29427.61,29498.71,29543.20,29591.20,29659.03,29673.72,29713.13,29771.02,29801.20,29836.06,29913.87,29955.53,30015.53,30053.90,30102.36,30161.50,30194.97,30232.14,30267.78,30298.16,30331.60,30377.29,30451.27,30484.55,30519.80,30574.83,30646.14,30681.96,30739.54,30774.55,30833.63,30872.28,30936.84,30999.88,31051.87,31084.93,31128.25,31177.74,31210.90,31254.31,31295.27,31365.07,31428.93,31484.16,31529.57,31579.29,31621.11,31668.88,31700.56,31737.73,31808.51,31855.64,31889.85,31930.41,31980.77,32028.93,32078.99,32136.70,32182.10,32245.95,32298.48,32344.01,32398.90,32474.81,32560.42,32625.70,32650.15,null,32650.15,32661.96,32675.05,32685.50,32696.19,32706.47,32717.55,32729.33,32740.95,32752.46,32763.98,32774.12,32821.40,32865.54,32936.55,32987.16,33029.42,33072.99,33120.46,33177.82,33235.67,33307.66,33354.21,33416.42,33459.47,33514.03,33560.80,33621.45,33661.78,33727.09,33768.16,33851.48,33908.47,33953.72,33988.10,34028.54,34075.64,34109.80,34159.02,34225.27,34295.06,34365.10,34412.18,34467.62,34524.38,34579.66,34621.97,34695.51,34759.56,34830.99,34894.96,34950.84,35020.73,35096.76,35162.98,35210.22,35247.44,35330.48,35398.52,35464.45,35535.28,35577.41,35664.38,35708.54,35742.51,35773.49,35811.02,35874.46,35917.64,35960.62,36002.94,36092.74,36141.69,36203.85,36241.49,36311.35,36349.84,36423.23,36507.31,36557.79,36608.79,36675.98,36712.79,36757.38,36807.32,36864.23,36904.11,36949.65,36984.12,37044.52,37091.67,37137.29,37222.58,37286.78,37357.99,37417.15,37464.74,37513.89,37571.51,37641.90,37672.16,37727.28,37766.99,37815.64,37849.12,37914.50,37979.14,38013.94,38065.10,38121.32,38174.71,38269.52,38382.17,38468.72,38535.13,38650.58,38760.36,38828.60,38912.84,38946.05,39015.91,39090.03,39152.52,39206.66,39303.45,39340.41,39438.80,39488.90,39546.59,39614.23,39675.93,39721.64,39778.89,39809.63,39836.21],\r\n\t\t\t\t\tgraphEle           : [1638.00,1655.00,1673.00,1683.00,1692.00,1698.00,1710.00,1718.00,1723.00,1733.00,1734.00,1741.00,1745.00,1754.00,1765.00,1768.00,1772.00,1771.00,1781.00,1787.00,1794.00,1806.00,1811.00,1828.00,1843.00,1851.00,1866.00,1872.00,1889.00,1899.00,1909.00,1921.00,1930.00,1934.00,1948.00,1953.00,1962.00,1954.00,1956.00,1955.00,1955.00,1956.00,1959.00,1961.00,1963.00,1964.00,1965.00,1974.00,1992.00,2002.00,2012.00,2029.00,2033.00,2054.00,2064.00,2079.00,2085.00,2093.00,2098.00,2106.00,2115.00,2124.00,2141.00,2149.00,2157.00,2161.00,2165.00,2170.00,2156.00,2151.00,2138.00,2132.00,2122.00,2115.00,2090.00,2077.00,2068.00,2054.00,2045.00,2037.00,2031.00,2032.00,2031.00,2030.00,2031.00,2027.00,2020.00,2041.00,2046.00,2049.00,2056.00,2055.00,2057.00,2067.00,2072.00,2074.00,2078.00,2080.00,2080.00,2078.00,2081.00,2082.00,2090.00,2089.00,2095.00,2103.00,2101.00,2104.00,2103.00,2103.00,2108.00,2108.00,2109.00,2109.00,2109.00,2109.00,2125.00,2131.00,2137.00,2147.00,2155.00,2158.00,2162.00,2160.00,2163.00,2170.00,2174.00,2181.00,2187.00,2192.00,2205.00,2210.00,2213.00,2217.00,2218.00,2217.00,2224.00,2234.00,2246.00,2251.00,2254.00,2251.00,2256.00,2262.00,2269.00,2268.00,2273.00,2276.00,2281.00,2286.00,2290.00,2298.00,2301.00,2305.00,2310.00,2318.00,2323.00,2327.00,2325.00,2332.00,2332.00,2341.00,2349.00,2349.00,2350.00,2349.00,2348.00,2353.00,2361.00,2369.00,2368.00,2368.00,2373.00,2374.00,2381.00,2388.00,2391.00,2397.00,2402.00,2403.00,2406.00,2410.00,2413.00,2419.00,2419.00,2421.00,2430.00,2436.00,2450.00,2464.00,2468.00,2468.00,2484.00,2491.00,2504.00,2520.00,2529.00,2546.00,2545.00,2518.00,2505.00,2515.00,2517.00,2539.00,2545.00,2565.00,2569.00,2589.00,2602.00,2615.00,2624.00,2640.00,2648.00,2654.00,2664.00,2671.00,2683.00,2699.00,2700.00,2735.00,2758.00,2767.00,2783.00,2798.00,2815.00,2822.00,2823.00,2839.00,2846.00,2859.00,2876.00,2910.00,2944.00,2994.00,3018.00,3041.00,null,3081.00,3081.00,3081.00,3081.00,3087.00,3092.00,3086.00,3078.00,3076.00,3075.00,3075.00,3088.00,3098.00,3116.00,3124.00,3144.00,3158.00,3162.00,3166.00,3178.00,3194.00,3221.00,3233.00,3250.00,3270.00,3285.00,3295.00,3318.00,3330.00,3342.00,3355.00,3370.00,3373.00,3389.00,3414.00,3431.00,3441.00,3451.00,3462.00,3474.00,3493.00,3510.00,3523.00,3539.00,3552.00,3566.00,3585.00,3601.00,3607.00,3615.00,3616.00,3634.00,3647.00,3655.00,3661.00,3670.00,3685.00,3695.00,3711.00,3728.00,3739.00,3755.00,3760.00,3765.00,3786.00,3815.00,3837.00,3851.00,3876.00,3909.00,3923.00,3944.00,3971.00,4000.00,4003.00,4007.00,4010.00,4024.00,4042.00,4063.00,4074.00,4093.00,4101.00,4118.00,4136.00,4139.00,4136.00,4137.00,4143.00,4147.00,4155.00,4171.00,4176.00,4196.00,4213.00,4215.00,4227.00,4246.00,4253.00,4261.00,4264.00,4273.00,4278.00,4280.00,4277.00,4277.00,4271.00,4268.00,4265.00,4251.00,4239.00,4229.00,4227.00,4233.00,4239.00,4243.00,4247.00,4257.00,4269.00,4278.00,4289.00,4302.00,4330.00,4347.00,4355.00,4356.00,4356.00,4360.00,4357.00,4359.00,4359.00,4359.00,4359.00,4359.00,4358.00,4359.00,4360.00,4360.00,4360.00,4360.00,4357.00,4365.00,4386.00,4395.00,4413.00,4423.00,4445.00,4479.00,4504.00,4498.00,4501.00,4505.00,4519.00,4520.00,4528.00,4538.00,4543.00,4548.00,4565.00,4580.00,4592.00,4610.00,4620.00,4635.00,4659.00,4665.00,4671.00,4676.00,4687.00,4690.00,4696.00,4711.00,4717.00,4720.00,4737.00,4757.00,4765.00,4781.00,4797.00,4803.00,4801.00,4795.00,4795.00,4794.00,4794.00,4797.00,4798.00,4798.00,4799.00,4785.00,4778.00,4743.00,4732.00,4696.00,4657.00,4647.00,4612.00,4588.00,4575.00,4570.00,4575.00,4567.00,4527.00,4506.00,4487.00,4481.00,4473.00,4474.00,4463.00,4434.00,4402.00,4365.00,4365.00,4336.00,4320.00,4310.00,4304.00,4307.00,4312.00,4320.00,4338.00,4343.00,4352.00,4357.00,4361.00,4346.00,4321.00,4318.00,4325.00,4339.00,4344.00,4346.00,4350.00,4319.00,4291.00,4247.00,4217.00,4190.00,4170.00,4153.00,4142.00,4131.00,4104.00,4094.00,4085.00,4064.00,4061.00,4054.00,4047.00,4038.00,4035.00,4035.00,4038.00,4040.00,4046.00,4054.00,4064.00,4077.00,4090.00,4100.00,4111.00,4120.00,4135.00,4151.00,4159.00,4159.00,4158.00,4157.00,4154.00,4145.00,4112.00,4076.00,4056.00,4039.00,4007.00,3979.00,3928.00,3906.00,3878.00,3838.00,3811.00,3776.00,3754.00,3723.00,3676.00,3641.00,3620.00,3590.00,3567.00,3568.00,3570.00,3570.00,3562.00,3558.00,3556.00,3553.00,3552.00,3552.00,3553.00,3551.00,3549.00,3548.00,3547.00,3548.00,3550.00,3551.00,3552.00,3551.00,3578.00,3587.00,3607.00,3616.00,3622.00,null,3611.00,3611.00,3611.00,3610.00,3605.00,3604.00,3599.00,3595.00,3585.00,3554.00,3534.00,3529.00,3524.00,3518.00,3517.00,3517.00,3509.00,3504.00,3503.00,3501.00,3498.00,3496.00,3496.00,3495.00,3494.00,3491.00,3483.00,3474.00,3464.00,3449.00,3437.00,3420.00,3376.00,3358.00,3350.00,3335.00,3321.00,3312.00,3290.00,3271.00,3258.00,3250.00,3244.00,3240.00,3235.00,3232.00,3225.00,3218.00,3213.00,3212.00,3206.00,3199.00,3193.00,3187.00,3183.00,3180.00,3179.00,3174.00,3176.00,3179.00,3173.00,3164.00,3160.00,3162.00,3166.00,3166.00,3174.00,3176.00,3179.00,3183.00,3188.00,3175.00,3154.00,3142.00,3138.00,3133.00,3129.00,3121.00,3131.00,3145.00,3152.00,3168.00,3174.00,3188.00,3202.00,3212.00,3216.00,3221.00,3225.00,3226.00,3237.00,3244.00,3258.00,3274.00,3300.00,3318.00,3332.00,3343.00,3360.00,3365.00,3370.00,3383.00,3387.00,3392.00,3397.00,3401.00,3401.00,3396.00,3393.00,3392.00,3394.00,3393.00,3394.00,3390.00,3383.00,3375.00,3372.00,3369.00,null,3361.00,3361.00,3355.00,3352.00,3349.00,3346.00,3344.00,3342.00,3338.00,3336.00,3334.00,3331.00,3317.00,3311.00,3295.00,3268.00,3242.00,3225.00,3193.00,3160.00,3125.00,3088.00,3061.00,3019.00,2993.00,2963.00,2936.00,2900.00,2879.00,2842.00,2814.00,2764.00,2735.00,2712.00,2700.00,2673.00,2652.00,2636.00,2620.00,2605.00,2590.00,2569.00,2551.00,2530.00,2495.00,2461.00,2448.00,2420.00,2407.00,2372.00,2365.00,2348.00,2344.00,2332.00,2309.00,2294.00,2280.00,2245.00,2233.00,2221.00,2212.00,2205.00,2205.00,2203.00,2199.00,2193.00,2198.00,2182.00,2178.00,2155.00,2139.00,2093.00,2076.00,2059.00,2041.00,2020.00,2001.00,1967.00,1933.00,1922.00,1901.00,1885.00,1878.00,1853.00,1837.00,1821.00,1801.00,1782.00,1770.00,1751.00,1729.00,1698.00,1663.00,1625.00,1584.00,1564.00,1542.00,1526.00,1507.00,1489.00,1487.00,1469.00,1453.00,1449.00,1448.00,1439.00,1428.00,1425.00,1413.00,1406.00,1400.00,1388.00,1378.00,1369.00,1359.00,1351.00,1343.00,1336.00,1331.00,1329.00,1328.00,1326.00,1324.00,1314.00,1309.00,1305.00,1300.00,1296.00,1294.00,1292.00,1290.00,1288.00,1285.00,1285.00,1285.00],\r\n\t\t\t\t\tgraphSpeed         : [],\r\n\t\t\t\t\tgraphHr            : [],\r\n\t\t\t\t\tgraphAtemp         : [],\r\n\t\t\t\t\tgraphCad           : [],\r\n\t\t\t\t\tgraphGrade         : [],\r\n\t\t\t\t\twaypoints          : [],\r\n\t\t\t\t\tunit               : \"0\",\r\n\t\t\t\t\tunitspeed          : \"0\",\r\n\t\t\t\t\tcolor1             : [\"#3366cc\"],\r\n\t\t\t\t\tcolor2             : \"#3366cc\",\r\n\t\t\t\t\tcolor3             : \"#ff0000\",\r\n\t\t\t\t\tcolor4             : \"#ff77bd\",\r\n\t\t\t\t\tcolor5             : \"#beecff\",\r\n\t\t\t\t\tcolor6             : \"#beecff\",\r\n\t\t\t\t\tcolor7             : \"#ff77bd\",\r\n\t\t\t\t\tchartFrom1         : \"\",\r\n\t\t\t\t\tchartTo1           : \"\",\r\n\t\t\t\t\tchartFrom2         : \"\",\r\n\t\t\t\t\tchartTo2           : \"\",\r\n\t\t\t\t\tstartIcon          : \"\",\r\n\t\t\t\t\tendIcon            : \"\",\r\n\t\t\t\t\tcurrentIcon        : \"\",\r\n\t\t\t\t\twaypointIcon       : \"\",\r\n\t\t\t\t\tcurrentpositioncon : \"\",\r\n\t\t\t\t\tusegpsposition     : \"\",\r\n\t\t\t\t\tzoomOnScrollWheel  : \"\",\r\n\t\t\t\t\tngGalleries        : [],\r\n\t\t\t\t\tngImages           : [],\r\n\t\t\t\t\tpluginUrl          : \"https:\/\/www.abenteuersuechtig.de\/wp-content\/plugins\",\r\n\t\t\t\t\tTFApiKey           : \"\",\r\n\t\t\t\t\tMapBoxApiKey           : \"\",\r\n\t\t\t\t\tlangs              : {\r\n\t\t\t\t\t\taltitude        : \"H\u00f6he\",\r\n\t\t\t\t\t\tcurrentPosition : \"Aktuelle Position\",\r\n\t\t\t\t\t\tspeed           : \"Geschwindigkeit\",\r\n\t\t\t\t\t\tgrade           : \"Steigung\",\r\n\t\t\t\t\t\theartRate       : \"Herzfrequenz\",\r\n\t\t\t\t\t\tatemp           : \"Temperatur\",\r\n\t\t\t\t\t\tcadence         : \"Trittfrequenz\",\r\n\t\t\t\t\t\tgoFullScreen    : \"Vollbildansicht\",\r\n\t\t\t\t\t\texitFullFcreen  : \"Vollbild verlassen\",\r\n\t\t\t\t\t\thideImages      : \"Bilder verbergen\",\r\n\t\t\t\t\t\tshowImages      : \"Bilder zeigen\",\r\n\t\t\t\t\t\tbackToCenter\t: \"Zur\u00fcck zur Mitte\"\r\n\t\t\t\t\t}\r\n\t\t\t\t});\r\n\r\n\t\t\t});\r\n\r\n\t\t<\/script>Download file: <a href='https:\/\/www.abenteuersuechtig.de\/wp-content\/uploads\/gpx\/Mont-Blanc-2015.gpx' target='_new' download>Mont-Blanc-2015.gpx<\/a>\n<p>Zustieg zur Gonella H\u00fctte:&nbsp;<a href=\"http:\/\/www.movescount.com\/de\/moves\/move70369094\">http:\/\/www.movescount.com\/de\/moves\/move70369094<\/a><\/p>\n<p>Gipfeltag Mont Blanc:&nbsp;<a href=\"http:\/\/www.movescount.com\/de\/moves\/move70369029\">http:\/\/www.movescount.com\/de\/moves\/move70369029<\/a><\/p>\n<p>Abstieg zur Rif. Torina und zur\u00fcck nach Courmayeur:&nbsp;<a href=\"http:\/\/www.movescount.com\/de\/moves\/move70369285\">http:\/\/www.movescount.com\/de\/moves\/move70369285<\/a>&nbsp;&amp;&nbsp;<a href=\"http:\/\/www.movescount.com\/de\/moves\/move71289427\">http:\/\/www.movescount.com\/de\/moves\/move71289427<\/a><\/p>\n<h2>Die Artikelserie zum Alpenurlaub 2015<\/h2>\n<p>Dieser Artikel ist Teil eins unserer Artikelserie zum Alpenurlaub 2015.<br \/>\nTeil 1: <a href=\"https:\/\/www.abenteuersuechtig.de\/index.php\/hochtourenurlaub-in-den-westalpen-mont-blanc-gebiet\/\" target=\"_blank\" rel=\"noopener\">Hochtourenurlaub in den Westalpen: <\/a><a href=\"https:\/\/www.abenteuersuechtig.de\/index.php\/hochtourenurlaub-in-den-westalpen-mont-blanc-gebiet\/\" target=\"_blank\" rel=\"noopener\">Mont Blanc Gebiet<\/a><br \/>\nTeil 2: <a href=\"https:\/\/www.abenteuersuechtig.de\/index.php\/tour-ronde-suedostgrat-statt-nordwand\/\" target=\"_blank\" rel=\"noopener\">Tour Ronde S\u00fcdostgrat statt Nordwand<br \/>\n<\/a>Teil 3: <a href=\"https:\/\/www.abenteuersuechtig.de\/index.php\/grand-capucin-schweizerfuehre\/\" target=\"_blank\" rel=\"noopener\">Grand Capucin &#8211; Schweizerf\u00fchre<\/a><a href=\"https:\/\/www.abenteuersuechtig.de\/index.php\/grand-capucin-schweizerfuehre\/\" target=\"_blank\" rel=\"noopener\"><br \/>\n<\/a>Teil 4: <a href=\"https:\/\/www.abenteuersuechtig.de\/index.php\/himmelsleiter-der-rochefortgrat-und-dent-du-geant\/\" target=\"_blank\" rel=\"noopener\">Himmelsleiter: Der Rochefortgrat und Dent du G\u00e9ant<\/a><\/p>\n","protected":false},"excerpt":{"rendered":"<p><span class=\"excerpt-hellip\"> [\u2026]<\/span><\/p>\n","protected":false},"author":2,"featured_media":5413,"comment_status":"open","ping_status":"open","sticky":false,"template":"","format":"standard","meta":{"ngg_post_thumbnail":0,"jetpack_post_was_ever_published":false,"_jetpack_newsletter_access":"","_jetpack_dont_email_post_to_subs":false,"_jetpack_newsletter_tier_id":0,"_jetpack_memberships_contains_paywalled_content":false,"_jetpack_memberships_contains_paid_content":false,"footnotes":""},"categories":[6,147],"tags":[724,719,716,714,712,679,721,696,720,725,718,722,723,713,715],"class_list":["post-5326","post","type-post","status-publish","format-standard","has-post-thumbnail","hentry","category-berge","category-hochtouren","tag-bossesgrat","tag-col-du-mont-maudit","tag-dome-du-gouter","tag-glacier-du-dome","tag-gonella-huette","tag-mont-blanc","tag-mont-blanc-du-tacul","tag-mont-blanc-massiv","tag-mont-maudit","tag-pointe-helbronner","tag-refuge-des-cosmiques","tag-refuge-du-gouter","tag-rifugio-francesco-gonella","tag-val-veny","tag-vallot-biwak"],"jetpack_featured_media_url":"https:\/\/www.abenteuersuechtig.de\/wp-content\/uploads\/ngg_featured\/Gipfel_02.JPG","jetpack_shortlink":"https:\/\/wp.me\/p6K39A-1nU","jetpack_sharing_enabled":true,"_links":{"self":[{"href":"https:\/\/www.abenteuersuechtig.de\/index.php\/wp-json\/wp\/v2\/posts\/5326","targetHints":{"allow":["GET"]}}],"collection":[{"href":"https:\/\/www.abenteuersuechtig.de\/index.php\/wp-json\/wp\/v2\/posts"}],"about":[{"href":"https:\/\/www.abenteuersuechtig.de\/index.php\/wp-json\/wp\/v2\/types\/post"}],"author":[{"embeddable":true,"href":"https:\/\/www.abenteuersuechtig.de\/index.php\/wp-json\/wp\/v2\/users\/2"}],"replies":[{"embeddable":true,"href":"https:\/\/www.abenteuersuechtig.de\/index.php\/wp-json\/wp\/v2\/comments?post=5326"}],"version-history":[{"count":53,"href":"https:\/\/www.abenteuersuechtig.de\/index.php\/wp-json\/wp\/v2\/posts\/5326\/revisions"}],"predecessor-version":[{"id":11046,"href":"https:\/\/www.abenteuersuechtig.de\/index.php\/wp-json\/wp\/v2\/posts\/5326\/revisions\/11046"}],"wp:featuredmedia":[{"embeddable":true,"href":"https:\/\/www.abenteuersuechtig.de\/index.php\/wp-json\/wp\/v2\/media\/5413"}],"wp:attachment":[{"href":"https:\/\/www.abenteuersuechtig.de\/index.php\/wp-json\/wp\/v2\/media?parent=5326"}],"wp:term":[{"taxonomy":"category","embeddable":true,"href":"https:\/\/www.abenteuersuechtig.de\/index.php\/wp-json\/wp\/v2\/categories?post=5326"},{"taxonomy":"post_tag","embeddable":true,"href":"https:\/\/www.abenteuersuechtig.de\/index.php\/wp-json\/wp\/v2\/tags?post=5326"}],"curies":[{"name":"wp","href":"https:\/\/api.w.org\/{rel}","templated":true}]}}