{"id":7119,"date":"2016-03-29T12:50:13","date_gmt":"2016-03-29T10:50:13","guid":{"rendered":"https:\/\/www.abenteuersuechtig.de\/?p=7119"},"modified":"2017-02-08T12:21:06","modified_gmt":"2017-02-08T11:21:06","slug":"bloggerskitouren-wochenende-im-sellraintal","status":"publish","type":"post","link":"https:\/\/www.abenteuersuechtig.de\/index.php\/bloggerskitouren-wochenende-im-sellraintal\/","title":{"rendered":"Bloggerskitouren-Wochenende im Sellraintal"},"content":{"rendered":"<p>&#8222;Wenn du schnell gehen willst, dann gehe alleine.<br \/>\nWenn du weit gehen willst, dann gehe mit Freunden zusammen.&#8220;<\/p>\n<p><a class=\"ngg_lightbox\" title=\"Ein Traumtag im Sellraintal\" href=\"https:\/\/www.abenteuersuechtig.de\/wp-content\/gallery\/westfalenhaus\/DSC1463.jpg\" data-image-id=\"2009\" data-src=\"https:\/\/www.abenteuersuechtig.de\/wp-content\/gallery\/westfalenhaus\/DSC1463.jpg\" data-thumbnail=\"https:\/\/www.abenteuersuechtig.de\/wp-content\/gallery\/westfalenhaus\/thumbs\/thumbs_DSC1463.jpg\" data-title=\"Ein Traumtag im Sellraintal\" data-description=\"Ein Traumtag im Sellraintal\"><img loading=\"lazy\" decoding=\"async\" class=\"ngg-singlepic ngg-none alignleft\" src=\"https:\/\/www.abenteuersuechtig.de\/wp-content\/gallery\/westfalenhaus\/thumbs\/thumbs_DSC1463.jpg\" alt=\"Ein Traumtag im Sellraintal\" width=\"297\" height=\"201\"> <\/a><a class=\"ngg_lightbox\" title=\"Bergpanorama Sellraintal\" href=\"https:\/\/www.abenteuersuechtig.de\/wp-content\/gallery\/westfalenhaus\/20160226_115123.jpg\" data-image-id=\"2028\" data-src=\"https:\/\/www.abenteuersuechtig.de\/wp-content\/gallery\/westfalenhaus\/20160226_115123.jpg\" data-thumbnail=\"https:\/\/www.abenteuersuechtig.de\/wp-content\/gallery\/westfalenhaus\/thumbs\/thumbs_20160226_115123.jpg\" data-title=\"Bergpanorama Sellraintal\" data-description=\"Bergpanorama Sellraintal\"><img loading=\"lazy\" decoding=\"async\" class=\"ngg-singlepic ngg-none alignleft\" src=\"https:\/\/www.abenteuersuechtig.de\/wp-content\/gallery\/westfalenhaus\/thumbs\/thumbs_20160226_115123.jpg\" alt=\"Bergpanorama Sellraintal\" width=\"347\" height=\"201\"><\/a>&nbsp;<a class=\"ngg_lightbox\" title=\"Bergstimmung im Sellraintal\" href=\"https:\/\/www.abenteuersuechtig.de\/wp-content\/gallery\/westfalenhaus\/DSC1487.jpg\" data-image-id=\"2017\" data-src=\"https:\/\/www.abenteuersuechtig.de\/wp-content\/gallery\/westfalenhaus\/DSC1487.jpg\" data-thumbnail=\"https:\/\/www.abenteuersuechtig.de\/wp-content\/gallery\/westfalenhaus\/thumbs\/thumbs_DSC1487.jpg\" data-title=\"Bergstimmung im Sellraintal\" data-description=\"Bergstimmung im Sellraintal\"><img loading=\"lazy\" decoding=\"async\" class=\"ngg-singlepic ngg-none alignleft\" src=\"https:\/\/www.abenteuersuechtig.de\/wp-content\/gallery\/westfalenhaus\/thumbs\/thumbs_DSC1487.jpg\" alt=\"Bergstimmung im Sellraintal\" width=\"297\" height=\"201\"><\/a><br \/>\nDiese Sprichwort der Tuareg aus Afrika beschreibt eigentlich bereits vollst\u00e4ndig, was aus der <a href=\"http:\/\/wp.me\/p6K39A-1QP\">ersten Bloggerskitour<\/a> geworden ist, welche <a href=\"http:\/\/ulligunde.com\/\">Erika <\/a>im M\u00e4rz 2014 erstmals organisiert hatte. Es ist zwar nach wie vor ein Bloggertreffen ausgew\u00e4hlter, deutsprachiger Outdoorblogs, aber viel wichtiger ist, dass sich mittlerweile Freunde treffen. Erika, Sabrina, Christian alias Wu und auch <a href=\"http:\/\/www.hochtourist.at\/\">Casi <\/a>habe ich mittlerweile in den letzten zwei Jahren echt ins Herz geschlossen und genie\u00dfe die Zeit mit allen auf die ein oder andere Weise. Gerade Erika hat mir in den letzten schwierigen Monaten doch etwas intensiver zugeh\u00f6rt, als das unter Bloggern normal w\u00e4re. Ich habe ihre ehrliche, lebensfrohe Art sehr zu sch\u00e4tzen gelernt und bin ihr f\u00fcr die Auszeiten im Allg\u00e4u, welche mir immer wieder Kraft gegeben haben, echt dankbar.<br \/>\nSo kam es, dass wir uns mal wieder an einem Wochenende Ende Februar alle im sch\u00f6nen Sellraintal trafen. Die Runde wurde dieses Jahr auch wieder mit <a href=\"http:\/\/www.alpin-blog.com\/\">Mario vom alpin-blog<\/a> erg\u00e4nzt, sodass die deutsch-\u00f6sterreichische Truppe wie in 2014 komplett war.<\/p>\n<p>Nachdem ich seit Anfang Januar im sch\u00f6nen Freiburg lebe, war f\u00fcr mich die Anreise zu unseren Skitouren im Sellraintal diesmal etwas anders. Ich musste nicht mehr ewig gen S\u00fcden fahren, sondern eher ewig gen Osten &#8211; dem Sonnenaufgang quasi entgegen. Dennis und Robert wollten dann aus Mainz via der \u00fcblichen Strecke dazu sto\u00dfen, erlagen allerdings bereits bei Heidelberg einer m\u00e4chtigen Autopanne, sodass bereits dort f\u00fcr die beiden das Wochenende endete ohne jemals richtig begonnen zu haben. So ein Mist, aber das Alternativprogramm der beiden war wohl auch in Ordnung.<\/p>\n<h2>Entscheidungsfindung, Klappe die Erste &#8211; Skitouren im Sellraintal<\/h2>\n<p><a href=\"http:\/\/www.wusaonthemountain.at\/\">Die WuSas<\/a> und auch <a href=\"http:\/\/ulligunde.com\/\">Erika<\/a> wollten sich bereits am Freitag (26.02.) um 9 Uhr in L\u00fcsens treffen, um auf das <a href=\"http:\/\/www.westfalenhaus.at\/\">Westfalenhaus <\/a>aufzusteigen, dort das Gep\u00e4ck zu deponieren und den ersten 3000er des Wochenendes zu besteigen. Ich hatte zwar am Freitag bereits frei, aber 9 Uhr in L\u00fcsens hie\u00df f\u00fcr mich aufstehen um 4 Uhr. Erika versuchte mich noch am Donnerstagabend charmant zu \u00fcberzeugen, dass es mega toll w\u00e4re, wenn ich auch schon dabei w\u00e4re. Es fiel mir sichtlich schwer ihr diesen Wunsch direkt abzuschlagen. Ich entschied mich daher spontan zu schauen, wie fit ich um 4 Uhr w\u00e4re, wenn der Wecker klingelte.<\/p>\n<p>Riiiiinnnnngggg, rinnnnggggg! Ja es war echt m\u00fchsam, aber irgendwie packte mich einfach die Vorfreude auf die anderen drei Chaoten und ich sa\u00df um 4:45 Uhr hellwach und mit Kaffee im Auto auf dem Weg durch den n\u00e4chtlichen Schwarzwald und dem Sonnenaufgang im R\u00e4tikon entgegen.<\/p>\n<h2>Zustieg zum Westfalenhaus via Sch\u00f6ntalspitze (3008m) und retour \ud83d\ude09<\/h2>\n<p>Die Begr\u00fc\u00dfung um 9:30 Uhr in L\u00fcsens war herzlich und wir waren alle froh uns endlich mal wieder zu sehen. Schnell wurden die schweren Rucks\u00e4cke geschultert und auf ging&#8217;s Richtung&#8230;.ja welche Richtung&#8230;.genau Richtung Wald. Wir quatschten, schnauften, fotografierten, quatschten, lachten, redeten, lachten und schnauften und ignorierten kr\u00e4ftig Philipp Bruggers lautes Gepfeiffe.<\/p>\n<p><a class=\"ngg_lightbox\" title=\"Auf dem Weg zur Sch\u00f6ntalspitze (3008m)\" href=\"https:\/\/www.abenteuersuechtig.de\/wp-content\/gallery\/westfalenhaus\/DSC1458.jpg\" data-image-id=\"2008\" data-src=\"https:\/\/www.abenteuersuechtig.de\/wp-content\/gallery\/westfalenhaus\/DSC1458.jpg\" data-thumbnail=\"https:\/\/www.abenteuersuechtig.de\/wp-content\/gallery\/westfalenhaus\/thumbs\/thumbs_DSC1458.jpg\" data-title=\"Auf dem Weg zur Sch\u00f6ntalspitze (3008m)\" data-description=\"Auf dem Weg zur Sch\u00f6ntalspitze (3008m)\"><img decoding=\"async\" class=\"ngg-singlepic ngg-none\" src=\"https:\/\/www.abenteuersuechtig.de\/wp-content\/gallery\/westfalenhaus\/thumbs\/thumbs_DSC1458.jpg\" alt=\"Auf dem Weg zur Sch\u00f6ntalspitze (3008m)\"><\/a><\/p>\n<p>Irgendwann zog es uns aufgrund der Tatsache, dass jeder seine Geschwindigkeit laufen wollte, etwas auseinander. Die B\u00e4ume wurden weniger, die Latschen auch und es kamen weite, verschneite Grasr\u00fccken. Ich dachte mir, die H\u00fctte soll ja auf knapp 2300 H\u00f6henmeter liegen und im Normalfall ist die Baumgrenze bei rund 1800m und die Latschengrenze bei 2200m . Mein H\u00f6henmesser zeigte auch bereits 600 Aufstiegsh\u00f6henmeter an und es sollten nur knapp 700hm bis zur H\u00fctte sein. Gleich muss also das Westfalenhaus kommen, nur noch \u00fcber diesen Buckel&#8230;immer noch keine H\u00fctte&#8230;dann eben \u00fcber den n\u00e4chsten Buckel, auch da keine H\u00fctte&#8230;hmmmm.<\/p>\n<p><a class=\"ngg_lightbox\" title=\"Irgendwas stimmt hier nicht: Wo sind die B\u00e4ume und warum sieht man keine H\u00fctte?\" href=\"https:\/\/www.abenteuersuechtig.de\/wp-content\/gallery\/westfalenhaus\/20160226_110348.jpg\" data-image-id=\"2027\" data-src=\"https:\/\/www.abenteuersuechtig.de\/wp-content\/gallery\/westfalenhaus\/20160226_110348.jpg\" data-thumbnail=\"https:\/\/www.abenteuersuechtig.de\/wp-content\/gallery\/westfalenhaus\/thumbs\/thumbs_20160226_110348.jpg\" data-title=\"Irgendwas stimmt hier nicht: Wo sind die B\u00e4ume und warum sieht man keine H\u00fctte?\" data-description=\"Irgendwas stimmt hier nicht: Wo sind die B\u00e4ume und warum sieht man keine H\u00fctte?\"><img decoding=\"async\" class=\"ngg-singlepic ngg-none\" src=\"https:\/\/www.abenteuersuechtig.de\/wp-content\/gallery\/westfalenhaus\/thumbs\/thumbs_20160226_110348.jpg\" alt=\"Irgendwas stimmt hier nicht: Wo sind die B\u00e4ume und warum sieht man keine H\u00fctte?\"><\/a><br \/>\nDas Gel\u00e4nde mit den steilen H\u00e4ngen ist doch gar nicht so &#8222;h\u00fcttenbaufreundlich&#8220; dachte ich mir noch, als die Aufstiegsh\u00f6henmeter&nbsp; meiner Suunto Ambit langsam auf 900 anstiegen. Das Gef\u00fchl, dass hier was nicht passt war mittlerweile quasi Gewissheit. Als ich die 1100 Aufstiegsh\u00f6henmeter erreichte und die anderen drei vor mir am Melkplatz warteten, sah ich deren Gesichter&nbsp; und sofort wurde meine Gewissheit best\u00e4tigt und durch die harte Realit\u00e4t ersetzt. Wir waren auf dem direkten Weg zur Sch\u00f6ntalspitze (3008m). Ich musste herzhaft Lachen, als ich mir die zwei Gesichter der zwei Frauen mit denen ich mich im Aufstieg etwas unterhalten hatte, in mein Ged\u00e4chtnis zur\u00fcck rief. Der Dialog ging ungef\u00e4hr so:<\/p>\n<p>Damen: &#8222;Na, wo wollt&#8217;s ihr denn mit den gro\u00dfen Rucks\u00e4cken hin?&#8220;<br \/>\nFlo: &#8222;Na wohin den wohl, auf die H\u00fcttn?!&#8220;<br \/>\nDamen schauen wie ne Kuh wenns blitzt: &#8222;Ahhh, zur H\u00fcttn&#8230;.&#8220; und im Weggehen h\u00f6here ich nur kichern.<\/p>\n<p><a class=\"ngg_lightbox\" title=\"Noch ist Wu guter Dinge\" href=\"https:\/\/www.abenteuersuechtig.de\/wp-content\/gallery\/westfalenhaus\/DSC09515.jpg\" data-image-id=\"2035\" data-src=\"https:\/\/www.abenteuersuechtig.de\/wp-content\/gallery\/westfalenhaus\/DSC09515.jpg\" data-thumbnail=\"https:\/\/www.abenteuersuechtig.de\/wp-content\/gallery\/westfalenhaus\/thumbs\/thumbs_DSC09515.jpg\" data-title=\"Noch ist Wu guter Dinge\" data-description=\"Noch ist Wu guter Dinge\"><img decoding=\"async\" class=\"ngg-singlepic ngg-none\" src=\"https:\/\/www.abenteuersuechtig.de\/wp-content\/gallery\/westfalenhaus\/thumbs\/thumbs_DSC09515.jpg\" alt=\"Noch ist Wu guter Dinge\"><\/a><\/p>\n<p>Eigentlich ist die Sch\u00f6ntalspitze auch ein ganz sch\u00f6ner Berg, der heute sowieso geplant war, aber eben nicht mit gut 10kg Gep\u00e4ck und genau von der anderen Seite. \ud83d\ude09<\/p>\n<p><a class=\"ngg_lightbox\" title=\"Aussicht von der Sch\u00f6ntalspitze\" href=\"https:\/\/www.abenteuersuechtig.de\/wp-content\/gallery\/westfalenhaus\/DSC1466.jpg\" data-image-id=\"2010\" data-src=\"https:\/\/www.abenteuersuechtig.de\/wp-content\/gallery\/westfalenhaus\/DSC1466.jpg\" data-thumbnail=\"https:\/\/www.abenteuersuechtig.de\/wp-content\/gallery\/westfalenhaus\/thumbs\/thumbs_DSC1466.jpg\" data-title=\"Aussicht von der Sch\u00f6ntalspitze\" data-description=\"Aussicht von der Sch\u00f6ntalspitze\"><img decoding=\"async\" class=\"ngg-singlepic ngg-none\" src=\"https:\/\/www.abenteuersuechtig.de\/wp-content\/gallery\/westfalenhaus\/thumbs\/thumbs_DSC1466.jpg\" alt=\"Aussicht von der Sch\u00f6ntalspitze\">&nbsp;<\/a><a class=\"ngg_lightbox\" title=\"Wu etwas genervt auf der Sch\u00f6ntalspitze :)\" href=\"https:\/\/www.abenteuersuechtig.de\/wp-content\/gallery\/westfalenhaus\/DSC1472.jpg\" data-image-id=\"2011\" data-src=\"https:\/\/www.abenteuersuechtig.de\/wp-content\/gallery\/westfalenhaus\/DSC1472.jpg\" data-thumbnail=\"https:\/\/www.abenteuersuechtig.de\/wp-content\/gallery\/westfalenhaus\/thumbs\/thumbs_DSC1472.jpg\" data-title=\"Wu etwas genervt auf der Sch\u00f6ntalspitze :)\" data-description=\"Wu etwas genervt auf der Sch\u00f6ntalspitze :)\">&nbsp;<\/a><\/p>\n<p>Naja, versuchen wir halt eine \u00dcberschreitung. Die letzten 150hm auf den Gipfel mussten mittels Steigeisen und mit zus\u00e4tzlich den schweren Ski auf dem R\u00fccken bew\u00e4ltigt werden. Was eine Tortur, vielleicht sollte ich mir das Expeditionsbergsteigen doch noch einmal \u00fcberlegen. Solche Gedanken schwirrten durch meinen Kopf, als ich mich schwer atmend den mit Steinen durchsetzen steilen Hang hoch schob. Dennoch standen wir dann gegen 14 Uhr auf dem Gipfel der Sch\u00f6ntalspitze und hatten unsere ersten gut 1300hm und den ersten 3000er des Wochenendes in der Tasche.<\/p>\n<p><a class=\"ngg_lightbox\" title=\"Wu etwas genervt auf der Sch\u00f6ntalspitze :)\" href=\"https:\/\/www.abenteuersuechtig.de\/wp-content\/gallery\/westfalenhaus\/DSC1472.jpg\" data-image-id=\"2011\" data-src=\"https:\/\/www.abenteuersuechtig.de\/wp-content\/gallery\/westfalenhaus\/DSC1472.jpg\" data-thumbnail=\"https:\/\/www.abenteuersuechtig.de\/wp-content\/gallery\/westfalenhaus\/thumbs\/thumbs_DSC1472.jpg\" data-title=\"Wu etwas genervt auf der Sch\u00f6ntalspitze :)\" data-description=\"Wu etwas genervt auf der Sch\u00f6ntalspitze :)\"><img loading=\"lazy\" decoding=\"async\" class=\"ngg-singlepic ngg-none alignleft\" src=\"https:\/\/www.abenteuersuechtig.de\/wp-content\/gallery\/westfalenhaus\/thumbs\/thumbs_DSC1472.jpg\" alt=\"Wu etwas genervt auf der Sch\u00f6ntalspitze :)\" width=\"315\" height=\"190\"><\/a><a class=\"ngg_lightbox\" title=\"Erika nimmts lockerer :)\" href=\"https:\/\/www.abenteuersuechtig.de\/wp-content\/gallery\/westfalenhaus\/DSC1473.jpg\" data-image-id=\"2012\" data-src=\"https:\/\/www.abenteuersuechtig.de\/wp-content\/gallery\/westfalenhaus\/DSC1473.jpg\" data-thumbnail=\"https:\/\/www.abenteuersuechtig.de\/wp-content\/gallery\/westfalenhaus\/thumbs\/thumbs_DSC1473.jpg\" data-title=\"Erika nimmts lockerer :)\" data-description=\"Erika nimmts lockerer :)\"><img loading=\"lazy\" decoding=\"async\" class=\"ngg-singlepic ngg-none alignleft\" src=\"https:\/\/www.abenteuersuechtig.de\/wp-content\/gallery\/westfalenhaus\/thumbs\/thumbs_DSC1473.jpg\" alt=\"Erika nimmts lockerer :)\" width=\"232\" height=\"190\"><\/a><\/p>\n<div style=\"clear: both;\">&nbsp;<\/div>\n<p>Nachdem wir die Abfahrtsrinne (S\u00fcdrinne) halbwegs eingesehen hatten, kam die schwerste Entscheidung des Tages. Lawinenstufe 3, keine direkte Einsicht in die Rinne, mindestens 40-45 Grad, nicht durch die Rinne aufgestiegen und damit kein Gef\u00fchl f\u00fcr den Schnee, s\u00fcdseitig verblasen bei bestem Sonnenschein&#8230; Wir trafen die einzige vern\u00fcnftig Entscheidung und entschieden uns f\u00fcr den R\u00fcckzug \u00fcber die Aufstiegsroute und dann eben von L\u00fcsens nochmal 700hm auf das Westfalenhaus.<\/p>\n<p><a class=\"ngg_lightbox\" title=\"Da unten ist das Westfalenhaus, leider ist die Abfahrt durch die steille Rinne nicht m\u00f6glich\" href=\"https:\/\/www.abenteuersuechtig.de\/wp-content\/gallery\/westfalenhaus\/DSC1475.jpg\" data-image-id=\"2013\" data-src=\"https:\/\/www.abenteuersuechtig.de\/wp-content\/gallery\/westfalenhaus\/DSC1475.jpg\" data-thumbnail=\"https:\/\/www.abenteuersuechtig.de\/wp-content\/gallery\/westfalenhaus\/thumbs\/thumbs_DSC1475.jpg\" data-title=\"Da unten ist das Westfalenhaus, leider ist die Abfahrt durch die steille S\u00fcdrinne heute nicht m\u00f6glich\" data-description=\"Da unten ist das Westfalenhaus, leider ist die Abfahrt durch die steille Rinne nicht m\u00f6glich\"><img loading=\"lazy\" decoding=\"async\" class=\"ngg-singlepic ngg-none alignleft\" src=\"https:\/\/www.abenteuersuechtig.de\/wp-content\/gallery\/westfalenhaus\/thumbs\/thumbs_DSC1475.jpg\" alt=\"Da unten ist das Westfalenhaus, leider ist die Abfahrt durch die steille S\u00fcdrinne heute nicht m\u00f6glich\" width=\"297\" height=\"188\"><\/a><a class=\"ngg_lightbox\" title=\"Auf gehts, ab gehts - Wu ist wieder happy\" href=\"https:\/\/www.abenteuersuechtig.de\/wp-content\/gallery\/westfalenhaus\/DSC1479.jpg\" data-image-id=\"2014\" data-src=\"https:\/\/www.abenteuersuechtig.de\/wp-content\/gallery\/westfalenhaus\/DSC1479.jpg\" data-thumbnail=\"https:\/\/www.abenteuersuechtig.de\/wp-content\/gallery\/westfalenhaus\/thumbs\/thumbs_DSC1479.jpg\" data-title=\"Auf gehts, ab gehts - Wu ist wieder happy\" data-description=\"Auf gehts, ab gehts - Wu ist wieder happy\"><img loading=\"lazy\" decoding=\"async\" class=\"ngg-singlepic ngg-none alignleft\" src=\"https:\/\/www.abenteuersuechtig.de\/wp-content\/gallery\/westfalenhaus\/thumbs\/thumbs_DSC1479.jpg\" alt=\"Auf gehts, ab gehts - Wu ist wieder happy\" width=\"291\" height=\"188\"><\/a><\/p>\n<div style=\"clear: both;\">&nbsp;<\/div>\n<p>So verlockend die direkte Abfahrt zur H\u00fctte auch gewesen w\u00e4re, mit Freunden Zeit zu verbringen ist noch viel wertvoller und bei der Abfahrt sind dann auch noch tolle Bilder entstanden.<\/p>\n<p><a class=\"ngg_lightbox\" title=\"Flo am cruisen\" href=\"https:\/\/www.abenteuersuechtig.de\/wp-content\/gallery\/westfalenhaus\/DSC09740.jpg\" data-image-id=\"2040\" data-src=\"https:\/\/www.abenteuersuechtig.de\/wp-content\/gallery\/westfalenhaus\/DSC09740.jpg\" data-thumbnail=\"https:\/\/www.abenteuersuechtig.de\/wp-content\/gallery\/westfalenhaus\/thumbs\/thumbs_DSC09740.jpg\" data-title=\"Flo am cruisen\" data-description=\"Flo am cruisen\"><img loading=\"lazy\" decoding=\"async\" class=\"ngg-singlepic ngg-none alignleft\" src=\"https:\/\/www.abenteuersuechtig.de\/wp-content\/gallery\/westfalenhaus\/thumbs\/thumbs_DSC09740.jpg\" alt=\"Flo am cruisen\" width=\"225\" height=\"150\"> <\/a><a class=\"ngg_lightbox\" title=\"Sabrina am cruisen\" href=\"https:\/\/www.abenteuersuechtig.de\/wp-content\/gallery\/westfalenhaus\/20160227_121401.jpg\" data-image-id=\"2030\" data-src=\"https:\/\/www.abenteuersuechtig.de\/wp-content\/gallery\/westfalenhaus\/20160227_121401.jpg\" data-thumbnail=\"https:\/\/www.abenteuersuechtig.de\/wp-content\/gallery\/westfalenhaus\/thumbs\/thumbs_20160227_121401.jpg\" data-title=\"Sabrina am cruisen\" data-description=\"Sabrina am cruisen\"><img loading=\"lazy\" decoding=\"async\" class=\"ngg-singlepic ngg-none alignleft\" src=\"https:\/\/www.abenteuersuechtig.de\/wp-content\/gallery\/westfalenhaus\/thumbs\/thumbs_20160227_121401.jpg\" alt=\"Sabrina am cruisen\" width=\"268\" height=\"150\"> <\/a><a class=\"ngg_lightbox\" title=\"Sabrina am cruisen\" href=\"https:\/\/www.abenteuersuechtig.de\/wp-content\/gallery\/westfalenhaus\/20160227_121404.jpg\" data-image-id=\"2031\" data-src=\"https:\/\/www.abenteuersuechtig.de\/wp-content\/gallery\/westfalenhaus\/20160227_121404.jpg\" data-thumbnail=\"https:\/\/www.abenteuersuechtig.de\/wp-content\/gallery\/westfalenhaus\/thumbs\/thumbs_20160227_121404.jpg\" data-title=\"Sabrina am cruisen\" data-description=\"Sabrina am cruisen\"><img loading=\"lazy\" decoding=\"async\" class=\"ngg-singlepic ngg-none alignleft\" src=\"https:\/\/www.abenteuersuechtig.de\/wp-content\/gallery\/westfalenhaus\/thumbs\/thumbs_20160227_121404.jpg\" alt=\"Sabrina am cruisen\" width=\"237\" height=\"150\"> <\/a><a class=\"ngg_lightbox\" title=\"Erika geniesst den wenigen Powder\" href=\"https:\/\/www.abenteuersuechtig.de\/wp-content\/gallery\/westfalenhaus\/20160227_121417.jpg\" data-image-id=\"2032\" data-src=\"https:\/\/www.abenteuersuechtig.de\/wp-content\/gallery\/westfalenhaus\/20160227_121417.jpg\" data-thumbnail=\"https:\/\/www.abenteuersuechtig.de\/wp-content\/gallery\/westfalenhaus\/thumbs\/thumbs_20160227_121417.jpg\" data-title=\"Erika geniesst den wenigen Powder\" data-description=\"Erika geniesst den wenigen Powder\"><img loading=\"lazy\" decoding=\"async\" class=\"ngg-singlepic ngg-none alignleft\" src=\"https:\/\/www.abenteuersuechtig.de\/wp-content\/gallery\/westfalenhaus\/thumbs\/thumbs_20160227_121417.jpg\" alt=\"Erika geniesst den wenigen Powder\" width=\"313\" height=\"150\"><\/a><\/p>\n<p>Z\u00fcgig ging es ins Tal und im Berggasthaus in L\u00fcsens wurde sich bei einem Skiwasser und einer Apfelschorle entsprechend nochmal f\u00fcr den erneuten Auftstieg gest\u00e4rkt. Wir nahmen kollektiv die Schuld auf uns, auch wenn Wu sich am meisten daf\u00fcr verantwortlich f\u00fchlte. Aber schlie\u00dflich sind wir alle eigenst\u00e4ndig und halbwegs erfahrene Bergsteiger, so dass wir das h\u00e4tten checken m\u00fcssen. Und ein <strong>ganzes Tal<\/strong> werden wir sicher in Zukunft nicht mehr verfehlen.<\/p>\n<p>Ich kam mir etwas vor wie bei t\u00e4glich gr\u00fc\u00dft das Murmeltier. Wir waren nach 5,5 Stunden wieder dort, wo wir bereits am Morgen los gelaufen waren.<br \/>\nDiesmal machten wir es uns etwas leichter und schickten das Gep\u00e4ck mittels Materialseilbahn zur H\u00fctte. Mit gut 10kg weniger auf den Schultern l\u00e4uft es sich dann doch viel leichter und so waren wir nach knapp 2 Stunden mit den letzten Sonnestrahlen und p\u00fcnktlich zum Abendessen auf dem Westfalenhaus. Hier wurden wir dann gleich herzlich von Casi in Empfang genommen, der sich hier bereits zwei Stunden die Zeit vertrieben hatte. Mario sollte dann auch um 20:30 Uhr zu uns sto\u00dfen.<\/p>\n<p><a class=\"ngg_lightbox\" title=\"Sabrina im abendlichen Aufstieg von L\u00fcsens zum Westfalenhaus\" href=\"https:\/\/www.abenteuersuechtig.de\/wp-content\/gallery\/westfalenhaus\/DSC1485.jpg\" data-image-id=\"2015\" data-src=\"https:\/\/www.abenteuersuechtig.de\/wp-content\/gallery\/westfalenhaus\/DSC1485.jpg\" data-thumbnail=\"https:\/\/www.abenteuersuechtig.de\/wp-content\/gallery\/westfalenhaus\/thumbs\/thumbs_DSC1485.jpg\" data-title=\"Sabrina im abendlichen Aufstieg von L\u00fcsens zum Westfalenhaus\" data-description=\"Sabrina im abendlichen Aufstieg von L\u00fcsens zum Westfalenhaus\"><img loading=\"lazy\" decoding=\"async\" class=\"ngg-singlepic ngg-none alignleft\" src=\"https:\/\/www.abenteuersuechtig.de\/wp-content\/gallery\/westfalenhaus\/thumbs\/thumbs_DSC1485.jpg\" alt=\"Sabrina im abendlichen Aufstieg von L\u00fcsens zum Westfalenhaus\" width=\"291\" height=\"194\"> <\/a><a class=\"ngg_lightbox\" title=\"Sabrina im abendlichen Aufstieg von L\u00fcsens zum Westfalenhaus\" href=\"https:\/\/www.abenteuersuechtig.de\/wp-content\/gallery\/westfalenhaus\/DSC1486.jpg\" data-image-id=\"2016\" data-src=\"https:\/\/www.abenteuersuechtig.de\/wp-content\/gallery\/westfalenhaus\/DSC1486.jpg\" data-thumbnail=\"https:\/\/www.abenteuersuechtig.de\/wp-content\/gallery\/westfalenhaus\/thumbs\/thumbs_DSC1486.jpg\" data-title=\"Sabrina im abendlichen Aufstieg von L\u00fcsens zum Westfalenhaus\" data-description=\"Sabrina im abendlichen Aufstieg von L\u00fcsens zum Westfalenhaus\"><img loading=\"lazy\" decoding=\"async\" class=\"ngg-singlepic ngg-none alignleft\" src=\"https:\/\/www.abenteuersuechtig.de\/wp-content\/gallery\/westfalenhaus\/thumbs\/thumbs_DSC1486.jpg\" alt=\"Sabrina im abendlichen Aufstieg von L\u00fcsens zum Westfalenhaus\" width=\"285\" height=\"194\"><\/a><\/p>\n<div style=\"clear: both;\">&nbsp;<\/div>\n<p>Der Abend verlief entsprechend kurzweilig, nachdem wir uns dann doch sehr viel zu erz\u00e4hlen hatten und das Skiwasser in Str\u00f6men lief.<\/p>\n<p>&nbsp;<\/p>\n<h2>Zwei 3000er am Tag machen Muskelkater und Spa\u00df &#8211; L\u00e4ngentaler Wei\u00dfkogel (3218m) und Hoher Seeblaskogel (3235m)<\/h2>\n<p>Das Wetter am Samstag (27.02.) war zwar nicht so gut wie am Freitag, aber der Tag \u00fcberraschte dann doch im positiven Sinne und es war weniger bew\u00f6lkt als erwartet. Der Wind blies zwar teilweise kr\u00e4ftig, dies f\u00fchrte aber auch dazu, dass ab und zu die Sonne durchkommen konnte. Es versprach also ein guter Tourentag zu werden.<\/p>\n<p>Das Fr\u00fchst\u00fcck auf dem Westfalenhaus war absolut reichhaltig und gut. Das Abendessen \u00fcbrigens auch und die K\u00fcche auf dem Westfalenhaus wei\u00df wirklich was gute K\u00fcche hei\u00dft. Dies kombiniert mit dem freundlichen Service, macht die H\u00fctte zu einer der besten auf der ich bisher n\u00e4chtigen durfte.<\/p>\n<p>Es ging also frisch gest\u00e4rkt gegen 8 Uhr erst mal in einer kurzen steinigen und harten Abfahrt den H\u00fcttenhang hinunter zum Talboden, um dann unten aufzufellen und in gleichm\u00e4\u00dfigen Schritten an den Talschluss zu laufen, bevor sich der Weg dann milde mit der einen oder anderen Spitzkehre geschm\u00fcckt, langsam aber stetig gen L\u00e4ngentaler Wei\u00dfkogel (3218m) zog. Nach der ersten Steilstufe gelangt man zur Abzweigung zum Hohen Seeblaskogel, wir blieben aber auf der Spur Richtung L\u00e4ngentaler Wei\u00dfkogel und spurten weiter \u00fcber einige Gletschermor\u00e4nen taleinw\u00e4rts Richtung Gipfel. Mittlerweile war es doch recht windig, aber das hatte den Vorteil, dass auch die Wolken fast weg waren. Die ersten Vorboten des F\u00f6hns k\u00fcndigten sich an und Schneekristalle schnitten uns unangenehm ins Gesicht.<\/p>\n<p>Wir erreichten ein weites Becken zwischen dem Bachfallenkopf und Hinteren Brunnenkogel. Wir konnten seit geraumer Zeit unseren Gipfel sehen und auch, dass dort ungef\u00e4hr 20 andere Skitourengeher in der Engstelle, dem 30Meter steilen Blockgel\u00e4nde unter dem Gipfel, herumspazierten.<\/p>\n<p><a class=\"ngg_lightbox\" title=\"Aufstieg zum L\u00e4ngentaler Wei\u00dfkogel (3218m)\" href=\"https:\/\/www.abenteuersuechtig.de\/wp-content\/gallery\/westfalenhaus\/DSC1490.jpg\" data-image-id=\"2018\" data-src=\"https:\/\/www.abenteuersuechtig.de\/wp-content\/gallery\/westfalenhaus\/DSC1490.jpg\" data-thumbnail=\"https:\/\/www.abenteuersuechtig.de\/wp-content\/gallery\/westfalenhaus\/thumbs\/thumbs_DSC1490.jpg\" data-title=\"Aufstieg zum L\u00e4ngentaler Wei\u00dfkogel (3218m)\" data-description=\"Aufstieg zum L\u00e4ngentaler Wei\u00dfkogel (3218m)\"><img decoding=\"async\" class=\"ngg-singlepic ngg-none\" src=\"https:\/\/www.abenteuersuechtig.de\/wp-content\/gallery\/westfalenhaus\/thumbs\/thumbs_DSC1490.jpg\" alt=\"Aufstieg zum L\u00e4ngentaler Wei\u00dfkogel (3218m)\"><\/a><\/p>\n<p>Es war also keine Eile geboten. Nach einiger Zeit kamen wir ans Skidepot, st\u00e4rkten uns kurz und stiegen dann die letzten Meter zum Gipfel, den wir dann doch alleine genie\u00dfen durften.<\/p>\n<p><a class=\"ngg_lightbox\" title=\"Letzte Meter des L\u00e4ngentaler Wei\u00dfkogels\" href=\"https:\/\/www.abenteuersuechtig.de\/wp-content\/gallery\/westfalenhaus\/mk05489.jpg\" data-image-id=\"2044\" data-src=\"https:\/\/www.abenteuersuechtig.de\/wp-content\/gallery\/westfalenhaus\/mk05489.jpg\" data-thumbnail=\"https:\/\/www.abenteuersuechtig.de\/wp-content\/gallery\/westfalenhaus\/thumbs\/thumbs_mk05489.jpg\" data-title=\"Letzte Meter des L\u00e4ngentaler Wei\u00dfkogels\" data-description=\"Letzte Meter des L\u00e4ngentaler Wei\u00dfkogels\"><img loading=\"lazy\" decoding=\"async\" class=\"ngg-singlepic ngg-none alignright\" src=\"https:\/\/www.abenteuersuechtig.de\/wp-content\/gallery\/westfalenhaus\/thumbs\/thumbs_mk05489.jpg\" alt=\"Letzte Meter des L\u00e4ngentaler Wei\u00dfkogels\" width=\"367\" height=\"207\"> <\/a><a class=\"ngg_lightbox\" title=\"Noch den Gipfelgrat erklimmen und dann sind wir oben\" href=\"https:\/\/www.abenteuersuechtig.de\/wp-content\/gallery\/westfalenhaus\/DSC1497.jpg\" data-image-id=\"2019\" data-src=\"https:\/\/www.abenteuersuechtig.de\/wp-content\/gallery\/westfalenhaus\/DSC1497.jpg\" data-thumbnail=\"https:\/\/www.abenteuersuechtig.de\/wp-content\/gallery\/westfalenhaus\/thumbs\/thumbs_DSC1497.jpg\" data-title=\"Noch den Gipfelgrat erklimmen und dann sind wir oben\" data-description=\"Noch den Gipfelgrat erklimmen und dann sind wir oben\"><img loading=\"lazy\" decoding=\"async\" class=\"ngg-singlepic ngg-none alignright\" src=\"https:\/\/www.abenteuersuechtig.de\/wp-content\/gallery\/westfalenhaus\/thumbs\/thumbs_DSC1497.jpg\" alt=\"Noch den Gipfelgrat erklimmen und dann sind wir oben\" width=\"307\" height=\"207\"><\/a>Windstill, mit Sonne und guter Fernsicht! Was will das Bergsteigerherz mehr. Die auf uns zu rollende F\u00f6hnwalze, welche uns sp\u00e4testens wohl morgen erreichen w\u00fcrde, sahen wir allerdings auch. \ud83d\ude09<\/p>\n<p><a class=\"ngg_lightbox\" title=\"Aussicht vom L\u00e4ngentaler Wei\u00dfkogel, wahnsinns F\u00f6hnwelle im Hintergrund\" href=\"https:\/\/www.abenteuersuechtig.de\/wp-content\/gallery\/westfalenhaus\/DSC1500.jpg\" data-image-id=\"2020\" data-src=\"https:\/\/www.abenteuersuechtig.de\/wp-content\/gallery\/westfalenhaus\/DSC1500.jpg\" data-thumbnail=\"https:\/\/www.abenteuersuechtig.de\/wp-content\/gallery\/westfalenhaus\/thumbs\/thumbs_DSC1500.jpg\" data-title=\"Aussicht vom L\u00e4ngentaler Wei\u00dfkogel, wahnsinns F\u00f6hnwelle im Hintergrund\" data-description=\"Aussicht vom L\u00e4ngentaler Wei\u00dfkogel, wahnsinns F\u00f6hnwelle im Hintergrund\"><img loading=\"lazy\" decoding=\"async\" class=\"ngg-singlepic ngg-none alignleft\" src=\"https:\/\/www.abenteuersuechtig.de\/wp-content\/gallery\/westfalenhaus\/thumbs\/thumbs_DSC1500.jpg\" alt=\"Aussicht vom L\u00e4ngentaler Wei\u00dfkogel, wahnsinns F\u00f6hnwelle im Hintergrund\" width=\"293\" height=\"198\"> <\/a><a class=\"ngg_lightbox\" title=\"Der h\u00f6chste ganz hinten links unser n\u00e4chstes Ziel, der Seeblaskogel (3235m)\" href=\"https:\/\/www.abenteuersuechtig.de\/wp-content\/gallery\/westfalenhaus\/DSC1501.jpg\" data-image-id=\"2021\" data-src=\"https:\/\/www.abenteuersuechtig.de\/wp-content\/gallery\/westfalenhaus\/DSC1501.jpg\" data-thumbnail=\"https:\/\/www.abenteuersuechtig.de\/wp-content\/gallery\/westfalenhaus\/thumbs\/thumbs_DSC1501.jpg\" data-title=\"Der h\u00f6chste ganz hinten links unser n\u00e4chstes Ziel, der Seeblaskogel (3235m)\" data-description=\"Der h\u00f6chste ganz hinten links unser n\u00e4chstes Ziel, der Seeblaskogel (3235m)\"><img loading=\"lazy\" decoding=\"async\" class=\"ngg-singlepic ngg-none alignleft\" src=\"https:\/\/www.abenteuersuechtig.de\/wp-content\/gallery\/westfalenhaus\/thumbs\/thumbs_DSC1501.jpg\" alt=\"Der h\u00f6chste ganz hinten links unser n\u00e4chstes Ziel, der Seeblaskogel (3235m)\" width=\"293\" height=\"198\"> <\/a><\/p>\n<div style=\"clear: both;\">&nbsp;<\/div>\n<p>Die Abfahrt war in vielen Teilen reines Vergn\u00fcgen, auf den breiten H\u00e4ngen fanden wir doch den ein oder anderen unverspurten Powder und Erika schoss mal wieder grandiose Fotos.<br \/>\nEtwas oberhalb der Abzweigung zum Hohen Seeblaskogel versammelten wir uns wieder. Mir schwante ja schon \u00fcbles. Bereits gut 1100 H\u00f6henmeter standen auf der Uhr und mindestens noch 100hm ging es vom Talboden zur H\u00fctte hoch.<br \/>\nEigentlich mit den 2150hm vom Vortag absolut ausreichend f\u00fcr ein Wochenende und wenn morgen noch bisschen was gehen soll&#8230; abeeeeerrrrr das Wetter ist doch so toll und laut Wu sind es auch nur &#8222;600hm&#8220; zum Gipfel des Hohen Seeblaskogels. Ich lies mich mal wieder anschwindeln, obwohl ich genau wusste, dass es mehr H\u00f6henmeter sind. Nachdem sich Erika auch noch &#8222;\u00fcberreden&#8220; lie\u00df und Casi versprach mit mir langsam zu gehen, dachte ich mir umkehren kannst immer noch, wenn es \u00fcberhaupt nimmer geht. \ud83d\ude09<\/p>\n<p>Wir legten also ein kleines Materialdepot an, schlie\u00dflich brauchten wir unsere Klettergurte und das Seil dort oben sicher nicht, und spurten dann langsam den ersten Steilhang (Nordosthang) hoch. Casi unterhielt mich pr\u00e4chtig und passte sich brav meinem Falchlandtiroler-Schneckentempo an. Es war ja gerade mal die dritte Skitour f\u00fcr mich in dieser Saison und ich war aufgrund vieler anderer Dinge in meinem bergsteigerfernen Leben im Moment nicht ganz so fit.<br \/>\nWir lagen gut in der Zeit und langsam aber stetig mit einigen kurzen Trinkpausen und zwei Riegeln ging es gen Hoher Seeblaskogel. Die starken Windb\u00f6en machten uns ab und zu recht zu schaffen und man musste doch \u00f6fter stehenbleiben, um nicht den Halt zu verlieren.<\/p>\n<p><a class=\"ngg_lightbox\" title=\"Expeditionsfeeling beim Aufstieg zum Seeblaskogel\" href=\"https:\/\/www.abenteuersuechtig.de\/wp-content\/gallery\/westfalenhaus\/DSC09807.jpg\" data-image-id=\"2037\" data-src=\"https:\/\/www.abenteuersuechtig.de\/wp-content\/gallery\/westfalenhaus\/DSC09807.jpg\" data-thumbnail=\"https:\/\/www.abenteuersuechtig.de\/wp-content\/gallery\/westfalenhaus\/thumbs\/thumbs_DSC09807.jpg\" data-title=\"Expeditionsfeeling beim Aufstieg zum Seeblaskogel\" data-description=\"Expeditionsfeeling beim Aufstieg zum Seeblaskogel\"><img loading=\"lazy\" decoding=\"async\" class=\"ngg-singlepic ngg-none alignleft\" src=\"https:\/\/www.abenteuersuechtig.de\/wp-content\/gallery\/westfalenhaus\/thumbs\/thumbs_DSC09807.jpg\" alt=\"Expeditionsfeeling beim Aufstieg zum Seeblaskogel\" width=\"303\" height=\"202\">&nbsp;<\/a><a class=\"ngg_lightbox\" title=\"Casi im aufstieg zum Seeblaskogel\" href=\"https:\/\/www.abenteuersuechtig.de\/wp-content\/gallery\/westfalenhaus\/20160227_142710.jpg\" data-image-id=\"2033\" data-src=\"https:\/\/www.abenteuersuechtig.de\/wp-content\/gallery\/westfalenhaus\/20160227_142710.jpg\" data-thumbnail=\"https:\/\/www.abenteuersuechtig.de\/wp-content\/gallery\/westfalenhaus\/thumbs\/thumbs_20160227_142710.jpg\" data-title=\"Casi im aufstieg zum Seeblaskogel\" data-description=\"Casi im aufstieg zum Seeblaskogel\"><img loading=\"lazy\" decoding=\"async\" class=\"ngg-singlepic ngg-none alignleft\" src=\"https:\/\/www.abenteuersuechtig.de\/wp-content\/gallery\/westfalenhaus\/thumbs\/thumbs_20160227_142710.jpg\" alt=\"Casi im aufstieg zum Seeblaskogel\" width=\"294\" height=\"202\"><\/a><\/p>\n<div style=\"clear: both;\">&nbsp;<\/div>\n<p>Ich dachte nicht mehr viel nach und folgte nur noch den von Triebschnee verwehten Spuren und irgendwie stand dann nach geraumer Zeit auch der Gipfelhang vor mir.<\/p>\n<p><a class=\"ngg_lightbox\" title=\"Hier kamen wir hoch und hier gehts wieder runter; in Bildmitte unser Ziel vom Morgen\" href=\"https:\/\/www.abenteuersuechtig.de\/wp-content\/gallery\/westfalenhaus\/DSC1515.jpg\" data-image-id=\"2024\" data-src=\"https:\/\/www.abenteuersuechtig.de\/wp-content\/gallery\/westfalenhaus\/DSC1515.jpg\" data-thumbnail=\"https:\/\/www.abenteuersuechtig.de\/wp-content\/gallery\/westfalenhaus\/thumbs\/thumbs_DSC1515.jpg\" data-title=\"Hier kamen wir hoch und hier gehts wieder runter; in Bildmitte unser Ziel vom Morgen\" data-description=\"Hier kamen wir hoch und hier gehts wieder runter; in Bildmitte unser Ziel vom Morgen\"><img decoding=\"async\" class=\"ngg-singlepic ngg-none\" src=\"https:\/\/www.abenteuersuechtig.de\/wp-content\/gallery\/westfalenhaus\/thumbs\/thumbs_DSC1515.jpg\" alt=\"Hier kamen wir hoch und hier gehts wieder runter; in Bildmitte unser Ziel vom Morgen\"><\/a><\/p>\n<p>Am Skidepot angekommen wurde noch kurz gegessen und getrunken, um dann gekr\u00e4ftigt den restlichen Hang hochzustapfen.<\/p>\n<p><a class=\"ngg_lightbox\" title=\"Gipfelaufstieg Seeblaskogel\" href=\"https:\/\/www.abenteuersuechtig.de\/wp-content\/gallery\/westfalenhaus\/mk05508.jpg\" data-image-id=\"2046\" data-src=\"https:\/\/www.abenteuersuechtig.de\/wp-content\/gallery\/westfalenhaus\/mk05508.jpg\" data-thumbnail=\"https:\/\/www.abenteuersuechtig.de\/wp-content\/gallery\/westfalenhaus\/thumbs\/thumbs_mk05508.jpg\" data-title=\"Gipfelaufstieg Seeblaskogel\" data-description=\"Gipfelaufstieg Seeblaskogel\"><img decoding=\"async\" class=\"ngg-singlepic ngg-none\" src=\"https:\/\/www.abenteuersuechtig.de\/wp-content\/gallery\/westfalenhaus\/thumbs\/thumbs_mk05508.jpg\" alt=\"Gipfelaufstieg Seeblaskogel\"> <\/a><\/p>\n<p>Der Hohe Seeblaskogel ist wirklich ein wunderbarer Gipfel und wahrscheinlich der markanteste des Tourengebiets.<\/p>\n<p><a class=\"ngg_lightbox\" title=\"Wu am Seeblaskogel\" href=\"https:\/\/www.abenteuersuechtig.de\/wp-content\/gallery\/westfalenhaus\/DSC1507.jpg\" data-image-id=\"2022\" data-src=\"https:\/\/www.abenteuersuechtig.de\/wp-content\/gallery\/westfalenhaus\/DSC1507.jpg\" data-thumbnail=\"https:\/\/www.abenteuersuechtig.de\/wp-content\/gallery\/westfalenhaus\/thumbs\/thumbs_DSC1507.jpg\" data-title=\"Wu am Seeblaskogel\" data-description=\"Wu am Seeblaskogel\"><img decoding=\"async\" class=\"ngg-singlepic ngg-none\" src=\"https:\/\/www.abenteuersuechtig.de\/wp-content\/gallery\/westfalenhaus\/thumbs\/thumbs_DSC1507.jpg\" alt=\"Wu am Seeblaskogel\"> <\/a><a class=\"ngg_lightbox\" title=\"Erika, unsere Profifotografin\" href=\"https:\/\/www.abenteuersuechtig.de\/wp-content\/gallery\/westfalenhaus\/DSC1510.jpg\" data-image-id=\"2023\" data-src=\"https:\/\/www.abenteuersuechtig.de\/wp-content\/gallery\/westfalenhaus\/DSC1510.jpg\" data-thumbnail=\"https:\/\/www.abenteuersuechtig.de\/wp-content\/gallery\/westfalenhaus\/thumbs\/thumbs_DSC1510.jpg\" data-title=\"Erika, unsere Profifotografin\" data-description=\"Erika, unsere Profifotografin\"><img decoding=\"async\" class=\"ngg-singlepic ngg-none\" src=\"https:\/\/www.abenteuersuechtig.de\/wp-content\/gallery\/westfalenhaus\/thumbs\/thumbs_DSC1510.jpg\" alt=\"Erika, unsere Profifotografin\"><\/a><br \/>\nDa war er nun unser zweiter 3000er des Tages. Wieder alleine, wieder mit Sonne und genialer Fernsicht und wieder mit tollen Bergkameraden an der Seite.<\/p>\n<p><a class=\"ngg_lightbox\" title=\"Blogger unter sich am Seeblaskogel\" href=\"https:\/\/www.abenteuersuechtig.de\/wp-content\/gallery\/westfalenhaus\/DSC09665.jpg\" data-image-id=\"2034\" data-src=\"https:\/\/www.abenteuersuechtig.de\/wp-content\/gallery\/westfalenhaus\/DSC09665.jpg\" data-thumbnail=\"https:\/\/www.abenteuersuechtig.de\/wp-content\/gallery\/westfalenhaus\/thumbs\/thumbs_DSC09665.jpg\" data-title=\"Blogger unter sich am Seeblaskogel\" data-description=\"Blogger unter sich am Seeblaskogel\"><img decoding=\"async\" class=\"ngg-singlepic ngg-none\" src=\"https:\/\/www.abenteuersuechtig.de\/wp-content\/gallery\/westfalenhaus\/thumbs\/thumbs_DSC09665.jpg\" alt=\"Blogger unter sich am Seeblaskogel\"><\/a><\/p>\n<p>Mein Herz leuchtete und ich freute mich innerlich trotz meiner M\u00fcdigkeit auf die Abfahrt. Schlie\u00dflich laufe ich ja auf Berge, um wieder runter fahren zu k\u00f6nnen. \ud83d\ude42 Die Abfahrt beinhaltete fast das komplette Skitourenreportoir. Pulver, Eis, Triebschnee, Firn&#8230;. aber sie machte trotzdem mega Spa\u00df, auch wenn meine Oberschenkel echt brannten und ich nach einigen Schw\u00fcngen immer wieder kurz anhalten musste.<\/p>\n<p>Viel zu schnell erreichten wir unser Materialdepot und skateten dann talausw\u00e4rts Richtung Westfalenhaus. Durch eine geschickte Hangquerung, welche Wu perfekt spurte, sparten wir uns schlie\u00dflich rund 50hm und erreichten nach gut 8 Stunden erneut die H\u00fctte. Mal wieder standen rund 2150hm auf der Uhr.<\/p>\n<p>Nach diesen zwei Tagen waren wir dann doch alle etwas m\u00fcde, aber gl\u00fccklich und freuten uns wahnsinnig auf das gute Abendessen.<\/p>\n<p><a class=\"ngg_lightbox\" title=\"Gl\u00fccklich und etwas m\u00fcde sind die Blogger nach 4300hm in zwei Tagen\" href=\"https:\/\/www.abenteuersuechtig.de\/wp-content\/gallery\/westfalenhaus\/DSC09852.jpg\" data-image-id=\"2039\" data-src=\"https:\/\/www.abenteuersuechtig.de\/wp-content\/gallery\/westfalenhaus\/DSC09852.jpg\" data-thumbnail=\"https:\/\/www.abenteuersuechtig.de\/wp-content\/gallery\/westfalenhaus\/thumbs\/thumbs_DSC09852.jpg\" data-title=\"Gl\u00fccklich und etwas m\u00fcde sind die Blogger nach 4300hm in zwei Tagen\" data-description=\"Gl\u00fccklich und etwas m\u00fcde sind die Blogger nach 4300hm in zwei Tagen\"><img decoding=\"async\" class=\"ngg-singlepic ngg-none\" src=\"https:\/\/www.abenteuersuechtig.de\/wp-content\/gallery\/westfalenhaus\/thumbs\/thumbs_DSC09852.jpg\" alt=\"Gl\u00fccklich und etwas m\u00fcde sind die Blogger nach 4300hm in zwei Tagen\"><\/a><\/p>\n<p>Etwas stolz war ich dann schon, dass ich trotz nur einer Skitour in dieser Saison unakklimatisiert die 4300hm in den zwei Tagen mit teils schwerem Rucksack gut gepackt hatte und offensichtlich meine Form doch noch halbwegs in Ordnung war. Mal sehen, wie es bei den n\u00e4chsten Fr\u00fchjahrestouren jenseits der 4000m aussieht&#8230;<\/p>\n<p>Die Tourennachbesprechung war eine Mischung aus Geschichtenerz\u00e4hlen, Lachflashes, Comedy und das alles in Skiunterw\u00e4sche in den Betten. Ja ihr d\u00fcrft Kopfkino haben. \ud83d\ude09<\/p>\n<p>Der Hunger und Durst plagte uns&nbsp; irgendwann dann doch in die Gaststube. Die Suppe wurde netterweise auch etwas vor dem Abendessen serviert und mal wieder fiel auf, der Service auf dem Westfalenhaus ist einfach einmalig gut!<\/p>\n<p>Der Abend klang dann wie gewohnt mit lustigen Berggeschichten, den n\u00e4chsten Pl\u00e4nen f\u00fcr Bergtouren und der Tourenplanung f\u00fcr den kommenden Tag aus, welchen wir planten &#8211; aufgrund der f\u00f6hnigen Wetterprognose -dann eher weniger zu planen und doch mehr auf uns zukommen zu lassen.<\/p>\n<p><a class=\"ngg_lightbox\" title=\"Abendstimmung am Westfalenhaus\" href=\"https:\/\/www.abenteuersuechtig.de\/wp-content\/gallery\/westfalenhaus\/DSC1516.jpg\" data-image-id=\"2025\" data-src=\"https:\/\/www.abenteuersuechtig.de\/wp-content\/gallery\/westfalenhaus\/DSC1516.jpg\" data-thumbnail=\"https:\/\/www.abenteuersuechtig.de\/wp-content\/gallery\/westfalenhaus\/thumbs\/thumbs_DSC1516.jpg\" data-title=\"Abendstimmung am Westfalenhaus\" data-description=\"Abendstimmung am Westfalenhaus\"><img loading=\"lazy\" decoding=\"async\" class=\"ngg-singlepic ngg-none alignleft\" src=\"https:\/\/www.abenteuersuechtig.de\/wp-content\/gallery\/westfalenhaus\/thumbs\/thumbs_DSC1516.jpg\" alt=\"Abendstimmung am Westfalenhaus\" width=\"304\" height=\"206\"> <\/a><a class=\"ngg_lightbox\" title=\"Casi, der Philosoph\" href=\"https:\/\/www.abenteuersuechtig.de\/wp-content\/gallery\/westfalenhaus\/DSC1520.jpg\" data-image-id=\"2026\" data-src=\"https:\/\/www.abenteuersuechtig.de\/wp-content\/gallery\/westfalenhaus\/DSC1520.jpg\" data-thumbnail=\"https:\/\/www.abenteuersuechtig.de\/wp-content\/gallery\/westfalenhaus\/thumbs\/thumbs_DSC1520.jpg\" data-title=\"Casi, der Philosoph\" data-description=\"Casi, der Philosoph\"><img loading=\"lazy\" decoding=\"async\" class=\"ngg-singlepic ngg-none alignleft\" src=\"https:\/\/www.abenteuersuechtig.de\/wp-content\/gallery\/westfalenhaus\/thumbs\/thumbs_DSC1520.jpg\" alt=\"Casi, der Philosoph\" width=\"304\" height=\"206\"><\/a><\/p>\n<div style=\"clear: both;\">&nbsp;<\/div>\n<h2>F\u00f6hn gut f\u00fcr die Frisur, schlecht f\u00fcr ne Tour<\/h2>\n<p>Jaja der Wind mal wieder oder besser der S\u00fcdf\u00f6hn, welcher bereits in der Nacht zu Sonntag (28.02.) ordentlich an der H\u00fctte r\u00fcttelte, prasselte uns f\u00f6rmlich am n\u00e4chsten Tag bei dem Blick aus der H\u00fctte ins Gesicht. Uns war klar, dass die eventuell angedachte Tour auf den Winnebacher Wei\u00dfkogel zwar machbar, aber dann doch eher erzwungen w\u00e4re und definitiv bei B\u00f6en von 40-50 km\/h auch nicht gerade spa\u00dfig. Dazu eine dichte Schleierbew\u00f6lkung, die jegliches vorhandene Licht noch diffuser gestaltete. Jeder Skifahrer, der bei solchem Licht mal abgefahren ist, wei\u00df wie wenig Spa\u00df das dann doch macht.<br \/>\nWir drehten uns also nochmal in den Betten um, fr\u00fchst\u00fcckten in aller Ruhe, packten und tranken noch einen Kaffee bevor wir mit unserem Gep\u00e4ck die letzten H\u00f6henmeter f\u00fcr dieses Wochenende talw\u00e4rts gen L\u00fcsens abfuhren. Die Abfahrt parallel des Baches und durch dichte W\u00e4lder mit gefrorenen Schneehaufen, gestaltete sich dann nicht gerade als Juwel und war doch eher &#8222;ne gscheite Rutscherei&#8220;. Schnell waren wir wieder im Talboden und die letzten Meter nach L\u00fcsens geskatet.<\/p>\n<p><a class=\"ngg_lightbox\" title=\"Abfahrt vom Westfalenhaus - kein Juwel\" href=\"https:\/\/www.abenteuersuechtig.de\/wp-content\/gallery\/westfalenhaus\/mk05525.jpg\" data-image-id=\"2047\" data-src=\"https:\/\/www.abenteuersuechtig.de\/wp-content\/gallery\/westfalenhaus\/mk05525.jpg\" data-thumbnail=\"https:\/\/www.abenteuersuechtig.de\/wp-content\/gallery\/westfalenhaus\/thumbs\/thumbs_mk05525.jpg\" data-title=\"Abfahrt vom Westfalenhaus - kein Juwel\" data-description=\"Abfahrt vom Westfalenhaus - kein Juwel\"><img decoding=\"async\" class=\"ngg-singlepic ngg-none\" src=\"https:\/\/www.abenteuersuechtig.de\/wp-content\/gallery\/westfalenhaus\/thumbs\/thumbs_mk05525.jpg\" alt=\"Abfahrt vom Westfalenhaus - kein Juwel\"><\/a><br \/>\nTrennen wollten wir uns nicht so schnell und daher ging es mal wieder auf ein Hei\u00dfgetr\u00e4nk in den Berggasthof in L\u00fcsens. Viel zu schnell war dann aber auch das vorbei&nbsp; und wir sa\u00dfen wieder in den Autos mit Richtung &#8222;Heimat&#8220;.<\/p>\n<p>Als Fazit bleibt festzustellen, dass&nbsp;Skitouren im Sellraintal herrliche Fr\u00fchjahresskitouren versprechen, das Westfalenhaus wahrlich ein lohnenswert herzlicher St\u00fctzpunkt daf\u00fcr ist und die umliegende Bergwelt einfach gigantisch sch\u00f6n. Vielmehr bleibt aber das Wochenende noch auf Ewigkeit in Erinnerung, weil sich nicht mehr Blogger, sondern Freunde trafen. Weil man sich nicht mehr haupts\u00e4chlich \u00fcber Social Media Reichweiten, sondern auch viel mehr \u00fcber Werte von Freundschaften und Partnerschaften unterhielt. Weil man Produkttests sowie Sponsoren andiskutiert, dann aber doch schnell bei dem Leben des anderen landet und viel lieber sich gegenseitig hier\u00fcber austauscht. Weil man sich eben nicht mehr durch das Internet verbunden f\u00fchlt, sondern vielmehr durch gemeinsame Erlebnisse, geteilte Gef\u00fchle und unendliche Lachflashes. Ich glaube das war dann auch f\u00fcr uns alle die wohl wertvollste Erkenntnis dieses Wochenendes und ich glaube, ich spreche f\u00fcr alle, wenn ich sage:<\/p>\n<p>&#8222;Lachen ist nicht der schlechteste Anfang einer Freundschaft und bei weitem das beste Ende.&#8220; [Oscar Wilde]<\/p>\n<p><a href=\"http:\/\/ulligunde.com\/2016\/03\/alpin-bloggertreffen-2016\/\">Hier<\/a> findet ihr Erikas Bericht und <a href=\"http:\/\/www.wusaonthemountain.at\/skitouren-schontalspitze-3008\/\">hier<\/a> den Bericht der WuSas.<\/p>\n<p>&nbsp;<\/p>\n<p><a class=\"ngg_lightbox\" title=\"Geschafft ham mers!\" href=\"https:\/\/www.abenteuersuechtig.de\/wp-content\/gallery\/westfalenhaus\/DSC09837.jpg\" data-image-id=\"2038\" data-src=\"https:\/\/www.abenteuersuechtig.de\/wp-content\/gallery\/westfalenhaus\/DSC09837.jpg\" data-thumbnail=\"https:\/\/www.abenteuersuechtig.de\/wp-content\/gallery\/westfalenhaus\/thumbs\/thumbs_DSC09837.jpg\" data-title=\"Geschafft ham mers!\" data-description=\"Geschafft ham mers!\"><img decoding=\"async\" class=\"ngg-singlepic ngg-none alignleft\" src=\"https:\/\/www.abenteuersuechtig.de\/wp-content\/gallery\/westfalenhaus\/thumbs\/thumbs_DSC09837.jpg\" alt=\"Geschafft ham mers!\"> <\/a><a class=\"ngg_lightbox\" title=\"Flo am Gipfel der Sch\u00f6ntalspitze\" href=\"https:\/\/www.abenteuersuechtig.de\/wp-content\/gallery\/westfalenhaus\/20160226_143516.jpg\" data-image-id=\"2029\" data-src=\"https:\/\/www.abenteuersuechtig.de\/wp-content\/gallery\/westfalenhaus\/20160226_143516.jpg\" data-thumbnail=\"https:\/\/www.abenteuersuechtig.de\/wp-content\/gallery\/westfalenhaus\/thumbs\/thumbs_20160226_143516.jpg\" data-title=\"Flo am Gipfel der Sch\u00f6ntalspitze\" data-description=\"Flo am Gipfel der Sch\u00f6ntalspitze\"><img decoding=\"async\" class=\"ngg-singlepic ngg-none alignleft\" src=\"https:\/\/www.abenteuersuechtig.de\/wp-content\/gallery\/westfalenhaus\/thumbs\/thumbs_20160226_143516.jpg\" alt=\"Flo am Gipfel der Sch\u00f6ntalspitze\"><\/a><a class=\"ngg_lightbox\" title=\"Powder-Flo\" href=\"https:\/\/www.abenteuersuechtig.de\/wp-content\/gallery\/westfalenhaus\/DSC09571.jpg\" data-image-id=\"2036\" data-src=\"https:\/\/www.abenteuersuechtig.de\/wp-content\/gallery\/westfalenhaus\/DSC09571.jpg\" data-thumbnail=\"https:\/\/www.abenteuersuechtig.de\/wp-content\/gallery\/westfalenhaus\/thumbs\/thumbs_DSC09571.jpg\" data-title=\"Powder-Flo\" data-description=\"Powder-Flo\"><img loading=\"lazy\" decoding=\"async\" class=\"ngg-singlepic ngg-none alignleft\" src=\"https:\/\/www.abenteuersuechtig.de\/wp-content\/gallery\/westfalenhaus\/thumbs\/thumbs_DSC09571.jpg\" alt=\"Powder-Flo\" width=\"297\" height=\"198\"> <\/a><\/p>\n<div style=\"clear: both;\">&nbsp;<a class=\"ngg_lightbox\" title=\"Bergpanorama\" href=\"https:\/\/www.abenteuersuechtig.de\/wp-content\/uploads\/2016\/03\/20160227_151132.jpg\"><img loading=\"lazy\" decoding=\"async\" class=\"ngg-singlepic ngg-none alignleft wp-image-7168\" src=\"https:\/\/www.abenteuersuechtig.de\/wp-content\/uploads\/2016\/03\/20160227_151132-300x29.jpg\" alt=\"20160227_151132\" width=\"600\" height=\"58\" srcset=\"https:\/\/www.abenteuersuechtig.de\/wp-content\/uploads\/2016\/03\/20160227_151132-300x29.jpg 300w, https:\/\/www.abenteuersuechtig.de\/wp-content\/uploads\/2016\/03\/20160227_151132-768x75.jpg 768w, https:\/\/www.abenteuersuechtig.de\/wp-content\/uploads\/2016\/03\/20160227_151132-1024x100.jpg 1024w, https:\/\/www.abenteuersuechtig.de\/wp-content\/uploads\/2016\/03\/20160227_151132-260x25.jpg 260w, https:\/\/www.abenteuersuechtig.de\/wp-content\/uploads\/2016\/03\/20160227_151132-50x5.jpg 50w, https:\/\/www.abenteuersuechtig.de\/wp-content\/uploads\/2016\/03\/20160227_151132-150x15.jpg 150w, https:\/\/www.abenteuersuechtig.de\/wp-content\/uploads\/2016\/03\/20160227_151132.jpg 1600w\" sizes=\"auto, (max-width:767px) 480px, 600px\" \/><\/a><\/div>\n","protected":false},"excerpt":{"rendered":"<p><span class=\"excerpt-hellip\"> [\u2026]<\/span><\/p>\n","protected":false},"author":3,"featured_media":7162,"comment_status":"open","ping_status":"open","sticky":false,"template":"","format":"standard","meta":{"ngg_post_thumbnail":0,"jetpack_post_was_ever_published":false,"_jetpack_newsletter_access":"","_jetpack_dont_email_post_to_subs":false,"_jetpack_newsletter_tier_id":0,"_jetpack_memberships_contains_paywalled_content":false,"_jetpack_memberships_contains_paid_content":false,"footnotes":""},"categories":[6,268],"tags":[439,399,437,834,441,833,832,831,829,438,830,440],"class_list":["post-7119","post","type-post","status-publish","format-standard","has-post-thumbnail","hentry","category-berge","category-skitouren","tag-alpin-blog-com","tag-blogger","tag-bloggerrelation","tag-freundschaft","tag-hochtourist-at","tag-hoher-seeblaskogel","tag-laengentaler-weisskogel","tag-schoentalspitze","tag-sellraintal","tag-ulligunde-com","tag-westfalenhaus","tag-wusaonthemountain-at"],"jetpack_featured_media_url":"https:\/\/www.abenteuersuechtig.de\/wp-content\/uploads\/ngg_featured\/DSC09665.jpg","jetpack_shortlink":"https:\/\/wp.me\/p6K39A-1QP","jetpack_sharing_enabled":true,"_links":{"self":[{"href":"https:\/\/www.abenteuersuechtig.de\/index.php\/wp-json\/wp\/v2\/posts\/7119","targetHints":{"allow":["GET"]}}],"collection":[{"href":"https:\/\/www.abenteuersuechtig.de\/index.php\/wp-json\/wp\/v2\/posts"}],"about":[{"href":"https:\/\/www.abenteuersuechtig.de\/index.php\/wp-json\/wp\/v2\/types\/post"}],"author":[{"embeddable":true,"href":"https:\/\/www.abenteuersuechtig.de\/index.php\/wp-json\/wp\/v2\/users\/3"}],"replies":[{"embeddable":true,"href":"https:\/\/www.abenteuersuechtig.de\/index.php\/wp-json\/wp\/v2\/comments?post=7119"}],"version-history":[{"count":37,"href":"https:\/\/www.abenteuersuechtig.de\/index.php\/wp-json\/wp\/v2\/posts\/7119\/revisions"}],"predecessor-version":[{"id":9349,"href":"https:\/\/www.abenteuersuechtig.de\/index.php\/wp-json\/wp\/v2\/posts\/7119\/revisions\/9349"}],"wp:featuredmedia":[{"embeddable":true,"href":"https:\/\/www.abenteuersuechtig.de\/index.php\/wp-json\/wp\/v2\/media\/7162"}],"wp:attachment":[{"href":"https:\/\/www.abenteuersuechtig.de\/index.php\/wp-json\/wp\/v2\/media?parent=7119"}],"wp:term":[{"taxonomy":"category","embeddable":true,"href":"https:\/\/www.abenteuersuechtig.de\/index.php\/wp-json\/wp\/v2\/categories?post=7119"},{"taxonomy":"post_tag","embeddable":true,"href":"https:\/\/www.abenteuersuechtig.de\/index.php\/wp-json\/wp\/v2\/tags?post=7119"}],"curies":[{"name":"wp","href":"https:\/\/api.w.org\/{rel}","templated":true}]}}